{"id":177615,"date":"2024-08-01T22:06:59","date_gmt":"2024-08-02T01:06:59","guid":{"rendered":"https:\/\/www.hoymercedes.com.ar\/principal\/?p=177615"},"modified":"2024-08-01T22:07:00","modified_gmt":"2024-08-02T01:07:00","slug":"mancini-recibio-en-su-despacho-a-alumnos-y-alumnas-del-cept-4","status":"publish","type":"post","link":"https:\/\/www.hoymercedes.com.ar\/principal\/2024\/08\/01\/mancini-recibio-en-su-despacho-a-alumnos-y-alumnas-del-cept-4\/","title":{"rendered":"Mancini recibi\u00f3 en su despacho a alumnos y alumnas del CEPT 4"},"content":{"rendered":"\n<figure class=\"wp-block-image size-large\"><img loading=\"lazy\" decoding=\"async\" width=\"1024\" height=\"769\" data-attachment-id=\"177616\" data-permalink=\"https:\/\/www.hoymercedes.com.ar\/principal\/2024\/08\/01\/mancini-recibio-en-su-despacho-a-alumnos-y-alumnas-del-cept-4\/mancini-suipacha-2-2\/#main\" data-orig-file=\"https:\/\/www.hoymercedes.com.ar\/principal\/wp-content\/uploads\/2024\/08\/Mancini-Suipacha.2.jpg\" data-orig-size=\"1600,1201\" data-comments-opened=\"0\" data-image-meta=\"{&quot;aperture&quot;:&quot;0&quot;,&quot;credit&quot;:&quot;&quot;,&quot;camera&quot;:&quot;&quot;,&quot;caption&quot;:&quot;&quot;,&quot;created_timestamp&quot;:&quot;0&quot;,&quot;copyright&quot;:&quot;&quot;,&quot;focal_length&quot;:&quot;0&quot;,&quot;iso&quot;:&quot;0&quot;,&quot;shutter_speed&quot;:&quot;0&quot;,&quot;title&quot;:&quot;&quot;,&quot;orientation&quot;:&quot;0&quot;}\" data-image-title=\"Mancini-Suipacha.2\" data-image-description=\"&lt;p&gt;Mancini recibi\u00f3 en su despacho a alumnos y alumnas del CEPT 4&lt;\/p&gt;\n\" data-image-caption=\"&lt;p&gt;Mancini recibi\u00f3 en su despacho a alumnos y alumnas del CEPT 4&lt;\/p&gt;\n\" data-large-file=\"https:\/\/www.hoymercedes.com.ar\/principal\/wp-content\/uploads\/2024\/08\/Mancini-Suipacha.2-1024x769.jpg\" src=\"https:\/\/www.hoymercedes.com.ar\/principal\/wp-content\/uploads\/2024\/08\/Mancini-Suipacha.2-1024x769.jpg\" alt=\"\" class=\"wp-image-177616\" srcset=\"https:\/\/www.hoymercedes.com.ar\/principal\/wp-content\/uploads\/2024\/08\/Mancini-Suipacha.2-1024x769.jpg 1024w, https:\/\/www.hoymercedes.com.ar\/principal\/wp-content\/uploads\/2024\/08\/Mancini-Suipacha.2-630x473.jpg 630w, https:\/\/www.hoymercedes.com.ar\/principal\/wp-content\/uploads\/2024\/08\/Mancini-Suipacha.2-150x113.jpg 150w, https:\/\/www.hoymercedes.com.ar\/principal\/wp-content\/uploads\/2024\/08\/Mancini-Suipacha.2-1536x1153.jpg 1536w, https:\/\/www.hoymercedes.com.ar\/principal\/wp-content\/uploads\/2024\/08\/Mancini-Suipacha.2.jpg 1600w\" sizes=\"auto, (max-width: 1024px) 100vw, 1024px\" \/><\/figure>\n\n\n\n<p>Alumnos y alumnas del CEPT 4 que viven en Suipacha desayunaron este jueves con el intendente y charlaron sobre varias cuestiones y plantearon actividades para realizar a futuro.<br><br>El intendente de Suipacha recibi\u00f3 en su despacho a alumnos y alumnas del Centro Educativo para la Producci\u00f3n Total N 4. Morena Pereir\u00f3, Bautista Gamba, Tom\u00e1s y Pedro Barton y Leonel Zurita estuvieron acompa\u00f1ados de los profesores Mariano P\u00e9rez y Mart\u00edn Moreno.<br><br>Son alumnos que cursan en la escuela agraria de alternancia y que viven en Suipacha. Desayunaron y charlaron de manera distendida sobre ideas que ten\u00edan para llevar adelante que beneficien a los j\u00f3venes rurales.<br><br>En primera instancia agradecieron al intendente por el servicio de transporte que desde este a\u00f1o lleva a los alumnos y alumnas hasta el CEPT los d\u00edas lunes por la ma\u00f1ana y los retira los viernes. Adem\u00e1s, plantearon la necesidad de organizar capacitaciones para los j\u00f3venes rurales en oficios relacionados con la actividad productiva en el campo.<br><br>\u201cSiempre es un placer juntarse y charlar con los j\u00f3venes. Surgieron muchos temas e ideas como para llevar adelante en el corto y mediano plazo. Es importante para nuestra ciudad y para las fuerzas productivas que los j\u00f3venes se capaciten y apliquen sus conocimientos, m\u00e1s que nada en un mundo donde la tecnolog\u00eda avanza\u201d, cont\u00f3 el intendente Mancini.<br><br>Tambi\u00e9n hicieron referencia al Consejo de Alumnos del CEPT 4 (centro de estudiantes) y la posibilidad de participar de eventos que se lleven adelante en la ciudad.<\/p>\n","protected":false},"excerpt":{"rendered":"<p>Alumnos y alumnas del CEPT 4 que viven en Suipacha desayunaron este jueves con el intendente y charlaron sobre varias &#8230; <a title=\"Mancini recibi\u00f3 en su despacho a alumnos y alumnas del CEPT 4\" class=\"read-more\" href=\"https:\/\/www.hoymercedes.com.ar\/principal\/2024\/08\/01\/mancini-recibio-en-su-despacho-a-alumnos-y-alumnas-del-cept-4\/\" aria-label=\"Leer m\u00e1s sobre Mancini recibi\u00f3 en su despacho a alumnos y alumnas del CEPT 4\">Leer m\u00e1s<\/a><\/p>\n","protected":false},"author":1,"featured_media":177616,"comment_status":"closed","ping_status":"open","sticky":false,"template":"","format":"standard","meta":{"_monsterinsights_skip_tracking":false,"_monsterinsights_sitenote_active":false,"_monsterinsights_sitenote_note":"","_monsterinsights_sitenote_category":0,"jetpack_post_was_ever_published":false,"_jetpack_newsletter_access":"","_jetpack_dont_email_post_to_subs":false,"_jetpack_newsletter_tier_id":0,"_jetpack_memberships_contains_paywalled_content":false,"_jetpack_memberships_contains_paid_content":false,"footnotes":"","jetpack_publicize_message":"","jetpack_publicize_feature_enabled":true,"jetpack_social_post_already_shared":true,"jetpack_social_options":{"image_generator_settings":{"template":"highway","default_image_id":0,"font":"","enabled":false},"version":2},"_wpas_customize_per_network":false},"categories":[8],"tags":[],"class_list":["post-177615","post","type-post","status-publish","format-standard","has-post-thumbnail","hentry","category-sociedad","generate-columns","tablet-grid-50","mobile-grid-100","grid-parent","grid-50"],"jetpack_publicize_connections":[],"jetpack_featured_media_url":"https:\/\/www.hoymercedes.com.ar\/principal\/wp-content\/uploads\/2024\/08\/Mancini-Suipacha.2.jpg","wps_subtitle":"Educaci\u00f3n ","jetpack_sharing_enabled":true,"_links":{"self":[{"href":"https:\/\/www.hoymercedes.com.ar\/principal\/wp-json\/wp\/v2\/posts\/177615","targetHints":{"allow":["GET"]}}],"collection":[{"href":"https:\/\/www.hoymercedes.com.ar\/principal\/wp-json\/wp\/v2\/posts"}],"about":[{"href":"https:\/\/www.hoymercedes.com.ar\/principal\/wp-json\/wp\/v2\/types\/post"}],"author":[{"embeddable":true,"href":"https:\/\/www.hoymercedes.com.ar\/principal\/wp-json\/wp\/v2\/users\/1"}],"replies":[{"embeddable":true,"href":"https:\/\/www.hoymercedes.com.ar\/principal\/wp-json\/wp\/v2\/comments?post=177615"}],"version-history":[{"count":0,"href":"https:\/\/www.hoymercedes.com.ar\/principal\/wp-json\/wp\/v2\/posts\/177615\/revisions"}],"wp:featuredmedia":[{"embeddable":true,"href":"https:\/\/www.hoymercedes.com.ar\/principal\/wp-json\/wp\/v2\/media\/177616"}],"wp:attachment":[{"href":"https:\/\/www.hoymercedes.com.ar\/principal\/wp-json\/wp\/v2\/media?parent=177615"}],"wp:term":[{"taxonomy":"category","embeddable":true,"href":"https:\/\/www.hoymercedes.com.ar\/principal\/wp-json\/wp\/v2\/categories?post=177615"},{"taxonomy":"post_tag","embeddable":true,"href":"https:\/\/www.hoymercedes.com.ar\/principal\/wp-json\/wp\/v2\/tags?post=177615"}],"curies":[{"name":"wp","href":"https:\/\/api.w.org\/{rel}","templated":true}]}}