{"id":177630,"date":"2024-08-02T12:24:19","date_gmt":"2024-08-02T15:24:19","guid":{"rendered":"https:\/\/www.hoymercedes.com.ar\/principal\/?p=177630"},"modified":"2024-08-02T12:24:21","modified_gmt":"2024-08-02T15:24:21","slug":"encuentro-por-el-dia-de-los-organos-de-la-colegiacion-en-mercedes","status":"publish","type":"post","link":"https:\/\/www.hoymercedes.com.ar\/principal\/2024\/08\/02\/encuentro-por-el-dia-de-los-organos-de-la-colegiacion-en-mercedes\/","title":{"rendered":"Encuentro por el \u00abD\u00eda de los \u00d3rganos de la Colegiaci\u00f3n\u00bb en Mercedes"},"content":{"rendered":"\n<p><br>M\u00e1s de 800 abogados dirigentes se dar\u00e1n cita en la ciudad bonaerense para celebrar el 31\u00b0 aniversario del evento.<\/p>\n\n\n\n<p>Durante los d\u00edas 8 y 9 de agosto, la ciudad de Mercedes ser\u00e1 sede del Encuentro por el \u201cD\u00eda de los \u00d3rganos de la Colegiaci\u00f3n\u201d, un evento que desde 1994 se realiza en el Colegio de Abogados del Departamento Judicial de Mercedes. Este a\u00f1o, se llevar\u00e1 a cabo la 29\u00b0 edici\u00f3n, tras la suspensi\u00f3n en 2020 y 2021 debido a la pandemia de COVID-19, celebrando adem\u00e1s el 31\u00b0 aniversario de su institucionalizaci\u00f3n.<\/p>\n\n\n\n<p>El encuentro se ha consolidado como el m\u00e1s numeroso a nivel nacional de dirigentes de \u00f3rganos relacionados con la abogac\u00eda, con la participaci\u00f3n estimada de 800 abogados dirigentes. Los asistentes buscar\u00e1n trabajar en favor de la colegiaci\u00f3n, de sus colegas, de la sociedad y del constante mejoramiento de la administraci\u00f3n de justicia.<\/p>\n\n\n\n<p>El evento contar\u00e1 con la presencia de importantes \u00f3rganos de la Colegiaci\u00f3n y de autoridades municipales, provinciales y nacionales de los tres Poderes del Estado. Entre los \u00f3rganos asistentes se destacan el Consejo Superior del Colegio de Abogados de la Provincia de Buenos Aires, que convoca a los Presidentes de todos los Colegios de Abogados de la provincia; la Caja de Previsi\u00f3n Social para Abogados de la Provincia de Buenos Aires; y veinte Comisiones del Colegio de Abogados de la Provincia de Buenos Aires.<\/p>\n\n\n\n<p>Las actividades dar\u00e1n inicio el jueves 8 de agosto con la reuni\u00f3n del Consejo Superior del Colegio de Abogados de la Provincia de Buenos Aires y \u00f3rganos de la Caja de Previsi\u00f3n Social para abogados de la provincia. El viernes 9, se reunir\u00e1n los dem\u00e1s \u00f3rganos y las Comisiones del COLPROBA, culminando el evento a las 13 horas con un almuerzo general de camarader\u00eda en la \u201cQuinta Eventos\u201d.<\/p>\n\n\n\n<p>PROGRAMA GENERAL DIA DE LOS ORGANOS DE LA COLEGIACION 2024<\/p>\n\n\n\n<p>*JUEVES 08\/08<\/p>\n\n\n\n<p>-Desde el mediod\u00eda y hasta la culminaci\u00f3n: Reuni\u00f3n del Consejo Superior, en la Sede Central del Colegio, calle 24 No 705, 2do Piso<\/p>\n\n\n\n<p>-21 hs: Cena de autoridades del CADJMercedes, COLPROBA, CAJA, y Abogac\u00eda Joven en\u201d Puerta Negra\u201d, de Avenidas 29 y 40<\/p>\n\n\n\n<p>*VIERNES 09\/08<\/p>\n\n\n\n<p>-En horas de la ma\u00f1ana: reuniones de Comisiones del COLPROBA:<\/p>\n\n\n\n<p>LAS COMISIONES DEL COLPROBA SE REUNIR\u00c1N EN EL HORARIO QUE CADA PRESIDENTE DE COMISION DISPONGA, Y SE COMUNIQUE POR LAS V\u00cdAS HABITUALES DESDE EL COLPROBA.<\/p>\n\n\n\n<p>LOS LUGARES DE REUNION SER\u00c1N:<\/p>\n\n\n\n<p>-ABOGADA\/O DEL NI\u00d1O, NI\u00d1A Y ADOLESCENTES:<\/p>\n\n\n\n<p>Lugar: CADJ Mercedes Sede Central calle 24 N\u00b0 705 (2do entrepiso) \u2013 Aula \u201cDr. Reinaldo Pecorelli\u201d Sala II<\/p>\n\n\n\n<p>Presidente: Dr. Hern\u00e1n Alberto Salaverri (Mercedes)<\/p>\n\n\n\n<p>-ADMINISTRACION DE JUSTICIA:<\/p>\n\n\n\n<p>Lugar: Colegio de Escribanos calle 29 N\u00b0 427 \u2013 Sala 2<\/p>\n\n\n\n<p>Presidente: Dra. Marina Mongiardino (La Plata)<\/p>\n\n\n\n<p>-CONSULTORIOS JURIDICOS GRATUITOS:<\/p>\n\n\n\n<p>Lugar: CADJ Mercedes Sede Central calle 24 N\u00b0 705 (2do piso) \u2013 Sala Consejo Directivo \u201cDr. C\u00e9sar M. Grad\u00edn\u201d<\/p>\n\n\n\n<p>Presidente: Dr. Rafael Gentili (Bah\u00eda Blanca)<\/p>\n\n\n\n<p>-DEPORTES:<\/p>\n\n\n\n<p>Lugar: CADJ Mercedes Sede Central calle 24 N\u00b0 705 (2do entrepiso) \u2013 Aula \u201cDr. Reinaldo Pecorelli\u201d Sala I<\/p>\n\n\n\n<p>Presidentes: Dres. Guillermina Soria (San Isidro) y Leandro Augusto Gabas (Mar del Plata)<\/p>\n\n\n\n<p>-DERECHO AMBIENTAL Y AGRARIO:<\/p>\n\n\n\n<p>Lugar: CADJ Mercedes Sede Central calle 24 N\u00b0 705 (planta Baja) \u2013 Oficina Consultorio Jur\u00eddico Gratuito<\/p>\n\n\n\n<p>Presidente: Dr. Damian Alcides Pimpinati (Pergamino)<\/p>\n\n\n\n<p>-DERECHO DE CONSUMO:<\/p>\n\n\n\n<p>Lugar: CADJ Mercedes Centro de Mediaci\u00f3n calle 28 N\u00b0 661, planta baja, \u00abSala Dra. Romero de Deluca\u00bb<\/p>\n\n\n\n<p>Presidente: Dr. Marcos Dar\u00edo Vilaplana (San Mart\u00edn)<\/p>\n\n\n\n<p>-DERECHO LABORAL:<\/p>\n\n\n\n<p>Lugar: Colegio de Escribanos calle 29 N\u00b0 427 \u2013 Sala 1<\/p>\n\n\n\n<p>Presidente: Dres. Eduardo Gabriel Sreider (Moreno-Gral. Rodriguez) y V\u00edctor Emilio Pagani Deluchi (Necochea)<\/p>\n\n\n\n<p>-DERECHO PENAL Y ASUNTOS PENITENCIARIOS:<\/p>\n\n\n\n<p>Lugar: Casa Anus calle 20 N\u00b0 729 \u2013 Sala 1<\/p>\n\n\n\n<p>Presidentes: Dres. Bienvenido Rodriguez Basalo (Quilmes) y Mar\u00eda Fernanda Gimenez (Azul)<\/p>\n\n\n\n<p>-DERECHO PREVISIONAL Y SEGURIDAD SOCIAL:<\/p>\n\n\n\n<p>Lugar: Consejo de Ciencias Econ\u00f3micas calle 26 N\u00b0 684 \u2013 Sal\u00f3n de Actos<\/p>\n\n\n\n<p>Presidente: Dr. Jorge Omar Frega (Mor\u00f3n)<\/p>\n\n\n\n<p>-DERECHO DE SALUD:<\/p>\n\n\n\n<p>Lugar: Colegio de Magistrados y Funcionarios Dpto. Judicial Mercedes calle 26 N\u00b0 775 \u2013 Sala 1<\/p>\n\n\n\n<p>Presidente: Dra. Mar\u00eda Victoria Lorences (Lomas de Zamora)<\/p>\n\n\n\n<p>-DISCAPACIDAD:<\/p>\n\n\n\n<p>Lugar: Colegio de Escribanos calle 29 N\u00b0 427 \u2013 Sala 3<\/p>\n\n\n\n<p>Presidente: Dr. Marcelo Rafael Fioranelli (Z\u00e1rate-Campana)<\/p>\n\n\n\n<p>-GENERO Y DIVERSIDAD:<\/p>\n\n\n\n<p>Lugar: Colegio de Martilleros y Corredores P\u00fablicos Mercedes calle 29 N\u00b0 783 (planta alta) \u2013 Sala 2<\/p>\n\n\n\n<p>Presidente: Dra. Adriana Cecilia Coliqueo (Avellaneda-Lanus)<\/p>\n\n\n\n<p>-INCUMBENCIAS PROFESIONALES (sesiona en conjunto con Inform\u00e1tica):<\/p>\n\n\n\n<p>Lugar: Casa Anus calle 20 N\u00b0 729 \u2013 Sala 2<\/p>\n\n\n\n<p>Presidente: Dr. Juan Pablo Cremonte (Dolores)<\/p>\n\n\n\n<p>-INFORMATICA (sesiona en conjunto con Incumbencias Profesionales):<\/p>\n\n\n\n<p>Lugar: Casa Anus calle 20 N\u00b0 729 \u2013 Sala 2<\/p>\n\n\n\n<p>Presidentes: Dres. Alejo Luis Maiztegui (San Nicol\u00e1s) y Mar\u00eda Fernanda Gimenez (Azul)<\/p>\n\n\n\n<p>-MEDIACION Y RESOLUCION DE CONFLICTOS:<\/p>\n\n\n\n<p>Lugar: CADJ Mercedes Sede Central calle 24 N\u00b0 705 (1er piso) \u2013 Sal\u00f3n de Actos \u201cDr. Arturo Acu\u00f1a Anzorena\u201d<\/p>\n\n\n\n<p>Presidente: Dr. Hern\u00e1n Alberto Salaverri (Mercedes)<\/p>\n\n\n\n<p>-DERECHO DE FAMILIA:<\/p>\n\n\n\n<p>Lugar: Colegio de Magistrados y Funcionarios Dpto. Judicial Mercedes calle 26 N\u00b0 775 \u2013 Sala 3<\/p>\n\n\n\n<p>Presidente: Dr. Mart\u00edn Rivas (La Matanza)<\/p>\n\n\n\n<p>-COMISION DE LA ABOGACIA JOVEN:<\/p>\n\n\n\n<p>Lugar: Colegio de Magistrados y Funcionarios Dpto. Judicial Mercedes calle 26 N\u00b0 775 \u2013 Sala 2<\/p>\n\n\n\n<p>Presidenta: Dra. Lucila Mar\u00eda Larsen (Azul)<\/p>\n\n\n\n<p>*ALMUERZO:<\/p>\n\n\n\n<p>-13 hs: almuerzo general, en \u00abLa Quinta Eventos\u00bb (Colectora Sur de ruta nacional No 5, y calle 11)<\/p>\n\n\n\n<p>Fuente: Prensa CADJMercedes<\/p>\n\n\n\n<hr class=\"wp-block-separator has-alpha-channel-opacity\"\/>\n\n\n\n<p><\/p>\n","protected":false},"excerpt":{"rendered":"<p>M\u00e1s de 800 abogados dirigentes se dar\u00e1n cita en la ciudad bonaerense para celebrar el 31\u00b0 aniversario del evento. Durante &#8230; <a title=\"Encuentro por el \u00abD\u00eda de los \u00d3rganos de la Colegiaci\u00f3n\u00bb en Mercedes\" class=\"read-more\" href=\"https:\/\/www.hoymercedes.com.ar\/principal\/2024\/08\/02\/encuentro-por-el-dia-de-los-organos-de-la-colegiacion-en-mercedes\/\" aria-label=\"Leer m\u00e1s sobre Encuentro por el \u00abD\u00eda de los \u00d3rganos de la Colegiaci\u00f3n\u00bb en Mercedes\">Leer m\u00e1s<\/a><\/p>\n","protected":false},"author":1,"featured_media":176149,"comment_status":"closed","ping_status":"open","sticky":false,"template":"","format":"standard","meta":{"_monsterinsights_skip_tracking":false,"_monsterinsights_sitenote_active":false,"_monsterinsights_sitenote_note":"","_monsterinsights_sitenote_category":0,"jetpack_post_was_ever_published":false,"_jetpack_newsletter_access":"","_jetpack_dont_email_post_to_subs":false,"_jetpack_newsletter_tier_id":0,"_jetpack_memberships_contains_paywalled_content":false,"_jetpack_memberships_contains_paid_content":false,"footnotes":"","jetpack_publicize_message":"","jetpack_publicize_feature_enabled":true,"jetpack_social_post_already_shared":true,"jetpack_social_options":{"image_generator_settings":{"template":"highway","default_image_id":0,"font":"","enabled":false},"version":2},"_wpas_customize_per_network":false},"categories":[8],"tags":[],"class_list":["post-177630","post","type-post","status-publish","format-standard","has-post-thumbnail","hentry","category-sociedad","generate-columns","tablet-grid-50","mobile-grid-100","grid-parent","grid-50"],"jetpack_publicize_connections":[],"jetpack_featured_media_url":"https:\/\/www.hoymercedes.com.ar\/principal\/wp-content\/uploads\/2024\/06\/sede-abogados.jpg","wps_subtitle":"","jetpack_sharing_enabled":true,"_links":{"self":[{"href":"https:\/\/www.hoymercedes.com.ar\/principal\/wp-json\/wp\/v2\/posts\/177630","targetHints":{"allow":["GET"]}}],"collection":[{"href":"https:\/\/www.hoymercedes.com.ar\/principal\/wp-json\/wp\/v2\/posts"}],"about":[{"href":"https:\/\/www.hoymercedes.com.ar\/principal\/wp-json\/wp\/v2\/types\/post"}],"author":[{"embeddable":true,"href":"https:\/\/www.hoymercedes.com.ar\/principal\/wp-json\/wp\/v2\/users\/1"}],"replies":[{"embeddable":true,"href":"https:\/\/www.hoymercedes.com.ar\/principal\/wp-json\/wp\/v2\/comments?post=177630"}],"version-history":[{"count":0,"href":"https:\/\/www.hoymercedes.com.ar\/principal\/wp-json\/wp\/v2\/posts\/177630\/revisions"}],"wp:featuredmedia":[{"embeddable":true,"href":"https:\/\/www.hoymercedes.com.ar\/principal\/wp-json\/wp\/v2\/media\/176149"}],"wp:attachment":[{"href":"https:\/\/www.hoymercedes.com.ar\/principal\/wp-json\/wp\/v2\/media?parent=177630"}],"wp:term":[{"taxonomy":"category","embeddable":true,"href":"https:\/\/www.hoymercedes.com.ar\/principal\/wp-json\/wp\/v2\/categories?post=177630"},{"taxonomy":"post_tag","embeddable":true,"href":"https:\/\/www.hoymercedes.com.ar\/principal\/wp-json\/wp\/v2\/tags?post=177630"}],"curies":[{"name":"wp","href":"https:\/\/api.w.org\/{rel}","templated":true}]}}