{"id":177634,"date":"2024-08-02T22:41:49","date_gmt":"2024-08-03T01:41:49","guid":{"rendered":"https:\/\/www.hoymercedes.com.ar\/principal\/?p=177634"},"modified":"2024-08-02T22:41:51","modified_gmt":"2024-08-03T01:41:51","slug":"policia-de-mercedes-detiene-en-lujan-mujer-que-vendia-drogas","status":"publish","type":"post","link":"https:\/\/www.hoymercedes.com.ar\/principal\/2024\/08\/02\/policia-de-mercedes-detiene-en-lujan-mujer-que-vendia-drogas\/","title":{"rendered":"Polic\u00eda de Mercedes detiene en Luj\u00e1n mujer que vend\u00eda drogas"},"content":{"rendered":"\n<figure class=\"wp-block-image size-large\"><img loading=\"lazy\" decoding=\"async\" width=\"1024\" height=\"576\" data-attachment-id=\"177635\" data-permalink=\"https:\/\/www.hoymercedes.com.ar\/principal\/2024\/08\/02\/policia-de-mercedes-detiene-en-lujan-mujer-que-vendia-drogas\/drogas-lujan\/#main\" data-orig-file=\"https:\/\/www.hoymercedes.com.ar\/principal\/wp-content\/uploads\/2024\/08\/Drogas-Lujan.jpg\" data-orig-size=\"1600,900\" data-comments-opened=\"0\" data-image-meta=\"{&quot;aperture&quot;:&quot;0&quot;,&quot;credit&quot;:&quot;&quot;,&quot;camera&quot;:&quot;&quot;,&quot;caption&quot;:&quot;&quot;,&quot;created_timestamp&quot;:&quot;0&quot;,&quot;copyright&quot;:&quot;&quot;,&quot;focal_length&quot;:&quot;0&quot;,&quot;iso&quot;:&quot;0&quot;,&quot;shutter_speed&quot;:&quot;0&quot;,&quot;title&quot;:&quot;&quot;,&quot;orientation&quot;:&quot;0&quot;}\" data-image-title=\"Drogas-Lujan\" data-image-description=\"&lt;p&gt;Delegaci\u00f3n Departamental de Investigaciones del Tr\u00e1fico de Drogas Il\u00edcitas de Mercedes&lt;\/p&gt;\n\" data-image-caption=\"&lt;p&gt;Delegaci\u00f3n Departamental de Investigaciones del Tr\u00e1fico de Drogas Il\u00edcitas de Mercedes&lt;\/p&gt;\n\" data-large-file=\"https:\/\/www.hoymercedes.com.ar\/principal\/wp-content\/uploads\/2024\/08\/Drogas-Lujan-1024x576.jpg\" src=\"https:\/\/www.hoymercedes.com.ar\/principal\/wp-content\/uploads\/2024\/08\/Drogas-Lujan-1024x576.jpg\" alt=\"\" class=\"wp-image-177635\" srcset=\"https:\/\/www.hoymercedes.com.ar\/principal\/wp-content\/uploads\/2024\/08\/Drogas-Lujan-1024x576.jpg 1024w, https:\/\/www.hoymercedes.com.ar\/principal\/wp-content\/uploads\/2024\/08\/Drogas-Lujan-630x354.jpg 630w, https:\/\/www.hoymercedes.com.ar\/principal\/wp-content\/uploads\/2024\/08\/Drogas-Lujan-150x84.jpg 150w, https:\/\/www.hoymercedes.com.ar\/principal\/wp-content\/uploads\/2024\/08\/Drogas-Lujan-1536x864.jpg 1536w, https:\/\/www.hoymercedes.com.ar\/principal\/wp-content\/uploads\/2024\/08\/Drogas-Lujan.jpg 1600w\" sizes=\"auto, (max-width: 1024px) 100vw, 1024px\" \/><\/figure>\n\n\n\n<p>La Delegaci\u00f3n Departamental de Investigaciones del Tr\u00e1fico de Drogas Il\u00edcitas de Mercedes desmantel\u00f3 lo que aparentemente era una red peque\u00f1a de distribuci\u00f3n de sustancias prohibidas. Lo hizo tras dos allanamientos.<\/p>\n\n\n\n<p>Los operativos fueron en barrio Sarmiento y otro en la zona c\u00e9ntrica.<\/p>\n\n\n\n<p>Del allanamiento recabaron como pruebas &nbsp;70 dosis de coca\u00edna y marihuana.<\/p>\n\n\n\n<p>Se tratar\u00eda de una mujer, seg\u00fan medios de Luj\u00e1n, conocida como \u201cdealer\u201d que ahora se encuentra tras las rejas.<\/p>\n\n\n\n<p>Tambi\u00e9n se retuvieron varios tel\u00e9fonos m\u00f3viles.<\/p>\n\n\n\n<p>La detenida, quien supuestamente tiene casi 15 a\u00f1os de distintos delitos similares sobre su haber, ahora fue puesta a disposici\u00f3n de la Fiscal\u00eda 10 y del Juzgado de Garant\u00edas 3 del Departamento Judicial de Mercedes. La car\u00e1tula de la causa seria &nbsp;\u00abComercio de estupefacientes fraccionados\u00bb.<\/p>\n","protected":false},"excerpt":{"rendered":"<p>La Delegaci\u00f3n Departamental de Investigaciones del Tr\u00e1fico de Drogas Il\u00edcitas de Mercedes desmantel\u00f3 lo que aparentemente era una red peque\u00f1a &#8230; <a title=\"Polic\u00eda de Mercedes detiene en Luj\u00e1n mujer que vend\u00eda drogas\" class=\"read-more\" href=\"https:\/\/www.hoymercedes.com.ar\/principal\/2024\/08\/02\/policia-de-mercedes-detiene-en-lujan-mujer-que-vendia-drogas\/\" aria-label=\"Leer m\u00e1s sobre Polic\u00eda de Mercedes detiene en Luj\u00e1n mujer que vend\u00eda drogas\">Leer m\u00e1s<\/a><\/p>\n","protected":false},"author":1,"featured_media":177635,"comment_status":"closed","ping_status":"open","sticky":false,"template":"","format":"standard","meta":{"_monsterinsights_skip_tracking":false,"_monsterinsights_sitenote_active":false,"_monsterinsights_sitenote_note":"","_monsterinsights_sitenote_category":0,"jetpack_post_was_ever_published":false,"_jetpack_newsletter_access":"","_jetpack_dont_email_post_to_subs":false,"_jetpack_newsletter_tier_id":0,"_jetpack_memberships_contains_paywalled_content":false,"_jetpack_memberships_contains_paid_content":false,"footnotes":"","jetpack_publicize_message":"","jetpack_publicize_feature_enabled":true,"jetpack_social_post_already_shared":true,"jetpack_social_options":{"image_generator_settings":{"template":"highway","default_image_id":0,"font":"","enabled":false},"version":2},"_wpas_customize_per_network":false},"categories":[8],"tags":[],"class_list":["post-177634","post","type-post","status-publish","format-standard","has-post-thumbnail","hentry","category-sociedad","generate-columns","tablet-grid-50","mobile-grid-100","grid-parent","grid-50"],"jetpack_publicize_connections":[],"jetpack_featured_media_url":"https:\/\/www.hoymercedes.com.ar\/principal\/wp-content\/uploads\/2024\/08\/Drogas-Lujan.jpg","wps_subtitle":"Detenida","jetpack_sharing_enabled":true,"_links":{"self":[{"href":"https:\/\/www.hoymercedes.com.ar\/principal\/wp-json\/wp\/v2\/posts\/177634","targetHints":{"allow":["GET"]}}],"collection":[{"href":"https:\/\/www.hoymercedes.com.ar\/principal\/wp-json\/wp\/v2\/posts"}],"about":[{"href":"https:\/\/www.hoymercedes.com.ar\/principal\/wp-json\/wp\/v2\/types\/post"}],"author":[{"embeddable":true,"href":"https:\/\/www.hoymercedes.com.ar\/principal\/wp-json\/wp\/v2\/users\/1"}],"replies":[{"embeddable":true,"href":"https:\/\/www.hoymercedes.com.ar\/principal\/wp-json\/wp\/v2\/comments?post=177634"}],"version-history":[{"count":0,"href":"https:\/\/www.hoymercedes.com.ar\/principal\/wp-json\/wp\/v2\/posts\/177634\/revisions"}],"wp:featuredmedia":[{"embeddable":true,"href":"https:\/\/www.hoymercedes.com.ar\/principal\/wp-json\/wp\/v2\/media\/177635"}],"wp:attachment":[{"href":"https:\/\/www.hoymercedes.com.ar\/principal\/wp-json\/wp\/v2\/media?parent=177634"}],"wp:term":[{"taxonomy":"category","embeddable":true,"href":"https:\/\/www.hoymercedes.com.ar\/principal\/wp-json\/wp\/v2\/categories?post=177634"},{"taxonomy":"post_tag","embeddable":true,"href":"https:\/\/www.hoymercedes.com.ar\/principal\/wp-json\/wp\/v2\/tags?post=177634"}],"curies":[{"name":"wp","href":"https:\/\/api.w.org\/{rel}","templated":true}]}}