{"id":177669,"date":"2024-08-06T10:06:02","date_gmt":"2024-08-06T13:06:02","guid":{"rendered":"https:\/\/www.hoymercedes.com.ar\/principal\/?p=177669"},"modified":"2024-08-06T10:09:59","modified_gmt":"2024-08-06T13:09:59","slug":"viernes-9-de-agosto-inaugura-nueva-muestra-en-arquitectos","status":"publish","type":"post","link":"https:\/\/www.hoymercedes.com.ar\/principal\/2024\/08\/06\/viernes-9-de-agosto-inaugura-nueva-muestra-en-arquitectos\/","title":{"rendered":"Viernes 9 de agosto: inaugura nueva muestra en Arquitectos"},"content":{"rendered":"\n<p>El Colegio de Arquitectos &#8211; Distrito 5 hace extensiva la invitaci\u00f3n para una nueva muestra de arte que abre sus puertas el venidero viernes 9 de agosto, 20:30 hs. En esta oportunidad expondr\u00e1n los artistas Arq. Pablo Guzm\u00e1n y \u00abNano\u00bb Salas con su muestra de acuarelas titulada \u201dColores y Horizontes\u201d. <\/p>\n\n\n<div class=\"wp-block-image\">\n<figure class=\"aligncenter size-large is-resized\"><img loading=\"lazy\" decoding=\"async\" width=\"732\" height=\"1024\" data-attachment-id=\"177761\" data-permalink=\"https:\/\/www.hoymercedes.com.ar\/principal\/2024\/08\/06\/viernes-9-de-agosto-inaugura-nueva-muestra-en-arquitectos\/muestr-arquitectos-9-8\/#main\" data-orig-file=\"https:\/\/www.hoymercedes.com.ar\/principal\/wp-content\/uploads\/2024\/08\/muestr-arquitectos-9-8.jpg\" data-orig-size=\"1133,1586\" data-comments-opened=\"0\" data-image-meta=\"{&quot;aperture&quot;:&quot;0&quot;,&quot;credit&quot;:&quot;&quot;,&quot;camera&quot;:&quot;&quot;,&quot;caption&quot;:&quot;&quot;,&quot;created_timestamp&quot;:&quot;0&quot;,&quot;copyright&quot;:&quot;&quot;,&quot;focal_length&quot;:&quot;0&quot;,&quot;iso&quot;:&quot;0&quot;,&quot;shutter_speed&quot;:&quot;0&quot;,&quot;title&quot;:&quot;&quot;,&quot;orientation&quot;:&quot;0&quot;}\" data-image-title=\"muestr arquitectos 9-8\" data-image-description=\"\" data-image-caption=\"\" data-large-file=\"https:\/\/www.hoymercedes.com.ar\/principal\/wp-content\/uploads\/2024\/08\/muestr-arquitectos-9-8-732x1024.jpg\" src=\"https:\/\/www.hoymercedes.com.ar\/principal\/wp-content\/uploads\/2024\/08\/muestr-arquitectos-9-8-732x1024.jpg\" alt=\"\" class=\"wp-image-177761\" style=\"width:732px;height:auto\" srcset=\"https:\/\/www.hoymercedes.com.ar\/principal\/wp-content\/uploads\/2024\/08\/muestr-arquitectos-9-8-732x1024.jpg 732w, https:\/\/www.hoymercedes.com.ar\/principal\/wp-content\/uploads\/2024\/08\/muestr-arquitectos-9-8-443x620.jpg 443w, https:\/\/www.hoymercedes.com.ar\/principal\/wp-content\/uploads\/2024\/08\/muestr-arquitectos-9-8-107x150.jpg 107w, https:\/\/www.hoymercedes.com.ar\/principal\/wp-content\/uploads\/2024\/08\/muestr-arquitectos-9-8-1097x1536.jpg 1097w, https:\/\/www.hoymercedes.com.ar\/principal\/wp-content\/uploads\/2024\/08\/muestr-arquitectos-9-8.jpg 1133w\" sizes=\"auto, (max-width: 732px) 100vw, 732px\" \/><\/figure>\n<\/div>\n\n\n<p>Rese\u00f1a: Esta exposici\u00f3n celebra la fusi\u00f3n del arte y la arquitectura a trav\u00e9s de las obras de dos artistas que capturan la belleza y complejidad de los espacios urbanos con la delicadeza de la acuarela.<br>Los artistas reflejan en sus obras su profunda comprensi\u00f3n de la estructura, la forma y la luz. Sus pinturas no s\u00f3lo representan edificios y paisajes &nbsp; sino que transmiten la esencia de los lugares que los han inspirado. Esta muestra es una oportunidad para sumergirse en el mundo creativo de Pablo Guzm\u00e1n y Nano Salas.<\/p>\n\n\n\n<p>Como todos los a\u00f1os , el Coordinador de este Ciclo de Arte del CAPBA5 es el Arq. Sebasti\u00e1n Bocca.<\/p>\n\n\n\n<p>El acceso a la muestra es libre y gratuito y se podr\u00e1 visitar tambi\u00e9n de lunes a viernes de 8 a 13 y de 14 a 16 horas. La exposici\u00f3n estar\u00e1 abierta hasta el 23 de agosto.<\/p>\n","protected":false},"excerpt":{"rendered":"<p>El Colegio de Arquitectos &#8211; Distrito 5 hace extensiva la invitaci\u00f3n para una nueva muestra de arte que abre sus &#8230; <a title=\"Viernes 9 de agosto: inaugura nueva muestra en Arquitectos\" class=\"read-more\" href=\"https:\/\/www.hoymercedes.com.ar\/principal\/2024\/08\/06\/viernes-9-de-agosto-inaugura-nueva-muestra-en-arquitectos\/\" aria-label=\"Leer m\u00e1s sobre Viernes 9 de agosto: inaugura nueva muestra en Arquitectos\">Leer m\u00e1s<\/a><\/p>\n","protected":false},"author":1,"featured_media":177760,"comment_status":"closed","ping_status":"open","sticky":false,"template":"","format":"standard","meta":{"_monsterinsights_skip_tracking":false,"_monsterinsights_sitenote_active":false,"_monsterinsights_sitenote_note":"","_monsterinsights_sitenote_category":0,"jetpack_post_was_ever_published":false,"_jetpack_newsletter_access":"","_jetpack_dont_email_post_to_subs":false,"_jetpack_newsletter_tier_id":0,"_jetpack_memberships_contains_paywalled_content":false,"_jetpack_memberships_contains_paid_content":false,"footnotes":"","jetpack_publicize_message":"","jetpack_publicize_feature_enabled":true,"jetpack_social_post_already_shared":true,"jetpack_social_options":{"image_generator_settings":{"template":"highway","default_image_id":0,"font":"","enabled":false},"version":2},"_wpas_customize_per_network":false},"categories":[104],"tags":[7805],"class_list":["post-177669","post","type-post","status-publish","format-standard","has-post-thumbnail","hentry","category-cultura","tag-cultura","generate-columns","tablet-grid-50","mobile-grid-100","grid-parent","grid-50"],"jetpack_publicize_connections":[],"jetpack_featured_media_url":"https:\/\/www.hoymercedes.com.ar\/principal\/wp-content\/uploads\/2024\/08\/muestr-arquitectos-9-8-expo.jpg","wps_subtitle":"","jetpack_sharing_enabled":true,"_links":{"self":[{"href":"https:\/\/www.hoymercedes.com.ar\/principal\/wp-json\/wp\/v2\/posts\/177669","targetHints":{"allow":["GET"]}}],"collection":[{"href":"https:\/\/www.hoymercedes.com.ar\/principal\/wp-json\/wp\/v2\/posts"}],"about":[{"href":"https:\/\/www.hoymercedes.com.ar\/principal\/wp-json\/wp\/v2\/types\/post"}],"author":[{"embeddable":true,"href":"https:\/\/www.hoymercedes.com.ar\/principal\/wp-json\/wp\/v2\/users\/1"}],"replies":[{"embeddable":true,"href":"https:\/\/www.hoymercedes.com.ar\/principal\/wp-json\/wp\/v2\/comments?post=177669"}],"version-history":[{"count":0,"href":"https:\/\/www.hoymercedes.com.ar\/principal\/wp-json\/wp\/v2\/posts\/177669\/revisions"}],"wp:featuredmedia":[{"embeddable":true,"href":"https:\/\/www.hoymercedes.com.ar\/principal\/wp-json\/wp\/v2\/media\/177760"}],"wp:attachment":[{"href":"https:\/\/www.hoymercedes.com.ar\/principal\/wp-json\/wp\/v2\/media?parent=177669"}],"wp:term":[{"taxonomy":"category","embeddable":true,"href":"https:\/\/www.hoymercedes.com.ar\/principal\/wp-json\/wp\/v2\/categories?post=177669"},{"taxonomy":"post_tag","embeddable":true,"href":"https:\/\/www.hoymercedes.com.ar\/principal\/wp-json\/wp\/v2\/tags?post=177669"}],"curies":[{"name":"wp","href":"https:\/\/api.w.org\/{rel}","templated":true}]}}