{"id":177677,"date":"2024-08-04T07:40:00","date_gmt":"2024-08-04T10:40:00","guid":{"rendered":"https:\/\/www.hoymercedes.com.ar\/principal\/?p=177677"},"modified":"2024-08-04T02:42:04","modified_gmt":"2024-08-04T05:42:04","slug":"la-esperanza-suipachense-elian-larregina-compite-en-paris-este-domingo","status":"publish","type":"post","link":"https:\/\/www.hoymercedes.com.ar\/principal\/2024\/08\/04\/la-esperanza-suipachense-elian-larregina-compite-en-paris-este-domingo\/","title":{"rendered":"La esperanza suipachense Eli\u00e1n Larregina compite en Par\u00eds este domingo"},"content":{"rendered":"\n<figure class=\"wp-block-image size-full is-resized\"><img loading=\"lazy\" decoding=\"async\" width=\"810\" height=\"563\" data-attachment-id=\"177678\" data-permalink=\"https:\/\/www.hoymercedes.com.ar\/principal\/2024\/08\/04\/la-esperanza-suipachense-elian-larregina-compite-en-paris-este-domingo\/elian-suipacha\/#main\" data-orig-file=\"https:\/\/www.hoymercedes.com.ar\/principal\/wp-content\/uploads\/2024\/08\/Elian-Suipacha.jpg\" data-orig-size=\"810,563\" data-comments-opened=\"0\" data-image-meta=\"{&quot;aperture&quot;:&quot;0&quot;,&quot;credit&quot;:&quot;&quot;,&quot;camera&quot;:&quot;&quot;,&quot;caption&quot;:&quot;&quot;,&quot;created_timestamp&quot;:&quot;0&quot;,&quot;copyright&quot;:&quot;&quot;,&quot;focal_length&quot;:&quot;0&quot;,&quot;iso&quot;:&quot;0&quot;,&quot;shutter_speed&quot;:&quot;0&quot;,&quot;title&quot;:&quot;&quot;,&quot;orientation&quot;:&quot;0&quot;}\" data-image-title=\"Elian-Suipacha\" data-image-description=\"&lt;p&gt;La esperanza suipachense Eli\u00e1n Larregina compite en Par\u00eds este domingo&lt;\/p&gt;\n\" data-image-caption=\"&lt;p&gt;La esperanza suipachense Eli\u00e1n Larregina compite en Par\u00eds este domingo&lt;\/p&gt;\n\" data-large-file=\"https:\/\/www.hoymercedes.com.ar\/principal\/wp-content\/uploads\/2024\/08\/Elian-Suipacha.jpg\" src=\"https:\/\/www.hoymercedes.com.ar\/principal\/wp-content\/uploads\/2024\/08\/Elian-Suipacha.jpg\" alt=\"\" class=\"wp-image-177678\" style=\"width:960px;height:auto\" srcset=\"https:\/\/www.hoymercedes.com.ar\/principal\/wp-content\/uploads\/2024\/08\/Elian-Suipacha.jpg 810w, https:\/\/www.hoymercedes.com.ar\/principal\/wp-content\/uploads\/2024\/08\/Elian-Suipacha-630x438.jpg 630w, https:\/\/www.hoymercedes.com.ar\/principal\/wp-content\/uploads\/2024\/08\/Elian-Suipacha-150x104.jpg 150w\" sizes=\"auto, (max-width: 810px) 100vw, 810px\" \/><\/figure>\n\n\n\n<p>El atleta suipachense Eli\u00e1n Larregina competir\u00e1 en los 400 metros este domingo entre las 14 y 14.30, seg\u00fan el horario oficial de los Juegos Ol\u00edmpicos de Par\u00eds.<\/p>\n\n\n\n<p>El atleta oriundo de la ciudad de Suipacha participar\u00e1 de la cuarta eliminatoria del d\u00eda en la disciplina de 400 metros. Los mejores tiempos clasificar\u00e1n a otra instancia.<br>En esta carrera deber\u00e1 competir con Ogando (Rep\u00fablica Dominicana), Gardiner (Bahamas), Ogazi (Nigeria), Holder (Australia), Hall (Estados Unidos) y Saccor (B\u00e9lgica).<\/p>\n\n\n\n<p>Larregina clasific\u00f3 a Paris al competir en Espa\u00f1a y recorrer los 400 metros en la pista del Estadio Valle Hermoso en 44s93 segundos.<\/p>\n\n\n\n<p>Esa marca le permiti\u00f3 al suipachense de 24 a\u00f1os superar la marca m\u00ednima de clasificaci\u00f3n ol\u00edmpica (45s00) y el r\u00e9cord argentino (45s27) que \u00e9l mismo hab\u00eda establecido en el Iberoamericano de Cuiab\u00e1 este a\u00f1o.<\/p>\n\n\n\n<p>La actuaci\u00f3n de Larregina se podr\u00e1 seguir en vivo por el canal de deportes TyC Sports, como as\u00ed tambi\u00e9n por la TV P\u00fablica.<\/p>\n","protected":false},"excerpt":{"rendered":"<p>El atleta suipachense Eli\u00e1n Larregina competir\u00e1 en los 400 metros este domingo entre las 14 y 14.30, seg\u00fan el horario &#8230; <a title=\"La esperanza suipachense Eli\u00e1n Larregina compite en Par\u00eds este domingo\" class=\"read-more\" href=\"https:\/\/www.hoymercedes.com.ar\/principal\/2024\/08\/04\/la-esperanza-suipachense-elian-larregina-compite-en-paris-este-domingo\/\" aria-label=\"Leer m\u00e1s sobre La esperanza suipachense Eli\u00e1n Larregina compite en Par\u00eds este domingo\">Leer m\u00e1s<\/a><\/p>\n","protected":false},"author":1,"featured_media":177678,"comment_status":"closed","ping_status":"open","sticky":false,"template":"","format":"standard","meta":{"_monsterinsights_skip_tracking":false,"_monsterinsights_sitenote_active":false,"_monsterinsights_sitenote_note":"","_monsterinsights_sitenote_category":0,"jetpack_post_was_ever_published":false,"_jetpack_newsletter_access":"","_jetpack_dont_email_post_to_subs":false,"_jetpack_newsletter_tier_id":0,"_jetpack_memberships_contains_paywalled_content":false,"_jetpack_memberships_contains_paid_content":false,"footnotes":"","jetpack_publicize_message":"","jetpack_publicize_feature_enabled":true,"jetpack_social_post_already_shared":true,"jetpack_social_options":{"image_generator_settings":{"template":"highway","default_image_id":0,"font":"","enabled":false},"version":2},"_wpas_customize_per_network":false},"categories":[8],"tags":[],"class_list":["post-177677","post","type-post","status-publish","format-standard","has-post-thumbnail","hentry","category-sociedad","generate-columns","tablet-grid-50","mobile-grid-100","grid-parent","grid-50"],"jetpack_publicize_connections":[],"jetpack_featured_media_url":"https:\/\/www.hoymercedes.com.ar\/principal\/wp-content\/uploads\/2024\/08\/Elian-Suipacha.jpg","wps_subtitle":"Internacional ","jetpack_sharing_enabled":true,"_links":{"self":[{"href":"https:\/\/www.hoymercedes.com.ar\/principal\/wp-json\/wp\/v2\/posts\/177677","targetHints":{"allow":["GET"]}}],"collection":[{"href":"https:\/\/www.hoymercedes.com.ar\/principal\/wp-json\/wp\/v2\/posts"}],"about":[{"href":"https:\/\/www.hoymercedes.com.ar\/principal\/wp-json\/wp\/v2\/types\/post"}],"author":[{"embeddable":true,"href":"https:\/\/www.hoymercedes.com.ar\/principal\/wp-json\/wp\/v2\/users\/1"}],"replies":[{"embeddable":true,"href":"https:\/\/www.hoymercedes.com.ar\/principal\/wp-json\/wp\/v2\/comments?post=177677"}],"version-history":[{"count":0,"href":"https:\/\/www.hoymercedes.com.ar\/principal\/wp-json\/wp\/v2\/posts\/177677\/revisions"}],"wp:featuredmedia":[{"embeddable":true,"href":"https:\/\/www.hoymercedes.com.ar\/principal\/wp-json\/wp\/v2\/media\/177678"}],"wp:attachment":[{"href":"https:\/\/www.hoymercedes.com.ar\/principal\/wp-json\/wp\/v2\/media?parent=177677"}],"wp:term":[{"taxonomy":"category","embeddable":true,"href":"https:\/\/www.hoymercedes.com.ar\/principal\/wp-json\/wp\/v2\/categories?post=177677"},{"taxonomy":"post_tag","embeddable":true,"href":"https:\/\/www.hoymercedes.com.ar\/principal\/wp-json\/wp\/v2\/tags?post=177677"}],"curies":[{"name":"wp","href":"https:\/\/api.w.org\/{rel}","templated":true}]}}