{"id":177719,"date":"2024-08-05T16:00:00","date_gmt":"2024-08-05T19:00:00","guid":{"rendered":"https:\/\/www.hoymercedes.com.ar\/principal\/?p=177719"},"modified":"2024-08-05T09:23:11","modified_gmt":"2024-08-05T12:23:11","slug":"educacion-y-salud-municipal-coordinan-actividades-con-instituciones-de-la-primera-infancia","status":"publish","type":"post","link":"https:\/\/www.hoymercedes.com.ar\/principal\/2024\/08\/05\/educacion-y-salud-municipal-coordinan-actividades-con-instituciones-de-la-primera-infancia\/","title":{"rendered":"Educaci\u00f3n y Salud municipal coordinan actividades con instituciones de la primera infancia"},"content":{"rendered":"\n<figure class=\"wp-block-image size-large\"><img loading=\"lazy\" decoding=\"async\" width=\"1024\" height=\"682\" data-attachment-id=\"177720\" data-permalink=\"https:\/\/www.hoymercedes.com.ar\/principal\/2024\/08\/05\/educacion-y-salud-municipal-coordinan-actividades-con-instituciones-de-la-primera-infancia\/dsc09655\/#main\" data-orig-file=\"https:\/\/www.hoymercedes.com.ar\/principal\/wp-content\/uploads\/2024\/08\/DSC09655.jpg\" data-orig-size=\"1319,879\" data-comments-opened=\"0\" data-image-meta=\"{&quot;aperture&quot;:&quot;0&quot;,&quot;credit&quot;:&quot;&quot;,&quot;camera&quot;:&quot;&quot;,&quot;caption&quot;:&quot;&quot;,&quot;created_timestamp&quot;:&quot;0&quot;,&quot;copyright&quot;:&quot;&quot;,&quot;focal_length&quot;:&quot;0&quot;,&quot;iso&quot;:&quot;0&quot;,&quot;shutter_speed&quot;:&quot;0&quot;,&quot;title&quot;:&quot;&quot;,&quot;orientation&quot;:&quot;0&quot;}\" data-image-title=\"Educaci\u00f3n y Salud municipal coordinan actividades con instituciones de la primera infancia\" data-image-description=\"&lt;p&gt;Educaci\u00f3n y Salud municipal coordinan actividades con instituciones de la primera infancia&lt;\/p&gt;\n\" data-image-caption=\"&lt;p&gt;Educaci\u00f3n y Salud municipal coordinan actividades con instituciones de la primera infancia&lt;\/p&gt;\n\" data-large-file=\"https:\/\/www.hoymercedes.com.ar\/principal\/wp-content\/uploads\/2024\/08\/DSC09655-1024x682.jpg\" src=\"https:\/\/www.hoymercedes.com.ar\/principal\/wp-content\/uploads\/2024\/08\/DSC09655-1024x682.jpg\" alt=\"Educaci\u00f3n y Salud municipal coordinan actividades con instituciones de la primera infancia\" class=\"wp-image-177720\" srcset=\"https:\/\/www.hoymercedes.com.ar\/principal\/wp-content\/uploads\/2024\/08\/DSC09655-1024x682.jpg 1024w, https:\/\/www.hoymercedes.com.ar\/principal\/wp-content\/uploads\/2024\/08\/DSC09655-630x420.jpg 630w, https:\/\/www.hoymercedes.com.ar\/principal\/wp-content\/uploads\/2024\/08\/DSC09655-150x100.jpg 150w, https:\/\/www.hoymercedes.com.ar\/principal\/wp-content\/uploads\/2024\/08\/DSC09655-700x465.jpg 700w, https:\/\/www.hoymercedes.com.ar\/principal\/wp-content\/uploads\/2024\/08\/DSC09655.jpg 1319w\" sizes=\"auto, (max-width: 1024px) 100vw, 1024px\" \/><\/figure>\n\n\n\n<p>Las secretar\u00edas de educaci\u00f3n y salud coordinas acciones junto a espacios de educativo y de cuidado de la primera infancia. En esta ocasi\u00f3n con un nuevo encuentro con docentes del nivel inicial para entregar materiales que reflejan la importancia de la lactancia materna. Tambi\u00e9n se debati\u00f3 sobre el uso de pantallas en los m\u00e1s peque\u00f1os. Se invitaron a sumarse a distintas propuestas educativas en la ciudad.<\/p>\n\n\n\n<p><strong>Educaci\u00f3n<\/strong><\/p>\n\n\n\n<p>Quien estuvo presente y fue parte de esta propuesta, fue el secretario de educaci\u00f3n, Jos\u00e9 Luis Pisano, quien se\u00f1al\u00f3 \u201ca trav\u00e9s de nuestra y en un trabajo conjunto con el programa Mil D\u00edas, realizamos un encuentro con docentes del nivel inicial, tanto de gesti\u00f3n p\u00fablica como de privada, los jardines maternales municipales y los espacios de primera infancia municipales, donde hicimos entrega de materiales respecto a la lactancia materna\u201d.<\/p>\n\n\n\n<figure class=\"wp-block-image size-large\"><img loading=\"lazy\" decoding=\"async\" width=\"1024\" height=\"682\" data-attachment-id=\"177722\" data-permalink=\"https:\/\/www.hoymercedes.com.ar\/principal\/2024\/08\/05\/educacion-y-salud-municipal-coordinan-actividades-con-instituciones-de-la-primera-infancia\/dsc09759\/#main\" data-orig-file=\"https:\/\/www.hoymercedes.com.ar\/principal\/wp-content\/uploads\/2024\/08\/DSC09759.jpg\" data-orig-size=\"1319,879\" data-comments-opened=\"0\" data-image-meta=\"{&quot;aperture&quot;:&quot;0&quot;,&quot;credit&quot;:&quot;&quot;,&quot;camera&quot;:&quot;&quot;,&quot;caption&quot;:&quot;&quot;,&quot;created_timestamp&quot;:&quot;0&quot;,&quot;copyright&quot;:&quot;&quot;,&quot;focal_length&quot;:&quot;0&quot;,&quot;iso&quot;:&quot;0&quot;,&quot;shutter_speed&quot;:&quot;0&quot;,&quot;title&quot;:&quot;&quot;,&quot;orientation&quot;:&quot;0&quot;}\" data-image-title=\"Educaci\u00f3n y Salud municipal coordinan actividades con instituciones de la primera infancia\" data-image-description=\"&lt;p&gt;Educaci\u00f3n y Salud municipal coordinan actividades con instituciones de la primera infancia&lt;\/p&gt;\n\" data-image-caption=\"&lt;p&gt;Educaci\u00f3n y Salud municipal coordinan actividades con instituciones de la primera infancia&lt;\/p&gt;\n\" data-large-file=\"https:\/\/www.hoymercedes.com.ar\/principal\/wp-content\/uploads\/2024\/08\/DSC09759-1024x682.jpg\" src=\"https:\/\/www.hoymercedes.com.ar\/principal\/wp-content\/uploads\/2024\/08\/DSC09759-1024x682.jpg\" alt=\"Educaci\u00f3n y Salud municipal coordinan actividades con instituciones de la primera infancia\" class=\"wp-image-177722\" srcset=\"https:\/\/www.hoymercedes.com.ar\/principal\/wp-content\/uploads\/2024\/08\/DSC09759-1024x682.jpg 1024w, https:\/\/www.hoymercedes.com.ar\/principal\/wp-content\/uploads\/2024\/08\/DSC09759-630x420.jpg 630w, https:\/\/www.hoymercedes.com.ar\/principal\/wp-content\/uploads\/2024\/08\/DSC09759-150x100.jpg 150w, https:\/\/www.hoymercedes.com.ar\/principal\/wp-content\/uploads\/2024\/08\/DSC09759-700x465.jpg 700w, https:\/\/www.hoymercedes.com.ar\/principal\/wp-content\/uploads\/2024\/08\/DSC09759.jpg 1319w\" sizes=\"auto, (max-width: 1024px) 100vw, 1024px\" \/><\/figure>\n\n\n\n<p><strong>Capacitaci\u00f3n<\/strong><\/p>\n\n\n\n<p>En este sentido, Jos\u00e9 Luis Pisano, coment\u00f3 \u201cadem\u00e1s, se realiz\u00f3 una charla de capacitaci\u00f3n sobre la importancia de la lactancia materna, y se entregaron materiales orientados a fortalecer la importancia de la lactancia materna\u201d y agreg\u00f3 \u201cen una segunda etapa de la jornada, se realiz\u00f3 la puesta en com\u00fan respecto a los distintos programas que se llevan adelante, como, por ejemplo, el uso de pantallas en la primera infancia. Sobre los peligros que esto conlleva, sobre la necesidad de estar m\u00e1s adecuados, como padres y como docentes, en el uso de pantallas en los m\u00e1s peque\u00f1os\u201d.<\/p>\n\n\n\n<figure class=\"wp-block-image size-large\"><img loading=\"lazy\" decoding=\"async\" width=\"1024\" height=\"682\" data-attachment-id=\"177721\" data-permalink=\"https:\/\/www.hoymercedes.com.ar\/principal\/2024\/08\/05\/educacion-y-salud-municipal-coordinan-actividades-con-instituciones-de-la-primera-infancia\/dsc09714\/#main\" data-orig-file=\"https:\/\/www.hoymercedes.com.ar\/principal\/wp-content\/uploads\/2024\/08\/DSC09714.jpg\" data-orig-size=\"1319,879\" data-comments-opened=\"0\" data-image-meta=\"{&quot;aperture&quot;:&quot;0&quot;,&quot;credit&quot;:&quot;&quot;,&quot;camera&quot;:&quot;&quot;,&quot;caption&quot;:&quot;&quot;,&quot;created_timestamp&quot;:&quot;0&quot;,&quot;copyright&quot;:&quot;&quot;,&quot;focal_length&quot;:&quot;0&quot;,&quot;iso&quot;:&quot;0&quot;,&quot;shutter_speed&quot;:&quot;0&quot;,&quot;title&quot;:&quot;&quot;,&quot;orientation&quot;:&quot;0&quot;}\" data-image-title=\"Educaci\u00f3n y Salud municipal coordinan actividades con instituciones de la primera infancia\" data-image-description=\"&lt;p&gt;Educaci\u00f3n y Salud municipal coordinan actividades con instituciones de la primera infancia&lt;\/p&gt;\n\" data-image-caption=\"&lt;p&gt;Educaci\u00f3n y Salud municipal coordinan actividades con instituciones de la primera infancia&lt;\/p&gt;\n\" data-large-file=\"https:\/\/www.hoymercedes.com.ar\/principal\/wp-content\/uploads\/2024\/08\/DSC09714-1024x682.jpg\" src=\"https:\/\/www.hoymercedes.com.ar\/principal\/wp-content\/uploads\/2024\/08\/DSC09714-1024x682.jpg\" alt=\"Educaci\u00f3n y Salud municipal coordinan actividades con instituciones de la primera infancia\" class=\"wp-image-177721\" srcset=\"https:\/\/www.hoymercedes.com.ar\/principal\/wp-content\/uploads\/2024\/08\/DSC09714-1024x682.jpg 1024w, https:\/\/www.hoymercedes.com.ar\/principal\/wp-content\/uploads\/2024\/08\/DSC09714-630x420.jpg 630w, https:\/\/www.hoymercedes.com.ar\/principal\/wp-content\/uploads\/2024\/08\/DSC09714-150x100.jpg 150w, https:\/\/www.hoymercedes.com.ar\/principal\/wp-content\/uploads\/2024\/08\/DSC09714-700x465.jpg 700w, https:\/\/www.hoymercedes.com.ar\/principal\/wp-content\/uploads\/2024\/08\/DSC09714.jpg 1319w\" sizes=\"auto, (max-width: 1024px) 100vw, 1024px\" \/><\/figure>\n\n\n\n<p><strong>Sumarse<\/strong><\/p>\n\n\n\n<p>Conjuntamente, Pisano indic\u00f3 \u201cadem\u00e1s, el intendente Ustarroz invit\u00f3 a los establecimientos y docentes a sumarse a la construcci\u00f3n de distintas propuestas que desde el principio se llevan adelante, como es Estaci\u00f3n Juego, la Trocha, o el propio Mercedes Aprende Unida\u201d e inform\u00f3 \u201cvamos a hacer distintos encuentros para seguir recibiendo los aportes de los docentes, que son los que d\u00eda a d\u00eda est\u00e1n trabajando en el aula con nuestros ni\u00f1os\u201d<\/p>\n\n\n\n<p>Esta actividad se enmarca dentro del programa calendario escolar y se realiz\u00f3 en conmemoraci\u00f3n de la Semana Mundial de la Lactancia, contando con la presencia del intendente Ustarroz, el secretario de salud Dr. N\u00e9stor Pisapia, la coordinadora de educaci\u00f3n Pamela Herrera quien dio las palabras iniciales y los equipos t\u00e9cnicos del programa Primeros Mil D\u00edas y salud.<\/p>\n","protected":false},"excerpt":{"rendered":"<p>Las secretar\u00edas de educaci\u00f3n y salud coordinas acciones junto a espacios de educativo y de cuidado de la primera infancia. &#8230; <a title=\"Educaci\u00f3n y Salud municipal coordinan actividades con instituciones de la primera infancia\" class=\"read-more\" href=\"https:\/\/www.hoymercedes.com.ar\/principal\/2024\/08\/05\/educacion-y-salud-municipal-coordinan-actividades-con-instituciones-de-la-primera-infancia\/\" aria-label=\"Leer m\u00e1s sobre Educaci\u00f3n y Salud municipal coordinan actividades con instituciones de la primera infancia\">Leer m\u00e1s<\/a><\/p>\n","protected":false},"author":1,"featured_media":177720,"comment_status":"closed","ping_status":"open","sticky":false,"template":"","format":"standard","meta":{"_monsterinsights_skip_tracking":false,"_monsterinsights_sitenote_active":false,"_monsterinsights_sitenote_note":"","_monsterinsights_sitenote_category":0,"jetpack_post_was_ever_published":false,"_jetpack_newsletter_access":"","_jetpack_dont_email_post_to_subs":false,"_jetpack_newsletter_tier_id":0,"_jetpack_memberships_contains_paywalled_content":false,"_jetpack_memberships_contains_paid_content":false,"footnotes":"","jetpack_publicize_message":"","jetpack_publicize_feature_enabled":true,"jetpack_social_post_already_shared":true,"jetpack_social_options":{"image_generator_settings":{"template":"highway","default_image_id":0,"font":"","enabled":false},"version":2},"_wpas_customize_per_network":false},"categories":[8],"tags":[],"class_list":["post-177719","post","type-post","status-publish","format-standard","has-post-thumbnail","hentry","category-sociedad","generate-columns","tablet-grid-50","mobile-grid-100","grid-parent","grid-50"],"jetpack_publicize_connections":[],"jetpack_featured_media_url":"https:\/\/www.hoymercedes.com.ar\/principal\/wp-content\/uploads\/2024\/08\/DSC09655.jpg","wps_subtitle":"Cuidados ","jetpack_sharing_enabled":true,"_links":{"self":[{"href":"https:\/\/www.hoymercedes.com.ar\/principal\/wp-json\/wp\/v2\/posts\/177719","targetHints":{"allow":["GET"]}}],"collection":[{"href":"https:\/\/www.hoymercedes.com.ar\/principal\/wp-json\/wp\/v2\/posts"}],"about":[{"href":"https:\/\/www.hoymercedes.com.ar\/principal\/wp-json\/wp\/v2\/types\/post"}],"author":[{"embeddable":true,"href":"https:\/\/www.hoymercedes.com.ar\/principal\/wp-json\/wp\/v2\/users\/1"}],"replies":[{"embeddable":true,"href":"https:\/\/www.hoymercedes.com.ar\/principal\/wp-json\/wp\/v2\/comments?post=177719"}],"version-history":[{"count":0,"href":"https:\/\/www.hoymercedes.com.ar\/principal\/wp-json\/wp\/v2\/posts\/177719\/revisions"}],"wp:featuredmedia":[{"embeddable":true,"href":"https:\/\/www.hoymercedes.com.ar\/principal\/wp-json\/wp\/v2\/media\/177720"}],"wp:attachment":[{"href":"https:\/\/www.hoymercedes.com.ar\/principal\/wp-json\/wp\/v2\/media?parent=177719"}],"wp:term":[{"taxonomy":"category","embeddable":true,"href":"https:\/\/www.hoymercedes.com.ar\/principal\/wp-json\/wp\/v2\/categories?post=177719"},{"taxonomy":"post_tag","embeddable":true,"href":"https:\/\/www.hoymercedes.com.ar\/principal\/wp-json\/wp\/v2\/tags?post=177719"}],"curies":[{"name":"wp","href":"https:\/\/api.w.org\/{rel}","templated":true}]}}