{"id":177741,"date":"2024-08-06T07:28:00","date_gmt":"2024-08-06T10:28:00","guid":{"rendered":"https:\/\/www.hoymercedes.com.ar\/principal\/?p=177741"},"modified":"2024-08-06T00:30:25","modified_gmt":"2024-08-06T03:30:25","slug":"buena-noticia-provincia-finalizara-obras-de-universidad-de-lujan","status":"publish","type":"post","link":"https:\/\/www.hoymercedes.com.ar\/principal\/2024\/08\/06\/buena-noticia-provincia-finalizara-obras-de-universidad-de-lujan\/","title":{"rendered":"Buena noticia: Provincia finalizar\u00e1 obras de Universidad de Luj\u00e1n"},"content":{"rendered":"\n<figure class=\"wp-block-image size-full is-resized\"><img loading=\"lazy\" decoding=\"async\" width=\"640\" height=\"480\" data-attachment-id=\"177742\" data-permalink=\"https:\/\/www.hoymercedes.com.ar\/principal\/2024\/08\/06\/buena-noticia-provincia-finalizara-obras-de-universidad-de-lujan\/panessi-kicillof-boto\/#main\" data-orig-file=\"https:\/\/www.hoymercedes.com.ar\/principal\/wp-content\/uploads\/2024\/08\/Panessi-Kicillof-Boto.jpg\" data-orig-size=\"640,480\" data-comments-opened=\"0\" data-image-meta=\"{&quot;aperture&quot;:&quot;0&quot;,&quot;credit&quot;:&quot;&quot;,&quot;camera&quot;:&quot;&quot;,&quot;caption&quot;:&quot;&quot;,&quot;created_timestamp&quot;:&quot;0&quot;,&quot;copyright&quot;:&quot;&quot;,&quot;focal_length&quot;:&quot;0&quot;,&quot;iso&quot;:&quot;0&quot;,&quot;shutter_speed&quot;:&quot;0&quot;,&quot;title&quot;:&quot;&quot;,&quot;orientation&quot;:&quot;0&quot;}\" data-image-title=\"Panessi-Kicillof-Boto\" data-image-description=\"&lt;p&gt;Buena noticia: Provincia finalizar\u00e1 obras de Universidad de Luj\u00e1n&lt;\/p&gt;\n\" data-image-caption=\"&lt;p&gt;Buena noticia: Provincia finalizar\u00e1 obras de Universidad de Luj\u00e1n&lt;\/p&gt;\n\" data-large-file=\"https:\/\/www.hoymercedes.com.ar\/principal\/wp-content\/uploads\/2024\/08\/Panessi-Kicillof-Boto.jpg\" src=\"https:\/\/www.hoymercedes.com.ar\/principal\/wp-content\/uploads\/2024\/08\/Panessi-Kicillof-Boto.jpg\" alt=\"\" class=\"wp-image-177742\" style=\"width:959px;height:auto\" srcset=\"https:\/\/www.hoymercedes.com.ar\/principal\/wp-content\/uploads\/2024\/08\/Panessi-Kicillof-Boto.jpg 640w, https:\/\/www.hoymercedes.com.ar\/principal\/wp-content\/uploads\/2024\/08\/Panessi-Kicillof-Boto-630x473.jpg 630w, https:\/\/www.hoymercedes.com.ar\/principal\/wp-content\/uploads\/2024\/08\/Panessi-Kicillof-Boto-150x113.jpg 150w\" sizes=\"auto, (max-width: 640px) 100vw, 640px\" \/><\/figure>\n\n\n\n<p>La buena noticia es para toda su comunidad educativa. La Universidad Nacional de Luj\u00e1n logr\u00f3 el respaldo del gobernador Axel Kicillof y podr\u00e1 terminar las obras de infraestructura que se hab\u00edan iniciado con el gobierno nacional anterior. Esta primera etapa ser\u00e1 para concluir las de la Sede San Fernando.<\/p>\n\n\n\n<p>La noticia se conoci\u00f3 tras el encuentro compartido en Luj\u00e1n en la inauguraci\u00f3n de un jard\u00edn.<\/p>\n\n\n\n<p>Kicillof encarar\u00e1 soportes para universidades nacionales ubicadas en territorio bonaerense<\/p>\n\n\n\n<p>La novedad se supo con la presencia del rector de la UNLu, Lic. Walter Panessi.<\/p>\n\n\n\n<p>La novedad es positiva porque carreras como Educaci\u00f3n F\u00edsica requieren urgentemente estas intervenciones, adem\u00e1s de las otras que se dictan en la mencionada sede de la prestigiosa Casa de Altos Estudios de fuerte vinculaci\u00f3n con la regi\u00f3n.<\/p>\n","protected":false},"excerpt":{"rendered":"<p>La buena noticia es para toda su comunidad educativa. La Universidad Nacional de Luj\u00e1n logr\u00f3 el respaldo del gobernador Axel &#8230; <a title=\"Buena noticia: Provincia finalizar\u00e1 obras de Universidad de Luj\u00e1n\" class=\"read-more\" href=\"https:\/\/www.hoymercedes.com.ar\/principal\/2024\/08\/06\/buena-noticia-provincia-finalizara-obras-de-universidad-de-lujan\/\" aria-label=\"Leer m\u00e1s sobre Buena noticia: Provincia finalizar\u00e1 obras de Universidad de Luj\u00e1n\">Leer m\u00e1s<\/a><\/p>\n","protected":false},"author":1,"featured_media":177742,"comment_status":"closed","ping_status":"open","sticky":false,"template":"","format":"standard","meta":{"_monsterinsights_skip_tracking":false,"_monsterinsights_sitenote_active":false,"_monsterinsights_sitenote_note":"","_monsterinsights_sitenote_category":0,"jetpack_post_was_ever_published":false,"_jetpack_newsletter_access":"","_jetpack_dont_email_post_to_subs":false,"_jetpack_newsletter_tier_id":0,"_jetpack_memberships_contains_paywalled_content":false,"_jetpack_memberships_contains_paid_content":false,"footnotes":"","jetpack_publicize_message":"","jetpack_publicize_feature_enabled":true,"jetpack_social_post_already_shared":true,"jetpack_social_options":{"image_generator_settings":{"template":"highway","default_image_id":0,"font":"","enabled":false},"version":2},"_wpas_customize_per_network":false},"categories":[23],"tags":[16581,1429,120,18580],"class_list":["post-177741","post","type-post","status-publish","format-standard","has-post-thumbnail","hentry","category-educacion","tag-kicillof","tag-leonardo-boto","tag-universidad-nacional-de-lujan","tag-walter-panessi","generate-columns","tablet-grid-50","mobile-grid-100","grid-parent","grid-50"],"jetpack_publicize_connections":[],"jetpack_featured_media_url":"https:\/\/www.hoymercedes.com.ar\/principal\/wp-content\/uploads\/2024\/08\/Panessi-Kicillof-Boto.jpg","wps_subtitle":"Importante ","jetpack_sharing_enabled":true,"_links":{"self":[{"href":"https:\/\/www.hoymercedes.com.ar\/principal\/wp-json\/wp\/v2\/posts\/177741","targetHints":{"allow":["GET"]}}],"collection":[{"href":"https:\/\/www.hoymercedes.com.ar\/principal\/wp-json\/wp\/v2\/posts"}],"about":[{"href":"https:\/\/www.hoymercedes.com.ar\/principal\/wp-json\/wp\/v2\/types\/post"}],"author":[{"embeddable":true,"href":"https:\/\/www.hoymercedes.com.ar\/principal\/wp-json\/wp\/v2\/users\/1"}],"replies":[{"embeddable":true,"href":"https:\/\/www.hoymercedes.com.ar\/principal\/wp-json\/wp\/v2\/comments?post=177741"}],"version-history":[{"count":0,"href":"https:\/\/www.hoymercedes.com.ar\/principal\/wp-json\/wp\/v2\/posts\/177741\/revisions"}],"wp:featuredmedia":[{"embeddable":true,"href":"https:\/\/www.hoymercedes.com.ar\/principal\/wp-json\/wp\/v2\/media\/177742"}],"wp:attachment":[{"href":"https:\/\/www.hoymercedes.com.ar\/principal\/wp-json\/wp\/v2\/media?parent=177741"}],"wp:term":[{"taxonomy":"category","embeddable":true,"href":"https:\/\/www.hoymercedes.com.ar\/principal\/wp-json\/wp\/v2\/categories?post=177741"},{"taxonomy":"post_tag","embeddable":true,"href":"https:\/\/www.hoymercedes.com.ar\/principal\/wp-json\/wp\/v2\/tags?post=177741"}],"curies":[{"name":"wp","href":"https:\/\/api.w.org\/{rel}","templated":true}]}}