{"id":177776,"date":"2024-08-07T09:43:43","date_gmt":"2024-08-07T12:43:43","guid":{"rendered":"https:\/\/www.hoymercedes.com.ar\/principal\/?p=177776"},"modified":"2024-08-07T09:43:44","modified_gmt":"2024-08-07T12:43:44","slug":"emotivo-aniversario-del-punto-digital-de-gowland","status":"publish","type":"post","link":"https:\/\/www.hoymercedes.com.ar\/principal\/2024\/08\/07\/emotivo-aniversario-del-punto-digital-de-gowland\/","title":{"rendered":"Emotivo aniversario del Punto Digital de Gowland"},"content":{"rendered":"\n<figure class=\"wp-block-image size-large\"><img loading=\"lazy\" decoding=\"async\" width=\"1319\" height=\"879\" data-attachment-id=\"177777\" data-permalink=\"https:\/\/www.hoymercedes.com.ar\/principal\/2024\/08\/07\/emotivo-aniversario-del-punto-digital-de-gowland\/2-51\/#main\" data-orig-file=\"https:\/\/www.hoymercedes.com.ar\/principal\/wp-content\/uploads\/2024\/08\/2.jpg\" data-orig-size=\"1319,879\" data-comments-opened=\"0\" data-image-meta=\"{&quot;aperture&quot;:&quot;0&quot;,&quot;credit&quot;:&quot;&quot;,&quot;camera&quot;:&quot;&quot;,&quot;caption&quot;:&quot;&quot;,&quot;created_timestamp&quot;:&quot;0&quot;,&quot;copyright&quot;:&quot;&quot;,&quot;focal_length&quot;:&quot;0&quot;,&quot;iso&quot;:&quot;0&quot;,&quot;shutter_speed&quot;:&quot;0&quot;,&quot;title&quot;:&quot;&quot;,&quot;orientation&quot;:&quot;0&quot;}\" data-image-title=\"Emotivo aniversario del Punto Digital de Gowland\" data-image-description=\"&lt;p&gt;Emotivo aniversario del Punto Digital de Gowland&lt;\/p&gt;\n\" data-image-caption=\"&lt;p&gt;Emotivo aniversario del Punto Digital de Gowland&lt;\/p&gt;\n\" data-large-file=\"https:\/\/www.hoymercedes.com.ar\/principal\/wp-content\/uploads\/2024\/08\/2-1024x682.jpg\" src=\"https:\/\/www.hoymercedes.com.ar\/principal\/wp-content\/uploads\/2024\/08\/2-1024x682.jpg\" alt=\"\" class=\"wp-image-177777\" srcset=\"https:\/\/www.hoymercedes.com.ar\/principal\/wp-content\/uploads\/2024\/08\/2-1024x682.jpg 1024w, https:\/\/www.hoymercedes.com.ar\/principal\/wp-content\/uploads\/2024\/08\/2-630x420.jpg 630w, https:\/\/www.hoymercedes.com.ar\/principal\/wp-content\/uploads\/2024\/08\/2-150x100.jpg 150w, https:\/\/www.hoymercedes.com.ar\/principal\/wp-content\/uploads\/2024\/08\/2-700x465.jpg 700w, https:\/\/www.hoymercedes.com.ar\/principal\/wp-content\/uploads\/2024\/08\/2.jpg 1319w\" sizes=\"auto, (max-width: 1319px) 100vw, 1319px\" \/><\/figure>\n\n\n\n<p>El Punto Digital Gowland celebr\u00f3 su segundo aniversario con la presencia de estudiantes, familias y equipos de trabajo. Es un dispositivo muy activo durante todo el a\u00f1o y su fiesta fue un lindo momento.<\/p>\n\n\n\n<p>En la sede de la sociedad de fomento de Gowland y Agote, donde funciona el Punto Digital, se congregaron vecinos, alumnos de las Escuela N 20, la coordinadora del lugar Carolina Sotelo, el concejal Juli\u00e1n Inzaurgarat y la presidenta del Concejo Deliberante Mariana San Mart\u00edn para celebrar un nuevo aniversario del Punto Digital.<\/p>\n\n\n\n<p>Sotelo dio la bienvenida a los presentes e hizo un racconto de lo trabajado en estos dos a\u00f1os de existencia. \u201cComo ejemplo de lo que significa para la comunidad est\u00e1 lo que pas\u00f3 con la tormenta el a\u00f1o pasado. Estaba todo Gowland y Agote sin luz y el Punto Digital se convirti\u00f3 en una base de operaciones para recargar celulares por ejemplo\u201d, destac\u00f3.<\/p>\n\n\n\n<figure class=\"wp-block-image size-large\"><img loading=\"lazy\" decoding=\"async\" width=\"1024\" height=\"682\" data-attachment-id=\"177779\" data-permalink=\"https:\/\/www.hoymercedes.com.ar\/principal\/2024\/08\/07\/emotivo-aniversario-del-punto-digital-de-gowland\/3-54\/#main\" data-orig-file=\"https:\/\/www.hoymercedes.com.ar\/principal\/wp-content\/uploads\/2024\/08\/3-1.jpg\" data-orig-size=\"1319,879\" data-comments-opened=\"0\" data-image-meta=\"{&quot;aperture&quot;:&quot;0&quot;,&quot;credit&quot;:&quot;&quot;,&quot;camera&quot;:&quot;&quot;,&quot;caption&quot;:&quot;&quot;,&quot;created_timestamp&quot;:&quot;0&quot;,&quot;copyright&quot;:&quot;&quot;,&quot;focal_length&quot;:&quot;0&quot;,&quot;iso&quot;:&quot;0&quot;,&quot;shutter_speed&quot;:&quot;0&quot;,&quot;title&quot;:&quot;&quot;,&quot;orientation&quot;:&quot;0&quot;}\" data-image-title=\"Emotivo aniversario del Punto Digital de Gowland\" data-image-description=\"&lt;p&gt;Emotivo aniversario del Punto Digital de Gowland&lt;\/p&gt;\n\" data-image-caption=\"&lt;p&gt;Emotivo aniversario del Punto Digital de Gowland&lt;\/p&gt;\n\" data-large-file=\"https:\/\/www.hoymercedes.com.ar\/principal\/wp-content\/uploads\/2024\/08\/3-1-1024x682.jpg\" src=\"https:\/\/www.hoymercedes.com.ar\/principal\/wp-content\/uploads\/2024\/08\/3-1-1024x682.jpg\" alt=\"\" class=\"wp-image-177779\" srcset=\"https:\/\/www.hoymercedes.com.ar\/principal\/wp-content\/uploads\/2024\/08\/3-1-1024x682.jpg 1024w, https:\/\/www.hoymercedes.com.ar\/principal\/wp-content\/uploads\/2024\/08\/3-1-630x420.jpg 630w, https:\/\/www.hoymercedes.com.ar\/principal\/wp-content\/uploads\/2024\/08\/3-1-150x100.jpg 150w, https:\/\/www.hoymercedes.com.ar\/principal\/wp-content\/uploads\/2024\/08\/3-1-700x465.jpg 700w, https:\/\/www.hoymercedes.com.ar\/principal\/wp-content\/uploads\/2024\/08\/3-1.jpg 1319w\" sizes=\"auto, (max-width: 1024px) 100vw, 1024px\" \/><\/figure>\n\n\n\n<p>El que tambi\u00e9n tom\u00f3 la palabra fue el concejal Inzaurgarat que dio un pantallazo de los importantes cambios que se fueron dando en esta comunidad. \u201cEl Punto Digital es un ejemplo m\u00e1s de todo lo que se fue haciendo en la comunidad. Quiero agradecer el trabajo que hace la referente Carolina Sotelo y tambi\u00e9n el apoyo de la sociedad de fomento que preside Silvina Arrieta\u201d, dijo.<\/p>\n\n\n\n<p>Al momento de hablar ante los presentes, Mariana San Mart\u00edn dio un dato que habla por s\u00ed solo de c\u00f3mo funciona el Punto Digital. \u201cEs el quinto m\u00e1s utilizado de todo el pa\u00eds, seg\u00fan las estad\u00edsticas oficiales. Eso habla del compromiso de todos los que integran esta gran comunidad\u201d, sostuvo la presidenta del Concejo.<\/p>\n\n\n\n<p>Luego fue el momento de compartir un desayuno con los presentes, entre ellos los alumnos y alumnas de cuarto a\u00f1o de la Escuela N 20. Hubo torta y el tradicional canto de feliz cumplea\u00f1os para este Punto Digital de Gowland y Agote.<\/p>\n","protected":false},"excerpt":{"rendered":"<p>El Punto Digital Gowland celebr\u00f3 su segundo aniversario con la presencia de estudiantes, familias y equipos de trabajo. Es un &#8230; <a title=\"Emotivo aniversario del Punto Digital de Gowland\" class=\"read-more\" href=\"https:\/\/www.hoymercedes.com.ar\/principal\/2024\/08\/07\/emotivo-aniversario-del-punto-digital-de-gowland\/\" aria-label=\"Leer m\u00e1s sobre Emotivo aniversario del Punto Digital de Gowland\">Leer m\u00e1s<\/a><\/p>\n","protected":false},"author":1,"featured_media":177777,"comment_status":"closed","ping_status":"open","sticky":false,"template":"","format":"standard","meta":{"_monsterinsights_skip_tracking":false,"_monsterinsights_sitenote_active":false,"_monsterinsights_sitenote_note":"","_monsterinsights_sitenote_category":0,"jetpack_post_was_ever_published":false,"_jetpack_newsletter_access":"","_jetpack_dont_email_post_to_subs":false,"_jetpack_newsletter_tier_id":0,"_jetpack_memberships_contains_paywalled_content":false,"_jetpack_memberships_contains_paid_content":false,"footnotes":"","jetpack_publicize_message":"","jetpack_publicize_feature_enabled":true,"jetpack_social_post_already_shared":true,"jetpack_social_options":{"image_generator_settings":{"template":"highway","default_image_id":0,"font":"","enabled":false},"version":2},"_wpas_customize_per_network":false},"categories":[8],"tags":[],"class_list":["post-177776","post","type-post","status-publish","format-standard","has-post-thumbnail","hentry","category-sociedad","generate-columns","tablet-grid-50","mobile-grid-100","grid-parent","grid-50"],"jetpack_publicize_connections":[],"jetpack_featured_media_url":"https:\/\/www.hoymercedes.com.ar\/principal\/wp-content\/uploads\/2024\/08\/2.jpg","wps_subtitle":"Educaci\u00f3n ","jetpack_sharing_enabled":true,"_links":{"self":[{"href":"https:\/\/www.hoymercedes.com.ar\/principal\/wp-json\/wp\/v2\/posts\/177776","targetHints":{"allow":["GET"]}}],"collection":[{"href":"https:\/\/www.hoymercedes.com.ar\/principal\/wp-json\/wp\/v2\/posts"}],"about":[{"href":"https:\/\/www.hoymercedes.com.ar\/principal\/wp-json\/wp\/v2\/types\/post"}],"author":[{"embeddable":true,"href":"https:\/\/www.hoymercedes.com.ar\/principal\/wp-json\/wp\/v2\/users\/1"}],"replies":[{"embeddable":true,"href":"https:\/\/www.hoymercedes.com.ar\/principal\/wp-json\/wp\/v2\/comments?post=177776"}],"version-history":[{"count":0,"href":"https:\/\/www.hoymercedes.com.ar\/principal\/wp-json\/wp\/v2\/posts\/177776\/revisions"}],"wp:featuredmedia":[{"embeddable":true,"href":"https:\/\/www.hoymercedes.com.ar\/principal\/wp-json\/wp\/v2\/media\/177777"}],"wp:attachment":[{"href":"https:\/\/www.hoymercedes.com.ar\/principal\/wp-json\/wp\/v2\/media?parent=177776"}],"wp:term":[{"taxonomy":"category","embeddable":true,"href":"https:\/\/www.hoymercedes.com.ar\/principal\/wp-json\/wp\/v2\/categories?post=177776"},{"taxonomy":"post_tag","embeddable":true,"href":"https:\/\/www.hoymercedes.com.ar\/principal\/wp-json\/wp\/v2\/tags?post=177776"}],"curies":[{"name":"wp","href":"https:\/\/api.w.org\/{rel}","templated":true}]}}