{"id":177798,"date":"2024-08-12T10:05:00","date_gmt":"2024-08-12T13:05:00","guid":{"rendered":"https:\/\/www.hoymercedes.com.ar\/principal\/?p=177798"},"modified":"2024-08-10T13:43:37","modified_gmt":"2024-08-10T16:43:37","slug":"lujan-luna-narra-cuentos-en-la-biblioteca","status":"publish","type":"post","link":"https:\/\/www.hoymercedes.com.ar\/principal\/2024\/08\/12\/lujan-luna-narra-cuentos-en-la-biblioteca\/","title":{"rendered":"Luj\u00e1n Luna narra cuentos en la Biblioteca"},"content":{"rendered":"\n<p>El pr\u00f3ximo domingo 25 de agosto, 19 horas, la profesora de literatura y narradora Mar\u00eda Luj\u00e1n Luna presentar\u00e1 \u201cCuentos en la Biblioteca\u00bb. El lugar elegido precisamente en la Biblioteca Domingo Faustino Sarmiento, ubicada en avenida 29 entre 28 y 30, en la ciudad de Mercedes.<\/p>\n\n\n\n<p>En este evento, Luna ofrecer\u00e1 una selecci\u00f3n de cuentos literarios narrados a viva voz, dirigida a un p\u00fablico adolescente y adulto. Las entradas est\u00e1n diponibles en la centenaria instituci\u00f3n de avenida 29 por un valor de 3000 pesos. Tambi\u00e9n se pueden solicitar al tel\u00e9fono 432620 de 9 a 16:30 hs. Todo lo recaudado ser\u00e1 destinado a beneficio de la Biblioteca Sarmiento.<\/p>\n\n\n<div class=\"wp-block-image\">\n<figure class=\"aligncenter size-large\"><img loading=\"lazy\" decoding=\"async\" width=\"723\" height=\"1024\" data-attachment-id=\"177844\" data-permalink=\"https:\/\/www.hoymercedes.com.ar\/principal\/2024\/08\/12\/lujan-luna-narra-cuentos-en-la-biblioteca\/image-61\/#main\" data-orig-file=\"https:\/\/www.hoymercedes.com.ar\/principal\/wp-content\/uploads\/2024\/08\/image-6.png\" data-orig-size=\"904,1280\" data-comments-opened=\"0\" data-image-meta=\"{&quot;aperture&quot;:&quot;0&quot;,&quot;credit&quot;:&quot;&quot;,&quot;camera&quot;:&quot;&quot;,&quot;caption&quot;:&quot;&quot;,&quot;created_timestamp&quot;:&quot;0&quot;,&quot;copyright&quot;:&quot;&quot;,&quot;focal_length&quot;:&quot;0&quot;,&quot;iso&quot;:&quot;0&quot;,&quot;shutter_speed&quot;:&quot;0&quot;,&quot;title&quot;:&quot;&quot;,&quot;orientation&quot;:&quot;0&quot;}\" data-image-title=\"image\" data-image-description=\"\" data-image-caption=\"\" data-large-file=\"https:\/\/www.hoymercedes.com.ar\/principal\/wp-content\/uploads\/2024\/08\/image-6-723x1024.png\" src=\"https:\/\/www.hoymercedes.com.ar\/principal\/wp-content\/uploads\/2024\/08\/image-6-723x1024.png\" alt=\"\" class=\"wp-image-177844\" srcset=\"https:\/\/www.hoymercedes.com.ar\/principal\/wp-content\/uploads\/2024\/08\/image-6-723x1024.png 723w, https:\/\/www.hoymercedes.com.ar\/principal\/wp-content\/uploads\/2024\/08\/image-6-438x620.png 438w, https:\/\/www.hoymercedes.com.ar\/principal\/wp-content\/uploads\/2024\/08\/image-6-106x150.png 106w, https:\/\/www.hoymercedes.com.ar\/principal\/wp-content\/uploads\/2024\/08\/image-6.png 904w\" sizes=\"auto, (max-width: 723px) 100vw, 723px\" \/><\/figure>\n<\/div>\n\n\n<p><\/p>\n","protected":false},"excerpt":{"rendered":"<p>El pr\u00f3ximo domingo 25 de agosto, 19 horas, la profesora de literatura y narradora Mar\u00eda Luj\u00e1n Luna presentar\u00e1 \u201cCuentos en &#8230; <a title=\"Luj\u00e1n Luna narra cuentos en la Biblioteca\" class=\"read-more\" href=\"https:\/\/www.hoymercedes.com.ar\/principal\/2024\/08\/12\/lujan-luna-narra-cuentos-en-la-biblioteca\/\" aria-label=\"Leer m\u00e1s sobre Luj\u00e1n Luna narra cuentos en la Biblioteca\">Leer m\u00e1s<\/a><\/p>\n","protected":false},"author":1,"featured_media":177845,"comment_status":"closed","ping_status":"open","sticky":false,"template":"","format":"standard","meta":{"_monsterinsights_skip_tracking":false,"_monsterinsights_sitenote_active":false,"_monsterinsights_sitenote_note":"","_monsterinsights_sitenote_category":0,"jetpack_post_was_ever_published":false,"_jetpack_newsletter_access":"","_jetpack_dont_email_post_to_subs":false,"_jetpack_newsletter_tier_id":0,"_jetpack_memberships_contains_paywalled_content":false,"_jetpack_memberships_contains_paid_content":false,"footnotes":"","jetpack_publicize_message":"","jetpack_publicize_feature_enabled":true,"jetpack_social_post_already_shared":true,"jetpack_social_options":{"image_generator_settings":{"template":"highway","default_image_id":0,"font":"","enabled":false},"version":2},"_wpas_customize_per_network":false},"categories":[8],"tags":[],"class_list":["post-177798","post","type-post","status-publish","format-standard","has-post-thumbnail","hentry","category-sociedad","generate-columns","tablet-grid-50","mobile-grid-100","grid-parent","grid-50"],"jetpack_publicize_connections":[],"jetpack_featured_media_url":"https:\/\/www.hoymercedes.com.ar\/principal\/wp-content\/uploads\/2024\/08\/lujan-luna.jpg","wps_subtitle":"","jetpack_sharing_enabled":true,"_links":{"self":[{"href":"https:\/\/www.hoymercedes.com.ar\/principal\/wp-json\/wp\/v2\/posts\/177798","targetHints":{"allow":["GET"]}}],"collection":[{"href":"https:\/\/www.hoymercedes.com.ar\/principal\/wp-json\/wp\/v2\/posts"}],"about":[{"href":"https:\/\/www.hoymercedes.com.ar\/principal\/wp-json\/wp\/v2\/types\/post"}],"author":[{"embeddable":true,"href":"https:\/\/www.hoymercedes.com.ar\/principal\/wp-json\/wp\/v2\/users\/1"}],"replies":[{"embeddable":true,"href":"https:\/\/www.hoymercedes.com.ar\/principal\/wp-json\/wp\/v2\/comments?post=177798"}],"version-history":[{"count":0,"href":"https:\/\/www.hoymercedes.com.ar\/principal\/wp-json\/wp\/v2\/posts\/177798\/revisions"}],"wp:featuredmedia":[{"embeddable":true,"href":"https:\/\/www.hoymercedes.com.ar\/principal\/wp-json\/wp\/v2\/media\/177845"}],"wp:attachment":[{"href":"https:\/\/www.hoymercedes.com.ar\/principal\/wp-json\/wp\/v2\/media?parent=177798"}],"wp:term":[{"taxonomy":"category","embeddable":true,"href":"https:\/\/www.hoymercedes.com.ar\/principal\/wp-json\/wp\/v2\/categories?post=177798"},{"taxonomy":"post_tag","embeddable":true,"href":"https:\/\/www.hoymercedes.com.ar\/principal\/wp-json\/wp\/v2\/tags?post=177798"}],"curies":[{"name":"wp","href":"https:\/\/api.w.org\/{rel}","templated":true}]}}