{"id":177824,"date":"2024-08-09T14:25:01","date_gmt":"2024-08-09T17:25:01","guid":{"rendered":"https:\/\/www.hoymercedes.com.ar\/principal\/?p=177824"},"modified":"2024-08-09T14:25:02","modified_gmt":"2024-08-09T17:25:02","slug":"un-detenido-por-multiples-hechos-delictivos","status":"publish","type":"post","link":"https:\/\/www.hoymercedes.com.ar\/principal\/2024\/08\/09\/un-detenido-por-multiples-hechos-delictivos\/","title":{"rendered":"Un detenido por m\u00faltiples hechos delictivos"},"content":{"rendered":"\n<p>Se logr\u00f3 la aprehensi\u00f3n de un sujeto que en reiteradas ocasiones cometi\u00f3 varios il\u00edcitos en la ciudad de Mercedes.<\/p>\n\n\n\n<p>En la jornada del lunes 5 del corriente, en horas de la madrugada, un sujeto ingres\u00f3 &#8211; previo forzar la persiana met\u00e1lica exterior y romper un vidrio &#8211; a un poli-rubro en la ciudad de Mercedes. All\u00ed sustrajo dinero en efectivo, cigarrillos y otros art\u00edculos, para luego darse a la fuga.<\/p>\n\n\n\n<p>Poco tiempo m\u00e1s tarde, tambi\u00e9n intent\u00f3 sustraer, sin ejercer violencia, un veh\u00edculo Chevrolet Agile, el cual estaba estacionado. Pero no logr\u00f3 su cometido ya que su accionar fue advertido por personal de monitoreo municipal que dio aviso a personal policial. Al advertir la presencia de las fuerzas de seguridad, se dio a la fuga a pie e ingres\u00f3 a una vivienda donde rompi\u00f3 una c\u00e1mara de seguridad, descart\u00e1ndose de la mochila que llevaba en el camino. Posteriormente fue aprehendido por personal policial.<\/p>\n\n\n\n<p>Por el hecho tom\u00f3 intervenci\u00f3n la Unidad Funcional de Instrucci\u00f3n N\u00b0 6 del Departamento Judicial Mercedes &#8211; a cargo del dr. Luis Carcagno &#8211; que imparti\u00f3 las directivas del caso. Result\u00f3, adem\u00e1s, que el sujeto contaba con un pedido de detenci\u00f3n vigente por otros dos hechos tambi\u00e9n cometidos en la localidad por \u201cHurto simple\u201d y \u201cAmenazas simples\u201d y \u201cRobo agravado con escalamiento en grado de tentativa\u201d con intervenci\u00f3n de la UFI N\u00b0 2 del Departamento Judicial Mercedes; adem\u00e1s de encontrarse sospechado por otros hechos.<\/p>\n\n\n\n<p>Seg\u00fan se conoci\u00f3 en la jornada del 4 de agosto \u00faltimo, en horas de la noche, el sujeto ingres\u00f3 al domicilio de su ex pareja violentando la puerta de entrada y provoc\u00f3 da\u00f1os en el lugar.<br>En tanto, entre la noche del domingo 4 y la ma\u00f1ana del d\u00eda siguiente ingres\u00f3 sin ejercer violencia a un domicilio de la ciudad de Mercedes donde sustrajo diversas herramientas y un arma de fuego; y en otra casa una garrafa de 10 kg.<\/p>\n\n\n\n<p>Por otro lado, tambi\u00e9n en la jornada del domingo 4, en horas de la tarde, provoc\u00f3 da\u00f1os en la vivienda de un familiar de su ex pareja en dos ocasiones, profiriendo a su vez amenazas telef\u00f3nicas.<\/p>\n\n\n\n<p>Por otra parte, se supo que este mismo sujeto en la jornada del 21 de julio pasado ingres\u00f3 -en conjunto con una segunda persona tambi\u00e9n imputada que ofici\u00f3 de \u201ccampana\u201d &#8211; a una empresa ubicada en ruta nacional N\u00b0 5 de esta localidad tras saltar un port\u00f3n. Rompi\u00f3 una puerta de vidrio e intent\u00f3 hacerse de elementos de valor pero no logr\u00f3 su objetivo ya que se activ\u00f3 la alarma y emprendieron la fuga. Horas m\u00e1s tarde, ambos ingresaron en un domicilio de la ciudad, ingresando a la galer\u00eda y sustrayendo dos bicicletas, para luego darse a la fuga en los biciclos.<\/p>\n\n\n\n<p>El imputado (de 32 a\u00f1os, domiciliado en Mercedes) compareci\u00f3 ante el agente fiscal a cargo en el marco de la audiencia de declaraci\u00f3n en los t\u00e9rminos del art. 308 del C\u00f3digo Procesal Penal en la jornada del martes 6 del corriente. Fue por los delitos de \u201cRobo simple\u201d, \u201cViolaci\u00f3n de domicilio y da\u00f1o\u201d (cuatro hechos), \u201cHurto de veh\u00edculo dejado en la v\u00eda p\u00fablica en grado de tentativa\u201d, \u201cHurto simple\u201d (tres hechos). \u201cAmenazas simples\u201d y \u201cRobo agravado con escalamiento en grado de tentativa\u201d e hizo uso de su derecho a negarse a declarar.<\/p>\n\n\n\n<p>Tras ello, se solicit\u00f3 ante el Juzgado de Garant\u00edas N\u00ba 2 la conversi\u00f3n de la aprehensi\u00f3n en detenci\u00f3n por los \u00faltimos hechos cometidos, la cual fue concedida.<\/p>\n\n\n\n<p>Fuente: \u00c1rea Comunicacional &#8211; Ministerio P\u00fablico Fiscal Departamental Mercedes<\/p>\n","protected":false},"excerpt":{"rendered":"<p>Se logr\u00f3 la aprehensi\u00f3n de un sujeto que en reiteradas ocasiones cometi\u00f3 varios il\u00edcitos en la ciudad de Mercedes. En &#8230; <a title=\"Un detenido por m\u00faltiples hechos delictivos\" class=\"read-more\" href=\"https:\/\/www.hoymercedes.com.ar\/principal\/2024\/08\/09\/un-detenido-por-multiples-hechos-delictivos\/\" aria-label=\"Leer m\u00e1s sobre Un detenido por m\u00faltiples hechos delictivos\">Leer m\u00e1s<\/a><\/p>\n","protected":false},"author":1,"featured_media":125642,"comment_status":"closed","ping_status":"open","sticky":false,"template":"","format":"standard","meta":{"_monsterinsights_skip_tracking":false,"_monsterinsights_sitenote_active":false,"_monsterinsights_sitenote_note":"","_monsterinsights_sitenote_category":0,"jetpack_post_was_ever_published":false,"_jetpack_newsletter_access":"","_jetpack_dont_email_post_to_subs":false,"_jetpack_newsletter_tier_id":0,"_jetpack_memberships_contains_paywalled_content":false,"_jetpack_memberships_contains_paid_content":false,"footnotes":"","jetpack_publicize_message":"","jetpack_publicize_feature_enabled":true,"jetpack_social_post_already_shared":true,"jetpack_social_options":{"image_generator_settings":{"template":"highway","default_image_id":0,"font":"","enabled":false},"version":2},"_wpas_customize_per_network":false},"categories":[8],"tags":[],"class_list":["post-177824","post","type-post","status-publish","format-standard","has-post-thumbnail","hentry","category-sociedad","generate-columns","tablet-grid-50","mobile-grid-100","grid-parent","grid-50"],"jetpack_publicize_connections":[],"jetpack_featured_media_url":"https:\/\/www.hoymercedes.com.ar\/principal\/wp-content\/uploads\/2021\/03\/02-movil-policia.jpg","wps_subtitle":"","jetpack_sharing_enabled":true,"_links":{"self":[{"href":"https:\/\/www.hoymercedes.com.ar\/principal\/wp-json\/wp\/v2\/posts\/177824","targetHints":{"allow":["GET"]}}],"collection":[{"href":"https:\/\/www.hoymercedes.com.ar\/principal\/wp-json\/wp\/v2\/posts"}],"about":[{"href":"https:\/\/www.hoymercedes.com.ar\/principal\/wp-json\/wp\/v2\/types\/post"}],"author":[{"embeddable":true,"href":"https:\/\/www.hoymercedes.com.ar\/principal\/wp-json\/wp\/v2\/users\/1"}],"replies":[{"embeddable":true,"href":"https:\/\/www.hoymercedes.com.ar\/principal\/wp-json\/wp\/v2\/comments?post=177824"}],"version-history":[{"count":0,"href":"https:\/\/www.hoymercedes.com.ar\/principal\/wp-json\/wp\/v2\/posts\/177824\/revisions"}],"wp:featuredmedia":[{"embeddable":true,"href":"https:\/\/www.hoymercedes.com.ar\/principal\/wp-json\/wp\/v2\/media\/125642"}],"wp:attachment":[{"href":"https:\/\/www.hoymercedes.com.ar\/principal\/wp-json\/wp\/v2\/media?parent=177824"}],"wp:term":[{"taxonomy":"category","embeddable":true,"href":"https:\/\/www.hoymercedes.com.ar\/principal\/wp-json\/wp\/v2\/categories?post=177824"},{"taxonomy":"post_tag","embeddable":true,"href":"https:\/\/www.hoymercedes.com.ar\/principal\/wp-json\/wp\/v2\/tags?post=177824"}],"curies":[{"name":"wp","href":"https:\/\/api.w.org\/{rel}","templated":true}]}}