{"id":177881,"date":"2024-08-12T14:55:00","date_gmt":"2024-08-12T17:55:00","guid":{"rendered":"https:\/\/www.hoymercedes.com.ar\/principal\/?p=177881"},"modified":"2024-08-12T14:00:21","modified_gmt":"2024-08-12T17:00:21","slug":"fiesta-y-reconocimiento-municipal-al-centenario-del-restaurante-silvano","status":"publish","type":"post","link":"https:\/\/www.hoymercedes.com.ar\/principal\/2024\/08\/12\/fiesta-y-reconocimiento-municipal-al-centenario-del-restaurante-silvano\/","title":{"rendered":"Fiesta y reconocimiento municipal al centenario del Restaurante Silvano"},"content":{"rendered":"\n<figure class=\"wp-block-image size-large\"><img loading=\"lazy\" decoding=\"async\" width=\"1024\" height=\"684\" data-attachment-id=\"177882\" data-permalink=\"https:\/\/www.hoymercedes.com.ar\/principal\/2024\/08\/12\/fiesta-y-reconocimiento-municipal-al-centenario-del-restaurante-silvano\/mhm_4586\/#main\" data-orig-file=\"https:\/\/www.hoymercedes.com.ar\/principal\/wp-content\/uploads\/2024\/08\/MHM_4586.jpg\" data-orig-size=\"1316,879\" data-comments-opened=\"0\" data-image-meta=\"{&quot;aperture&quot;:&quot;0&quot;,&quot;credit&quot;:&quot;&quot;,&quot;camera&quot;:&quot;&quot;,&quot;caption&quot;:&quot;&quot;,&quot;created_timestamp&quot;:&quot;0&quot;,&quot;copyright&quot;:&quot;&quot;,&quot;focal_length&quot;:&quot;0&quot;,&quot;iso&quot;:&quot;0&quot;,&quot;shutter_speed&quot;:&quot;0&quot;,&quot;title&quot;:&quot;&quot;,&quot;orientation&quot;:&quot;0&quot;}\" data-image-title=\"Fiesta y reconocimiento municipal al centenario del Restaurante Silvano\" data-image-description=\"\" data-image-caption=\"&lt;p&gt;Fiesta y reconocimiento municipal al centenario del Restaurante Silvano&lt;\/p&gt;\n\" data-large-file=\"https:\/\/www.hoymercedes.com.ar\/principal\/wp-content\/uploads\/2024\/08\/MHM_4586-1024x684.jpg\" src=\"https:\/\/www.hoymercedes.com.ar\/principal\/wp-content\/uploads\/2024\/08\/MHM_4586-1024x684.jpg\" alt=\"Fiesta y reconocimiento municipal al centenario del Restaurante Silvano\" class=\"wp-image-177882\" srcset=\"https:\/\/www.hoymercedes.com.ar\/principal\/wp-content\/uploads\/2024\/08\/MHM_4586-1024x684.jpg 1024w, https:\/\/www.hoymercedes.com.ar\/principal\/wp-content\/uploads\/2024\/08\/MHM_4586-630x421.jpg 630w, https:\/\/www.hoymercedes.com.ar\/principal\/wp-content\/uploads\/2024\/08\/MHM_4586-150x100.jpg 150w, https:\/\/www.hoymercedes.com.ar\/principal\/wp-content\/uploads\/2024\/08\/MHM_4586.jpg 1316w\" sizes=\"auto, (max-width: 1024px) 100vw, 1024px\" \/><\/figure>\n\n\n\n<p>La Familia Silvano celebr\u00f3 el centenario del nacimiento del restaurante \u00edcono de Tom\u00e1s Jofr\u00e9. En 1924 fueron pioneros de lo que hoy es un polo gastron\u00f3mico reconocido en todo el pa\u00eds. La fiesta cont\u00f3 con invitados especiales, shows en vivo, reconocimientos y mucha emoci\u00f3n. Estuvo presente el intendente Ustarroz y el senador \u201cWado\u201d de Pedro. Domingo Silvano expres\u00f3 el agradecimiento por el apoyo y acompa\u00f1amiento constante.<\/p>\n\n\n\n<p><strong>Celebraci\u00f3n<\/strong><\/p>\n\n\n\n<p>La jornada cont\u00f3 con invitados que la propia familia quiso est\u00e9n presente en este d\u00eda tan valioso para ellos. Vecinos, vecinas, proveedores, integrantes de la comunidad que suelen acompa\u00f1arles. &nbsp;<\/p>\n\n\n\n<p>Hubo adem\u00e1s shows en vivo, con Pasi\u00f3n Gaucha, Claudia Lome\u00f1a, Los L\u00f3pez Heredia y Pablo Aschero.<\/p>\n\n\n\n<figure class=\"wp-block-image size-large\"><img loading=\"lazy\" decoding=\"async\" width=\"1024\" height=\"684\" data-attachment-id=\"177883\" data-permalink=\"https:\/\/www.hoymercedes.com.ar\/principal\/2024\/08\/12\/fiesta-y-reconocimiento-municipal-al-centenario-del-restaurante-silvano\/mhm_4740\/#main\" data-orig-file=\"https:\/\/www.hoymercedes.com.ar\/principal\/wp-content\/uploads\/2024\/08\/MHM_4740.jpg\" data-orig-size=\"1316,879\" data-comments-opened=\"0\" data-image-meta=\"{&quot;aperture&quot;:&quot;0&quot;,&quot;credit&quot;:&quot;&quot;,&quot;camera&quot;:&quot;&quot;,&quot;caption&quot;:&quot;&quot;,&quot;created_timestamp&quot;:&quot;0&quot;,&quot;copyright&quot;:&quot;&quot;,&quot;focal_length&quot;:&quot;0&quot;,&quot;iso&quot;:&quot;0&quot;,&quot;shutter_speed&quot;:&quot;0&quot;,&quot;title&quot;:&quot;&quot;,&quot;orientation&quot;:&quot;0&quot;}\" data-image-title=\"Fiesta y reconocimiento municipal al centenario del Restaurante Silvano\" data-image-description=\"&lt;p&gt;Fiesta y reconocimiento municipal al centenario del Restaurante Silvano&lt;\/p&gt;\n\" data-image-caption=\"&lt;p&gt;Fiesta y reconocimiento municipal al centenario del Restaurante Silvano&lt;\/p&gt;\n\" data-large-file=\"https:\/\/www.hoymercedes.com.ar\/principal\/wp-content\/uploads\/2024\/08\/MHM_4740-1024x684.jpg\" src=\"https:\/\/www.hoymercedes.com.ar\/principal\/wp-content\/uploads\/2024\/08\/MHM_4740-1024x684.jpg\" alt=\"Fiesta y reconocimiento municipal al centenario del Restaurante Silvano\" class=\"wp-image-177883\" srcset=\"https:\/\/www.hoymercedes.com.ar\/principal\/wp-content\/uploads\/2024\/08\/MHM_4740-1024x684.jpg 1024w, https:\/\/www.hoymercedes.com.ar\/principal\/wp-content\/uploads\/2024\/08\/MHM_4740-630x421.jpg 630w, https:\/\/www.hoymercedes.com.ar\/principal\/wp-content\/uploads\/2024\/08\/MHM_4740-150x100.jpg 150w, https:\/\/www.hoymercedes.com.ar\/principal\/wp-content\/uploads\/2024\/08\/MHM_4740.jpg 1316w\" sizes=\"auto, (max-width: 1024px) 100vw, 1024px\" \/><\/figure>\n\n\n\n<p><strong>Reconocimiento<\/strong><\/p>\n\n\n\n<p>Hubo reconocimiento por parte de los restaurantes vecinos \u201cLa Casona\u201d y \u201cLa Querencia\u201d, como as\u00ed tambi\u00e9n del Concejo Deliberante a instancias de su presidenta, Mariana San Mart\u00edn y de CUNA, declarando patrimonio hist\u00f3rico.<\/p>\n\n\n\n<p><strong>Agradecimiento<\/strong><\/p>\n\n\n\n<p>\u201cDesde el Concejo te entregamos la ordenanza por la cual se declara al establecimiento patrimonio natural y cultural\u201d cont\u00f3 y narr\u00f3 que \u201cSilvano es el principio del comienzo de un pueblo\u201d mencion\u00f3 Mariana San Mart\u00edn.<\/p>\n\n\n\n<p>Domingo \u201cMinino\u201d Silvado cont\u00f3 la historia del establecimiento donde \u201cmi abuelo comenz\u00f3 con esto\u201d agradeci\u00f3 \u201ca toda la gente que nos acompa\u00f1\u00f3 y a los que no han podido estar, un compa\u00f1ero como Juani Ustarroz que nos apoy\u00f3 siempre y que cuando le llevamos alguna propuesta fuimos para adelante\u201d como as\u00ed tambi\u00e9n a \u201cWado de Pedro que nos escuch\u00f3 en cada ocasi\u00f3n, en cada momento\u201d para recordar tambi\u00e9n y especialmente a cada vecino y vecina en nombre de \u201cTita Calcaterra, siempre presente\u201d sin olvidar a su familia.<\/p>\n\n\n\n<figure class=\"wp-block-image size-large\"><img loading=\"lazy\" decoding=\"async\" width=\"1024\" height=\"684\" data-attachment-id=\"177884\" data-permalink=\"https:\/\/www.hoymercedes.com.ar\/principal\/2024\/08\/12\/fiesta-y-reconocimiento-municipal-al-centenario-del-restaurante-silvano\/mhm_4712\/#main\" data-orig-file=\"https:\/\/www.hoymercedes.com.ar\/principal\/wp-content\/uploads\/2024\/08\/MHM_4712.jpg\" data-orig-size=\"1316,879\" data-comments-opened=\"0\" data-image-meta=\"{&quot;aperture&quot;:&quot;0&quot;,&quot;credit&quot;:&quot;&quot;,&quot;camera&quot;:&quot;&quot;,&quot;caption&quot;:&quot;&quot;,&quot;created_timestamp&quot;:&quot;0&quot;,&quot;copyright&quot;:&quot;&quot;,&quot;focal_length&quot;:&quot;0&quot;,&quot;iso&quot;:&quot;0&quot;,&quot;shutter_speed&quot;:&quot;0&quot;,&quot;title&quot;:&quot;&quot;,&quot;orientation&quot;:&quot;0&quot;}\" data-image-title=\"Fiesta y reconocimiento municipal al centenario del Restaurante Silvano\" data-image-description=\"\" data-image-caption=\"&lt;p&gt;Fiesta y reconocimiento municipal al centenario del Restaurante Silvano&lt;\/p&gt;\n\" data-large-file=\"https:\/\/www.hoymercedes.com.ar\/principal\/wp-content\/uploads\/2024\/08\/MHM_4712-1024x684.jpg\" src=\"https:\/\/www.hoymercedes.com.ar\/principal\/wp-content\/uploads\/2024\/08\/MHM_4712-1024x684.jpg\" alt=\"Fiesta y reconocimiento municipal al centenario del Restaurante Silvano\" class=\"wp-image-177884\" srcset=\"https:\/\/www.hoymercedes.com.ar\/principal\/wp-content\/uploads\/2024\/08\/MHM_4712-1024x684.jpg 1024w, https:\/\/www.hoymercedes.com.ar\/principal\/wp-content\/uploads\/2024\/08\/MHM_4712-630x421.jpg 630w, https:\/\/www.hoymercedes.com.ar\/principal\/wp-content\/uploads\/2024\/08\/MHM_4712-150x100.jpg 150w, https:\/\/www.hoymercedes.com.ar\/principal\/wp-content\/uploads\/2024\/08\/MHM_4712.jpg 1316w\" sizes=\"auto, (max-width: 1024px) 100vw, 1024px\" \/><\/figure>\n\n\n\n<p>El intendente Ustarroz junto a De Pedro le entregaron una placa en conmemoraci\u00f3n. El jefe comunal expres\u00f3 que \u201cfelicitamos y agradecemos a toda su familia\u201d ya que \u201chan sido pioneros en este hermoso pueblo\u201d destac\u00f3.<\/p>\n\n\n\n<p>Cont\u00f3 que \u201cMinino siempre pens\u00f3 en su pueblo, en este lugar, y reci\u00e9n no, mientras conmemoramos este aniversario, nos daba la idea de una nueva fiesta que seguramente llevaremos adelante. Gracias por esa generosidad constante\u201d mencion\u00f3 ante la gente que lo quiere y acompa\u00f1\u00f3 tanto a \u00e9l como a su familia en este d\u00eda.<\/p>\n","protected":false},"excerpt":{"rendered":"<p>La Familia Silvano celebr\u00f3 el centenario del nacimiento del restaurante \u00edcono de Tom\u00e1s Jofr\u00e9. En 1924 fueron pioneros de lo &#8230; <a title=\"Fiesta y reconocimiento municipal al centenario del Restaurante Silvano\" class=\"read-more\" href=\"https:\/\/www.hoymercedes.com.ar\/principal\/2024\/08\/12\/fiesta-y-reconocimiento-municipal-al-centenario-del-restaurante-silvano\/\" aria-label=\"Leer m\u00e1s sobre Fiesta y reconocimiento municipal al centenario del Restaurante Silvano\">Leer m\u00e1s<\/a><\/p>\n","protected":false},"author":1,"featured_media":177883,"comment_status":"closed","ping_status":"open","sticky":false,"template":"","format":"standard","meta":{"_monsterinsights_skip_tracking":false,"_monsterinsights_sitenote_active":false,"_monsterinsights_sitenote_note":"","_monsterinsights_sitenote_category":0,"jetpack_post_was_ever_published":false,"_jetpack_newsletter_access":"","_jetpack_dont_email_post_to_subs":false,"_jetpack_newsletter_tier_id":0,"_jetpack_memberships_contains_paywalled_content":false,"_jetpack_memberships_contains_paid_content":false,"footnotes":"","jetpack_publicize_message":"","jetpack_publicize_feature_enabled":true,"jetpack_social_post_already_shared":true,"jetpack_social_options":{"image_generator_settings":{"template":"highway","default_image_id":0,"font":"","enabled":false},"version":2},"_wpas_customize_per_network":false},"categories":[8],"tags":[],"class_list":["post-177881","post","type-post","status-publish","format-standard","has-post-thumbnail","hentry","category-sociedad","generate-columns","tablet-grid-50","mobile-grid-100","grid-parent","grid-50"],"jetpack_publicize_connections":[],"jetpack_featured_media_url":"https:\/\/www.hoymercedes.com.ar\/principal\/wp-content\/uploads\/2024\/08\/MHM_4740.jpg","wps_subtitle":"Pioneros en Tom\u00e1s Jofr\u00e9","jetpack_sharing_enabled":true,"_links":{"self":[{"href":"https:\/\/www.hoymercedes.com.ar\/principal\/wp-json\/wp\/v2\/posts\/177881","targetHints":{"allow":["GET"]}}],"collection":[{"href":"https:\/\/www.hoymercedes.com.ar\/principal\/wp-json\/wp\/v2\/posts"}],"about":[{"href":"https:\/\/www.hoymercedes.com.ar\/principal\/wp-json\/wp\/v2\/types\/post"}],"author":[{"embeddable":true,"href":"https:\/\/www.hoymercedes.com.ar\/principal\/wp-json\/wp\/v2\/users\/1"}],"replies":[{"embeddable":true,"href":"https:\/\/www.hoymercedes.com.ar\/principal\/wp-json\/wp\/v2\/comments?post=177881"}],"version-history":[{"count":0,"href":"https:\/\/www.hoymercedes.com.ar\/principal\/wp-json\/wp\/v2\/posts\/177881\/revisions"}],"wp:featuredmedia":[{"embeddable":true,"href":"https:\/\/www.hoymercedes.com.ar\/principal\/wp-json\/wp\/v2\/media\/177883"}],"wp:attachment":[{"href":"https:\/\/www.hoymercedes.com.ar\/principal\/wp-json\/wp\/v2\/media?parent=177881"}],"wp:term":[{"taxonomy":"category","embeddable":true,"href":"https:\/\/www.hoymercedes.com.ar\/principal\/wp-json\/wp\/v2\/categories?post=177881"},{"taxonomy":"post_tag","embeddable":true,"href":"https:\/\/www.hoymercedes.com.ar\/principal\/wp-json\/wp\/v2\/tags?post=177881"}],"curies":[{"name":"wp","href":"https:\/\/api.w.org\/{rel}","templated":true}]}}