{"id":177966,"date":"2024-08-15T08:34:00","date_gmt":"2024-08-15T11:34:00","guid":{"rendered":"https:\/\/www.hoymercedes.com.ar\/principal\/?p=177966"},"modified":"2024-08-15T08:35:02","modified_gmt":"2024-08-15T11:35:02","slug":"educacion-suipacha-firma-convenio-con-la-universidad-del-este","status":"publish","type":"post","link":"https:\/\/www.hoymercedes.com.ar\/principal\/2024\/08\/15\/educacion-suipacha-firma-convenio-con-la-universidad-del-este\/","title":{"rendered":"Educaci\u00f3n: Suipacha firma convenio con la Universidad del Este"},"content":{"rendered":"\n<figure class=\"wp-block-image size-full is-resized\"><img loading=\"lazy\" decoding=\"async\" width=\"800\" height=\"597\" data-attachment-id=\"177967\" data-permalink=\"https:\/\/www.hoymercedes.com.ar\/principal\/2024\/08\/15\/educacion-suipacha-firma-convenio-con-la-universidad-del-este\/mancini-suipacha-universidaddeleste\/#main\" data-orig-file=\"https:\/\/www.hoymercedes.com.ar\/principal\/wp-content\/uploads\/2024\/08\/Mancini-Suipacha-UniversidadDelEste.jpg\" data-orig-size=\"800,597\" data-comments-opened=\"0\" data-image-meta=\"{&quot;aperture&quot;:&quot;0&quot;,&quot;credit&quot;:&quot;&quot;,&quot;camera&quot;:&quot;&quot;,&quot;caption&quot;:&quot;&quot;,&quot;created_timestamp&quot;:&quot;0&quot;,&quot;copyright&quot;:&quot;&quot;,&quot;focal_length&quot;:&quot;0&quot;,&quot;iso&quot;:&quot;0&quot;,&quot;shutter_speed&quot;:&quot;0&quot;,&quot;title&quot;:&quot;&quot;,&quot;orientation&quot;:&quot;0&quot;}\" data-image-title=\"Mancini-Suipacha-UniversidadDelEste\" data-image-description=\"&lt;p&gt;Educaci\u00f3n: Suipacha firma convenio con la Universidad del Este&lt;\/p&gt;\n\" data-image-caption=\"&lt;p&gt;Educaci\u00f3n: Suipacha firma convenio con la Universidad del Este&lt;\/p&gt;\n\" data-large-file=\"https:\/\/www.hoymercedes.com.ar\/principal\/wp-content\/uploads\/2024\/08\/Mancini-Suipacha-UniversidadDelEste.jpg\" src=\"https:\/\/www.hoymercedes.com.ar\/principal\/wp-content\/uploads\/2024\/08\/Mancini-Suipacha-UniversidadDelEste.jpg\" alt=\"Educaci\u00f3n: Suipacha firma convenio con la Universidad del Este\" class=\"wp-image-177967\" style=\"width:960px;height:auto\" srcset=\"https:\/\/www.hoymercedes.com.ar\/principal\/wp-content\/uploads\/2024\/08\/Mancini-Suipacha-UniversidadDelEste.jpg 800w, https:\/\/www.hoymercedes.com.ar\/principal\/wp-content\/uploads\/2024\/08\/Mancini-Suipacha-UniversidadDelEste-630x470.jpg 630w, https:\/\/www.hoymercedes.com.ar\/principal\/wp-content\/uploads\/2024\/08\/Mancini-Suipacha-UniversidadDelEste-150x112.jpg 150w\" sizes=\"auto, (max-width: 800px) 100vw, 800px\" \/><\/figure>\n\n\n\n<p>La comunidad ha dado un paso significativo en su desarrollo educativo al firmar un convenio con la Universidad del Este, abriendo nuevas oportunidades de formaci\u00f3n profesional para sus habitantes.<\/p>\n\n\n\n<p>El acuerdo, suscrito por el vicerrector Bruno Alejandro D\u00edaz y el intendente Juan Luis Mancini, permitir\u00e1 a los residentes de Suipacha acceder a una amplia gama de carreras universitarias de forma virtual y arancelada.<\/p>\n\n\n\n<p>Entre las opciones disponibles se encuentran carreras como Relaciones P\u00fablicas, Publicidad, Periodismo, Dise\u00f1o de Indumentaria, Dise\u00f1o Digital, Administraci\u00f3n, Comercializaci\u00f3n y Control Ambiental, entre otras. Esta diversidad de programas busca satisfacer las necesidades educativas de una amplia variedad de intereses y vocaciones.<\/p>\n\n\n\n<p>Las autoridades locales han expresado su entusiasmo por esta iniciativa, destacando la importancia de la formaci\u00f3n de profesionales en distintas \u00e1reas del conocimiento para el crecimiento y desarrollo de la comunidad de Suipacha.<\/p>\n\n\n\n<p>\u00abEste convenio representa un hito en nuestro compromiso con la educaci\u00f3n superior\u00bb, coment\u00f3 Mancini, agregando que \u00abla formaci\u00f3n de m\u00e1s profesionales es imprescindible para el futuro de nuestra comunidad\u00bb.<\/p>\n\n\n\n<p>&nbsp;Los interesados en aprovechar esta oportunidad pueden obtener m\u00e1s informaci\u00f3n y detalles sobre las carreras ofrecidas en el sitio web oficial de la Universidad del Este.<\/p>\n\n\n\n<p>Este acuerdo no solo ampl\u00eda las opciones educativas para los residentes de Suipacha, sino que tambi\u00e9n elimina barreras geogr\u00e1ficas al ofrecer programas en modalidad virtual, permitiendo a los estudiantes equilibrar sus estudios con otras responsabilidades.<\/p>\n\n\n\n<p>La firma de este convenio marca un paso importante en el fortalecimiento del tejido educativo de Suipacha, prometiendo un futuro m\u00e1s brillante y lleno de oportunidades para sus habitantes.<\/p>\n\n\n\n<p>Info: <a href=\"https:\/\/www.suipachahoy.com\/nota\/educacion-suipacha-firma-convenio-con-la-universidad-del-este\" target=\"_blank\" rel=\"noopener\">SuipachaHoy<\/a><\/p>\n","protected":false},"excerpt":{"rendered":"<p>La comunidad ha dado un paso significativo en su desarrollo educativo al firmar un convenio con la Universidad del Este, &#8230; <a title=\"Educaci\u00f3n: Suipacha firma convenio con la Universidad del Este\" class=\"read-more\" href=\"https:\/\/www.hoymercedes.com.ar\/principal\/2024\/08\/15\/educacion-suipacha-firma-convenio-con-la-universidad-del-este\/\" aria-label=\"Leer m\u00e1s sobre Educaci\u00f3n: Suipacha firma convenio con la Universidad del Este\">Leer m\u00e1s<\/a><\/p>\n","protected":false},"author":1,"featured_media":177967,"comment_status":"closed","ping_status":"open","sticky":false,"template":"","format":"standard","meta":{"_monsterinsights_skip_tracking":false,"_monsterinsights_sitenote_active":false,"_monsterinsights_sitenote_note":"","_monsterinsights_sitenote_category":0,"jetpack_post_was_ever_published":false,"_jetpack_newsletter_access":"","_jetpack_dont_email_post_to_subs":false,"_jetpack_newsletter_tier_id":0,"_jetpack_memberships_contains_paywalled_content":false,"_jetpack_memberships_contains_paid_content":false,"footnotes":"","jetpack_publicize_message":"","jetpack_publicize_feature_enabled":true,"jetpack_social_post_already_shared":false,"jetpack_social_options":{"image_generator_settings":{"template":"highway","default_image_id":0,"font":"","enabled":false},"version":2},"_wpas_customize_per_network":false},"categories":[5501],"tags":[47,18442,559,19688],"class_list":["post-177966","post","type-post","status-publish","format-standard","has-post-thumbnail","hentry","category-region","tag-educacion-2","tag-juan-luis-mancini","tag-suipacha","tag-universidad-del-este","generate-columns","tablet-grid-50","mobile-grid-100","grid-parent","grid-50"],"jetpack_publicize_connections":[],"jetpack_featured_media_url":"https:\/\/www.hoymercedes.com.ar\/principal\/wp-content\/uploads\/2024\/08\/Mancini-Suipacha-UniversidadDelEste.jpg","wps_subtitle":"Avance","jetpack_sharing_enabled":true,"_links":{"self":[{"href":"https:\/\/www.hoymercedes.com.ar\/principal\/wp-json\/wp\/v2\/posts\/177966","targetHints":{"allow":["GET"]}}],"collection":[{"href":"https:\/\/www.hoymercedes.com.ar\/principal\/wp-json\/wp\/v2\/posts"}],"about":[{"href":"https:\/\/www.hoymercedes.com.ar\/principal\/wp-json\/wp\/v2\/types\/post"}],"author":[{"embeddable":true,"href":"https:\/\/www.hoymercedes.com.ar\/principal\/wp-json\/wp\/v2\/users\/1"}],"replies":[{"embeddable":true,"href":"https:\/\/www.hoymercedes.com.ar\/principal\/wp-json\/wp\/v2\/comments?post=177966"}],"version-history":[{"count":0,"href":"https:\/\/www.hoymercedes.com.ar\/principal\/wp-json\/wp\/v2\/posts\/177966\/revisions"}],"wp:featuredmedia":[{"embeddable":true,"href":"https:\/\/www.hoymercedes.com.ar\/principal\/wp-json\/wp\/v2\/media\/177967"}],"wp:attachment":[{"href":"https:\/\/www.hoymercedes.com.ar\/principal\/wp-json\/wp\/v2\/media?parent=177966"}],"wp:term":[{"taxonomy":"category","embeddable":true,"href":"https:\/\/www.hoymercedes.com.ar\/principal\/wp-json\/wp\/v2\/categories?post=177966"},{"taxonomy":"post_tag","embeddable":true,"href":"https:\/\/www.hoymercedes.com.ar\/principal\/wp-json\/wp\/v2\/tags?post=177966"}],"curies":[{"name":"wp","href":"https:\/\/api.w.org\/{rel}","templated":true}]}}