{"id":177986,"date":"2024-08-15T20:29:25","date_gmt":"2024-08-15T23:29:25","guid":{"rendered":"https:\/\/www.hoymercedes.com.ar\/principal\/?p=177986"},"modified":"2024-08-15T20:30:40","modified_gmt":"2024-08-15T23:30:40","slug":"romper-el-circulo-y-aliens-en-estreno-en-el-cine-mercedes","status":"publish","type":"post","link":"https:\/\/www.hoymercedes.com.ar\/principal\/2024\/08\/15\/romper-el-circulo-y-aliens-en-estreno-en-el-cine-mercedes\/","title":{"rendered":"\u00abRomper el C\u00edrculo\u00bb y \u00abAliens\u00bb en estreno en el Cine Mercedes"},"content":{"rendered":"\n<p>Desde el viernes 16 al martes 20 de agosto, el Cine Mercedes presenta tres pel\u00edculas en cartelera. Una de las m\u00e1s esperadas por los amantes de la lectura es la adaptaci\u00f3n cinematogr\u00e1fica de \u00abRomper el C\u00edrculo\u00bb, una trama rom\u00e1ntica que a su vez plantea como tema central la violencia de g\u00e9nero. Mientras que en otras funciones se presenta la \u00faltima de la saga de \u00abAliens\u00bb y el s\u00e1bado y domingo contin\u00faa \u00abGigantes\u00bb. <\/p>\n\n\n<div class=\"wp-block-image\">\n<figure class=\"aligncenter size-full\"><img loading=\"lazy\" decoding=\"async\" width=\"568\" height=\"800\" data-attachment-id=\"177987\" data-permalink=\"https:\/\/www.hoymercedes.com.ar\/principal\/2024\/08\/15\/romper-el-circulo-y-aliens-en-estreno-en-el-cine-mercedes\/gacetilla-cine-mercedes-4-5\/#main\" data-orig-file=\"https:\/\/www.hoymercedes.com.ar\/principal\/wp-content\/uploads\/2024\/08\/Gacetilla-Cine-Mercedes-4.jpg\" data-orig-size=\"568,800\" data-comments-opened=\"0\" data-image-meta=\"{&quot;aperture&quot;:&quot;0&quot;,&quot;credit&quot;:&quot;&quot;,&quot;camera&quot;:&quot;&quot;,&quot;caption&quot;:&quot;&quot;,&quot;created_timestamp&quot;:&quot;0&quot;,&quot;copyright&quot;:&quot;&quot;,&quot;focal_length&quot;:&quot;0&quot;,&quot;iso&quot;:&quot;0&quot;,&quot;shutter_speed&quot;:&quot;0&quot;,&quot;title&quot;:&quot;&quot;,&quot;orientation&quot;:&quot;0&quot;}\" data-image-title=\"Gacetilla Cine Mercedes (4)\" data-image-description=\"\" data-image-caption=\"\" data-large-file=\"https:\/\/www.hoymercedes.com.ar\/principal\/wp-content\/uploads\/2024\/08\/Gacetilla-Cine-Mercedes-4.jpg\" src=\"https:\/\/www.hoymercedes.com.ar\/principal\/wp-content\/uploads\/2024\/08\/Gacetilla-Cine-Mercedes-4.jpg\" alt=\"\" class=\"wp-image-177987\" srcset=\"https:\/\/www.hoymercedes.com.ar\/principal\/wp-content\/uploads\/2024\/08\/Gacetilla-Cine-Mercedes-4.jpg 568w, https:\/\/www.hoymercedes.com.ar\/principal\/wp-content\/uploads\/2024\/08\/Gacetilla-Cine-Mercedes-4-440x620.jpg 440w, https:\/\/www.hoymercedes.com.ar\/principal\/wp-content\/uploads\/2024\/08\/Gacetilla-Cine-Mercedes-4-107x150.jpg 107w\" sizes=\"auto, (max-width: 568px) 100vw, 568px\" \/><\/figure>\n<\/div>","protected":false},"excerpt":{"rendered":"<p>Desde el viernes 16 al martes 20 de agosto, el Cine Mercedes presenta tres pel\u00edculas en cartelera. Una de las &#8230; <a title=\"\u00abRomper el C\u00edrculo\u00bb y \u00abAliens\u00bb en estreno en el Cine Mercedes\" class=\"read-more\" href=\"https:\/\/www.hoymercedes.com.ar\/principal\/2024\/08\/15\/romper-el-circulo-y-aliens-en-estreno-en-el-cine-mercedes\/\" aria-label=\"Leer m\u00e1s sobre \u00abRomper el C\u00edrculo\u00bb y \u00abAliens\u00bb en estreno en el Cine Mercedes\">Leer m\u00e1s<\/a><\/p>\n","protected":false},"author":1,"featured_media":177988,"comment_status":"closed","ping_status":"open","sticky":false,"template":"","format":"standard","meta":{"_monsterinsights_skip_tracking":false,"_monsterinsights_sitenote_active":false,"_monsterinsights_sitenote_note":"","_monsterinsights_sitenote_category":0,"jetpack_post_was_ever_published":false,"_jetpack_newsletter_access":"","_jetpack_dont_email_post_to_subs":false,"_jetpack_newsletter_tier_id":0,"_jetpack_memberships_contains_paywalled_content":false,"_jetpack_memberships_contains_paid_content":false,"footnotes":"","jetpack_publicize_message":"","jetpack_publicize_feature_enabled":true,"jetpack_social_post_already_shared":true,"jetpack_social_options":{"image_generator_settings":{"template":"highway","default_image_id":0,"font":"","enabled":false},"version":2},"_wpas_customize_per_network":false},"categories":[104],"tags":[7805],"class_list":["post-177986","post","type-post","status-publish","format-standard","has-post-thumbnail","hentry","category-cultura","tag-cultura","generate-columns","tablet-grid-50","mobile-grid-100","grid-parent","grid-50"],"jetpack_publicize_connections":[],"jetpack_featured_media_url":"https:\/\/www.hoymercedes.com.ar\/principal\/wp-content\/uploads\/2024\/08\/UIP-ROMPER-EL-CIRCULO.jpg","wps_subtitle":"","jetpack_sharing_enabled":true,"_links":{"self":[{"href":"https:\/\/www.hoymercedes.com.ar\/principal\/wp-json\/wp\/v2\/posts\/177986","targetHints":{"allow":["GET"]}}],"collection":[{"href":"https:\/\/www.hoymercedes.com.ar\/principal\/wp-json\/wp\/v2\/posts"}],"about":[{"href":"https:\/\/www.hoymercedes.com.ar\/principal\/wp-json\/wp\/v2\/types\/post"}],"author":[{"embeddable":true,"href":"https:\/\/www.hoymercedes.com.ar\/principal\/wp-json\/wp\/v2\/users\/1"}],"replies":[{"embeddable":true,"href":"https:\/\/www.hoymercedes.com.ar\/principal\/wp-json\/wp\/v2\/comments?post=177986"}],"version-history":[{"count":0,"href":"https:\/\/www.hoymercedes.com.ar\/principal\/wp-json\/wp\/v2\/posts\/177986\/revisions"}],"wp:featuredmedia":[{"embeddable":true,"href":"https:\/\/www.hoymercedes.com.ar\/principal\/wp-json\/wp\/v2\/media\/177988"}],"wp:attachment":[{"href":"https:\/\/www.hoymercedes.com.ar\/principal\/wp-json\/wp\/v2\/media?parent=177986"}],"wp:term":[{"taxonomy":"category","embeddable":true,"href":"https:\/\/www.hoymercedes.com.ar\/principal\/wp-json\/wp\/v2\/categories?post=177986"},{"taxonomy":"post_tag","embeddable":true,"href":"https:\/\/www.hoymercedes.com.ar\/principal\/wp-json\/wp\/v2\/tags?post=177986"}],"curies":[{"name":"wp","href":"https:\/\/api.w.org\/{rel}","templated":true}]}}