{"id":178032,"date":"2024-08-18T02:14:10","date_gmt":"2024-08-18T05:14:10","guid":{"rendered":"https:\/\/www.hoymercedes.com.ar\/principal\/?p=178032"},"modified":"2024-08-18T02:14:11","modified_gmt":"2024-08-18T05:14:11","slug":"empate-entre-club-mercedes-y-yupanqui","status":"publish","type":"post","link":"https:\/\/www.hoymercedes.com.ar\/principal\/2024\/08\/18\/empate-entre-club-mercedes-y-yupanqui\/","title":{"rendered":"Empate entre Club Mercedes y Yupanqui"},"content":{"rendered":"\n<figure class=\"wp-block-image size-large\"><img loading=\"lazy\" decoding=\"async\" width=\"1024\" height=\"1024\" data-attachment-id=\"178033\" data-permalink=\"https:\/\/www.hoymercedes.com.ar\/principal\/2024\/08\/18\/empate-entre-club-mercedes-y-yupanqui\/mercedes-vs-yupanqui-2\/#main\" data-orig-file=\"https:\/\/www.hoymercedes.com.ar\/principal\/wp-content\/uploads\/2024\/08\/Mercedes-vs-Yupanqui.jpg\" data-orig-size=\"1040,1040\" data-comments-opened=\"0\" data-image-meta=\"{&quot;aperture&quot;:&quot;0&quot;,&quot;credit&quot;:&quot;&quot;,&quot;camera&quot;:&quot;&quot;,&quot;caption&quot;:&quot;&quot;,&quot;created_timestamp&quot;:&quot;0&quot;,&quot;copyright&quot;:&quot;&quot;,&quot;focal_length&quot;:&quot;0&quot;,&quot;iso&quot;:&quot;0&quot;,&quot;shutter_speed&quot;:&quot;0&quot;,&quot;title&quot;:&quot;&quot;,&quot;orientation&quot;:&quot;0&quot;}\" data-image-title=\"Mercedes-vs-Yupanqui\" data-image-description=\"&lt;p&gt;Empate entre Club Mercedes y Yupanqui &lt;\/p&gt;\n\" data-image-caption=\"\" data-large-file=\"https:\/\/www.hoymercedes.com.ar\/principal\/wp-content\/uploads\/2024\/08\/Mercedes-vs-Yupanqui-1024x1024.jpg\" src=\"https:\/\/www.hoymercedes.com.ar\/principal\/wp-content\/uploads\/2024\/08\/Mercedes-vs-Yupanqui-1024x1024.jpg\" alt=\"\" class=\"wp-image-178033\" srcset=\"https:\/\/www.hoymercedes.com.ar\/principal\/wp-content\/uploads\/2024\/08\/Mercedes-vs-Yupanqui-1024x1024.jpg 1024w, https:\/\/www.hoymercedes.com.ar\/principal\/wp-content\/uploads\/2024\/08\/Mercedes-vs-Yupanqui-620x620.jpg 620w, https:\/\/www.hoymercedes.com.ar\/principal\/wp-content\/uploads\/2024\/08\/Mercedes-vs-Yupanqui-150x150.jpg 150w, https:\/\/www.hoymercedes.com.ar\/principal\/wp-content\/uploads\/2024\/08\/Mercedes-vs-Yupanqui.jpg 1040w\" sizes=\"auto, (max-width: 1024px) 100vw, 1024px\" \/><\/figure>\n\n\n\n<p>El Club Mercedes y Yupanqui empataron 0 a 0 en un partido bastante sobrio, por momentos aburridos. Fue en la Liga Mercedina. Los de nuestra ciudad de esta manera se mantienen en el puesto 16 de la tabla con 9 tantos.<\/p>\n\n\n\n<p>Club Mercedes mantiene el invicto de local, pero no pudo ganarle a uno de los peores del campeonato. Yupanqui est\u00e1 ante \u00faltimo en la tabla con 4 puntos.<\/p>\n\n\n\n<p>El encuentro fue malo en t\u00e9rminos generales.<\/p>\n\n\n\n<p>Club Mercedes tuvo m\u00e1s intenciones que los visitantes, sin embargo no alcanz\u00f3.<\/p>\n\n\n\n<p>Fue la fecha 8 del torneo de Primera C.<\/p>\n\n\n\n<p>Club Mercedes: Mat\u00edas Caputo, Gonzalo Pulido, Rodrigo Torres, Hern\u00e1n Pineda, Nicol\u00e1s Contardi, Mart\u00edn Zuccaro, Pablo Almada, Tomas Chaparro, Lucas Rey, Daniel Lucero y Ulises Bustos. DT: Oscar Mena.<\/p>\n\n\n\n<p>Yupanqui: Gonzalo Boragno, Alan S\u00e1nchez, Lucas Basso, Roberto G\u00f3mez, Lionel Castell\u00f3n, Dante P\u00e9rez Lazarte, Sebasti\u00e1n Gallo, Santino Colangelo, William Gim\u00e9nez, Germ\u00e1n Videla y Brandon Balbachan. DT: Nicolas Mart\u00ednez.<\/p>\n","protected":false},"excerpt":{"rendered":"<p>El Club Mercedes y Yupanqui empataron 0 a 0 en un partido bastante sobrio, por momentos aburridos. Fue en la &#8230; <a title=\"Empate entre Club Mercedes y Yupanqui\" class=\"read-more\" href=\"https:\/\/www.hoymercedes.com.ar\/principal\/2024\/08\/18\/empate-entre-club-mercedes-y-yupanqui\/\" aria-label=\"Leer m\u00e1s sobre Empate entre Club Mercedes y Yupanqui\">Leer m\u00e1s<\/a><\/p>\n","protected":false},"author":1,"featured_media":178033,"comment_status":"closed","ping_status":"open","sticky":false,"template":"","format":"standard","meta":{"_monsterinsights_skip_tracking":false,"_monsterinsights_sitenote_active":false,"_monsterinsights_sitenote_note":"","_monsterinsights_sitenote_category":0,"jetpack_post_was_ever_published":false,"_jetpack_newsletter_access":"","_jetpack_dont_email_post_to_subs":false,"_jetpack_newsletter_tier_id":0,"_jetpack_memberships_contains_paywalled_content":false,"_jetpack_memberships_contains_paid_content":false,"footnotes":"","jetpack_publicize_message":"","jetpack_publicize_feature_enabled":true,"jetpack_social_post_already_shared":true,"jetpack_social_options":{"image_generator_settings":{"template":"highway","default_image_id":0,"font":"","enabled":false},"version":2},"_wpas_customize_per_network":false},"categories":[21],"tags":[122,10725,18386],"class_list":["post-178032","post","type-post","status-publish","format-standard","has-post-thumbnail","hentry","category-deportes","tag-club-mercedes","tag-primera-c","tag-yupanqui","generate-columns","tablet-grid-50","mobile-grid-100","grid-parent","grid-50"],"jetpack_publicize_connections":[],"jetpack_featured_media_url":"https:\/\/www.hoymercedes.com.ar\/principal\/wp-content\/uploads\/2024\/08\/Mercedes-vs-Yupanqui.jpg","wps_subtitle":"Primera C","jetpack_sharing_enabled":true,"_links":{"self":[{"href":"https:\/\/www.hoymercedes.com.ar\/principal\/wp-json\/wp\/v2\/posts\/178032","targetHints":{"allow":["GET"]}}],"collection":[{"href":"https:\/\/www.hoymercedes.com.ar\/principal\/wp-json\/wp\/v2\/posts"}],"about":[{"href":"https:\/\/www.hoymercedes.com.ar\/principal\/wp-json\/wp\/v2\/types\/post"}],"author":[{"embeddable":true,"href":"https:\/\/www.hoymercedes.com.ar\/principal\/wp-json\/wp\/v2\/users\/1"}],"replies":[{"embeddable":true,"href":"https:\/\/www.hoymercedes.com.ar\/principal\/wp-json\/wp\/v2\/comments?post=178032"}],"version-history":[{"count":0,"href":"https:\/\/www.hoymercedes.com.ar\/principal\/wp-json\/wp\/v2\/posts\/178032\/revisions"}],"wp:featuredmedia":[{"embeddable":true,"href":"https:\/\/www.hoymercedes.com.ar\/principal\/wp-json\/wp\/v2\/media\/178033"}],"wp:attachment":[{"href":"https:\/\/www.hoymercedes.com.ar\/principal\/wp-json\/wp\/v2\/media?parent=178032"}],"wp:term":[{"taxonomy":"category","embeddable":true,"href":"https:\/\/www.hoymercedes.com.ar\/principal\/wp-json\/wp\/v2\/categories?post=178032"},{"taxonomy":"post_tag","embeddable":true,"href":"https:\/\/www.hoymercedes.com.ar\/principal\/wp-json\/wp\/v2\/tags?post=178032"}],"curies":[{"name":"wp","href":"https:\/\/api.w.org\/{rel}","templated":true}]}}