{"id":178039,"date":"2024-08-18T11:26:16","date_gmt":"2024-08-18T14:26:16","guid":{"rendered":"https:\/\/www.hoymercedes.com.ar\/principal\/?p=178039"},"modified":"2024-08-18T11:27:20","modified_gmt":"2024-08-18T14:27:20","slug":"un-detenido-por-robo-agravado-y-privacion-ilegitima-de-la-libertad","status":"publish","type":"post","link":"https:\/\/www.hoymercedes.com.ar\/principal\/2024\/08\/18\/un-detenido-por-robo-agravado-y-privacion-ilegitima-de-la-libertad\/","title":{"rendered":"Un detenido por robo agravado y privaci\u00f3n ileg\u00edtima de la libertad"},"content":{"rendered":"\n<p>Se logr\u00f3 la detenci\u00f3n de un sujeto que asalt\u00f3 y priv\u00f3 de su libertad a un vecino de la ciudad de Mercedes.<\/p>\n\n\n\n<p>Seg\u00fan consta en la investigaci\u00f3n, el d\u00eda 28 de mayo del corriente, en horas de la tarde, al menos cuatro sujetos a bordo de un veh\u00edculo marca Peugeot modelo 408, color gris plata, arribaron a la ciudad de Mercedes. Se acercaron hasta inmediaciones de calles 30 entre 41 y 43, y sorprendieron a un vecino de la ciudad que se encontraba a bordo de su autom\u00f3vil. Uno de los sujetos, vestidos con prendas simulando ser polic\u00eda lo intimid\u00f3 con un arma de fuego -tipo pistola- y le orden\u00f3 subir al asiento del acompa\u00f1ante y le sustrajo una importante cantidad de dinero que ten\u00eda en su poder. <\/p>\n\n\n\n<p>Tras ello, emprendieron la marcha por la ciudad con rumbo desconocido privando a la v\u00edctima de su libertad, hasta que en calles 41 entre 34 y 36 de esta ciudad el autom\u00f3vil se detuvo reencontr\u00e1ndose con el resto de los malvivientes que continuaban a bordo del Peugeot. El sujeto les hizo entrega del dinero sustra\u00eddo y continuaron la marcha. Posteriormente dejaron a la v\u00edctima en cercan\u00edas del puente de \u00abLa Trocha\u00bb cerca del Parque Municipal, para finalmente darse a la fuga con el bot\u00edn conseguido.<\/p>\n\n\n\n<p>Por el hecho tom\u00f3 intervenci\u00f3n la Unidad Funcional de Instrucci\u00f3n N\u00b0 3 del Departamento Judicial Mercedes &#8211; a cargo del dr. Pedro Illanes &#8211; con colaboraci\u00f3n de la Ayudant\u00eda Fiscal de Autores Ignorados que impartieron las directivas del caso.<\/p>\n\n\n\n<p>Tras reunir una serie de elementos probatorios se solicit\u00f3 ante el Juzgado de Garant\u00edas N\u00ba 3 &#8211; a cargo del dr. Patricio Arrieta &#8211; una orden de allanamiento y detenci\u00f3n para con uno de los sujetos autores del hecho. La misma se llev\u00f3 a cabo por parte de personal de la Policia de la provincia, en la jornada del pasado mi\u00e9rcoles con resultados positivos, secuestrando armas de fuego tipo pistola, vestimenta de polic\u00eda, entre otros elementos de inter\u00e9s para la investigaci\u00f3n.<\/p>\n\n\n\n<p>El imputado (de 53 a\u00f1os, domiciliado en Mor\u00f3n) compareci\u00f3 ante el agente fiscal a cargo en el marco de la audiencia de declaraci\u00f3n en los t\u00e9rminos del art. 308 del C\u00f3digo Procesal Penal en la jornada del jueves 15 del corriente. Fue por el delito de \u201cRobo doblemente agravado por su comisi\u00f3n en lugar poblado y en banda, por su comisi\u00f3n con arma de fuego cuya aptitud para el disparo no pudo ser acreditada y privaci\u00f3n ilegal de la libertad agravado por su comisi\u00f3n con violencia\u201d.<\/p>\n\n\n\n<p>Fuente: \u00c1rea Comunicacional &#8211; Ministerio P\u00fablico Fiscal Departamental Mercedes<\/p>\n","protected":false},"excerpt":{"rendered":"<p>Se logr\u00f3 la detenci\u00f3n de un sujeto que asalt\u00f3 y priv\u00f3 de su libertad a un vecino de la ciudad &#8230; <a title=\"Un detenido por robo agravado y privaci\u00f3n ileg\u00edtima de la libertad\" class=\"read-more\" href=\"https:\/\/www.hoymercedes.com.ar\/principal\/2024\/08\/18\/un-detenido-por-robo-agravado-y-privacion-ilegitima-de-la-libertad\/\" aria-label=\"Leer m\u00e1s sobre Un detenido por robo agravado y privaci\u00f3n ileg\u00edtima de la libertad\">Leer m\u00e1s<\/a><\/p>\n","protected":false},"author":1,"featured_media":125642,"comment_status":"closed","ping_status":"open","sticky":false,"template":"","format":"standard","meta":{"_monsterinsights_skip_tracking":false,"_monsterinsights_sitenote_active":false,"_monsterinsights_sitenote_note":"","_monsterinsights_sitenote_category":0,"jetpack_post_was_ever_published":false,"_jetpack_newsletter_access":"","_jetpack_dont_email_post_to_subs":false,"_jetpack_newsletter_tier_id":0,"_jetpack_memberships_contains_paywalled_content":false,"_jetpack_memberships_contains_paid_content":false,"footnotes":"","jetpack_publicize_message":"","jetpack_publicize_feature_enabled":true,"jetpack_social_post_already_shared":true,"jetpack_social_options":{"image_generator_settings":{"template":"highway","default_image_id":0,"font":"","enabled":false},"version":2},"_wpas_customize_per_network":false},"categories":[8],"tags":[],"class_list":["post-178039","post","type-post","status-publish","format-standard","has-post-thumbnail","hentry","category-sociedad","generate-columns","tablet-grid-50","mobile-grid-100","grid-parent","grid-50"],"jetpack_publicize_connections":[],"jetpack_featured_media_url":"https:\/\/www.hoymercedes.com.ar\/principal\/wp-content\/uploads\/2021\/03\/02-movil-policia.jpg","wps_subtitle":"","jetpack_sharing_enabled":true,"_links":{"self":[{"href":"https:\/\/www.hoymercedes.com.ar\/principal\/wp-json\/wp\/v2\/posts\/178039","targetHints":{"allow":["GET"]}}],"collection":[{"href":"https:\/\/www.hoymercedes.com.ar\/principal\/wp-json\/wp\/v2\/posts"}],"about":[{"href":"https:\/\/www.hoymercedes.com.ar\/principal\/wp-json\/wp\/v2\/types\/post"}],"author":[{"embeddable":true,"href":"https:\/\/www.hoymercedes.com.ar\/principal\/wp-json\/wp\/v2\/users\/1"}],"replies":[{"embeddable":true,"href":"https:\/\/www.hoymercedes.com.ar\/principal\/wp-json\/wp\/v2\/comments?post=178039"}],"version-history":[{"count":0,"href":"https:\/\/www.hoymercedes.com.ar\/principal\/wp-json\/wp\/v2\/posts\/178039\/revisions"}],"wp:featuredmedia":[{"embeddable":true,"href":"https:\/\/www.hoymercedes.com.ar\/principal\/wp-json\/wp\/v2\/media\/125642"}],"wp:attachment":[{"href":"https:\/\/www.hoymercedes.com.ar\/principal\/wp-json\/wp\/v2\/media?parent=178039"}],"wp:term":[{"taxonomy":"category","embeddable":true,"href":"https:\/\/www.hoymercedes.com.ar\/principal\/wp-json\/wp\/v2\/categories?post=178039"},{"taxonomy":"post_tag","embeddable":true,"href":"https:\/\/www.hoymercedes.com.ar\/principal\/wp-json\/wp\/v2\/tags?post=178039"}],"curies":[{"name":"wp","href":"https:\/\/api.w.org\/{rel}","templated":true}]}}