{"id":178096,"date":"2024-08-21T08:46:00","date_gmt":"2024-08-21T11:46:00","guid":{"rendered":"https:\/\/www.hoymercedes.com.ar\/principal\/?p=178096"},"modified":"2024-08-20T21:54:30","modified_gmt":"2024-08-21T00:54:30","slug":"una-multitud-disfruto-en-rivas-de-la-fiesta-de-san-roque","status":"publish","type":"post","link":"https:\/\/www.hoymercedes.com.ar\/principal\/2024\/08\/21\/una-multitud-disfruto-en-rivas-de-la-fiesta-de-san-roque\/","title":{"rendered":"Una multitud disfrut\u00f3 en Rivas de la Fiesta de San Roque"},"content":{"rendered":"\n<figure class=\"wp-block-image size-large\"><img loading=\"lazy\" decoding=\"async\" width=\"1024\" height=\"730\" data-attachment-id=\"178097\" data-permalink=\"https:\/\/www.hoymercedes.com.ar\/principal\/2024\/08\/21\/una-multitud-disfruto-en-rivas-de-la-fiesta-de-san-roque\/suipacha-mancini\/#main\" data-orig-file=\"https:\/\/www.hoymercedes.com.ar\/principal\/wp-content\/uploads\/2024\/08\/Suipacha-Mancini-scaled.jpg\" data-orig-size=\"2560,1826\" data-comments-opened=\"0\" data-image-meta=\"{&quot;aperture&quot;:&quot;6.3&quot;,&quot;credit&quot;:&quot;&quot;,&quot;camera&quot;:&quot;Canon EOS Rebel T6&quot;,&quot;caption&quot;:&quot;&quot;,&quot;created_timestamp&quot;:&quot;1723980644&quot;,&quot;copyright&quot;:&quot;&quot;,&quot;focal_length&quot;:&quot;18&quot;,&quot;iso&quot;:&quot;200&quot;,&quot;shutter_speed&quot;:&quot;0.008&quot;,&quot;title&quot;:&quot;&quot;,&quot;orientation&quot;:&quot;0&quot;}\" data-image-title=\"Una multitud disfrut\u00f3 en Rivas de la Fiesta de San Roque\" data-image-description=\"&lt;p&gt;Una multitud disfrut\u00f3 en Rivas de la Fiesta de San Roque&lt;\/p&gt;\n\" data-image-caption=\"&lt;p&gt;Una multitud disfrut\u00f3 en Rivas de la Fiesta de San Roque&lt;\/p&gt;\n\" data-large-file=\"https:\/\/www.hoymercedes.com.ar\/principal\/wp-content\/uploads\/2024\/08\/Suipacha-Mancini-1024x730.jpg\" src=\"https:\/\/www.hoymercedes.com.ar\/principal\/wp-content\/uploads\/2024\/08\/Suipacha-Mancini-1024x730.jpg\" alt=\"Una multitud disfrut\u00f3 en Rivas de la Fiesta de San Roque\" class=\"wp-image-178097\" srcset=\"https:\/\/www.hoymercedes.com.ar\/principal\/wp-content\/uploads\/2024\/08\/Suipacha-Mancini-1024x730.jpg 1024w, https:\/\/www.hoymercedes.com.ar\/principal\/wp-content\/uploads\/2024\/08\/Suipacha-Mancini-630x449.jpg 630w, https:\/\/www.hoymercedes.com.ar\/principal\/wp-content\/uploads\/2024\/08\/Suipacha-Mancini-150x107.jpg 150w, https:\/\/www.hoymercedes.com.ar\/principal\/wp-content\/uploads\/2024\/08\/Suipacha-Mancini-1536x1095.jpg 1536w, https:\/\/www.hoymercedes.com.ar\/principal\/wp-content\/uploads\/2024\/08\/Suipacha-Mancini-2048x1461.jpg 2048w, https:\/\/www.hoymercedes.com.ar\/principal\/wp-content\/uploads\/2024\/08\/Suipacha-Mancini-120x85.jpg 120w\" sizes=\"auto, (max-width: 1024px) 100vw, 1024px\" \/><\/figure>\n\n\n\n<p>La localidad de <a href=\"https:\/\/es.wikipedia.org\/wiki\/General_Rivas\" target=\"_blank\" rel=\"noopener\">General Rivas <\/a>tuvo su festejo. Mucha gente recorri\u00f3 el evento, donde disfrutaron de ferias, shows musicales, patio gastron\u00f3mico y m\u00e1s.<\/p>\n\n\n\n<p>El d\u00eda comenz\u00f3 con un peque\u00f1o, pero emotivo acto en honor al general San Mart\u00edn del que participaron el intendente <a href=\"https:\/\/x.com\/JuanluisMancini\">Juan Luis Mancin<\/a>i, el delegado Miguel Hassoun, autoridades legislativas, funcionarios municipales y la comunidad educativa del pueblo.<\/p>\n\n\n\n<p><br>Luego se realiz\u00f3 la tradicional misa con la bendici\u00f3n de los panes para luego llegar a la procesi\u00f3n del santo patrono por las calles de la localidad para descansar en el escenario mayor y dar comienzo al desfile criollo y de instituciones.<\/p>\n\n\n\n<figure class=\"wp-block-image size-large\"><img loading=\"lazy\" decoding=\"async\" width=\"1024\" height=\"683\" data-attachment-id=\"178098\" data-permalink=\"https:\/\/www.hoymercedes.com.ar\/principal\/2024\/08\/21\/una-multitud-disfruto-en-rivas-de-la-fiesta-de-san-roque\/img_1628\/#main\" data-orig-file=\"https:\/\/www.hoymercedes.com.ar\/principal\/wp-content\/uploads\/2024\/08\/IMG_1628-scaled.jpg\" data-orig-size=\"2560,1707\" data-comments-opened=\"0\" data-image-meta=\"{&quot;aperture&quot;:&quot;6.3&quot;,&quot;credit&quot;:&quot;&quot;,&quot;camera&quot;:&quot;Canon EOS Rebel T6&quot;,&quot;caption&quot;:&quot;&quot;,&quot;created_timestamp&quot;:&quot;1724003242&quot;,&quot;copyright&quot;:&quot;&quot;,&quot;focal_length&quot;:&quot;18&quot;,&quot;iso&quot;:&quot;800&quot;,&quot;shutter_speed&quot;:&quot;0.004&quot;,&quot;title&quot;:&quot;&quot;,&quot;orientation&quot;:&quot;0&quot;}\" data-image-title=\"Una multitud disfrut\u00f3 en Rivas de la Fiesta de San Roque\" data-image-description=\"&lt;p&gt;Una multitud disfrut\u00f3 en Rivas de la Fiesta de San Roque&lt;\/p&gt;\n\" data-image-caption=\"&lt;p&gt;Una multitud disfrut\u00f3 en Rivas de la Fiesta de San Roque&lt;\/p&gt;\n\" data-large-file=\"https:\/\/www.hoymercedes.com.ar\/principal\/wp-content\/uploads\/2024\/08\/IMG_1628-1024x683.jpg\" src=\"https:\/\/www.hoymercedes.com.ar\/principal\/wp-content\/uploads\/2024\/08\/IMG_1628-1024x683.jpg\" alt=\"Una multitud disfrut\u00f3 en Rivas de la Fiesta de San Roque\" class=\"wp-image-178098\" srcset=\"https:\/\/www.hoymercedes.com.ar\/principal\/wp-content\/uploads\/2024\/08\/IMG_1628-1024x683.jpg 1024w, https:\/\/www.hoymercedes.com.ar\/principal\/wp-content\/uploads\/2024\/08\/IMG_1628-630x420.jpg 630w, https:\/\/www.hoymercedes.com.ar\/principal\/wp-content\/uploads\/2024\/08\/IMG_1628-150x100.jpg 150w, https:\/\/www.hoymercedes.com.ar\/principal\/wp-content\/uploads\/2024\/08\/IMG_1628-1536x1024.jpg 1536w, https:\/\/www.hoymercedes.com.ar\/principal\/wp-content\/uploads\/2024\/08\/IMG_1628-2048x1365.jpg 2048w\" sizes=\"auto, (max-width: 1024px) 100vw, 1024px\" \/><\/figure>\n\n\n\n<p><br>Luego en el escenario participaron la artista local Manu M\u00e9ndez para dar lugar a agrupaciones de ballet folcl\u00f3ricos y m\u00fasicos locales. Soler y los de al lado, Mu\u00f1eco de Torta, Male Bate y Juan desplegaron todas sus canciones para m\u00e1s de 4.000 personas que se dieron cita en el predio del ferrocarril.<\/p>\n\n\n\n<p><br>Ya para cerrar el d\u00eda y cayendo la noche y entre nubes fue el turno de Tropical\u00edsimo Fantas\u00eda para poner a bailar a todos los presentes. Era el turno de Los Leales cuando una fuerte llovizna oblig\u00f3 a suspender el evento por las medidas de seguridad de la instalaci\u00f3n el\u00e9ctrica del escenario.<\/p>\n\n\n\n<figure class=\"wp-block-image size-large\"><img loading=\"lazy\" decoding=\"async\" width=\"1024\" height=\"683\" data-attachment-id=\"178099\" data-permalink=\"https:\/\/www.hoymercedes.com.ar\/principal\/2024\/08\/21\/una-multitud-disfruto-en-rivas-de-la-fiesta-de-san-roque\/img_1654\/#main\" data-orig-file=\"https:\/\/www.hoymercedes.com.ar\/principal\/wp-content\/uploads\/2024\/08\/IMG_1654-scaled.jpg\" data-orig-size=\"2560,1707\" data-comments-opened=\"0\" data-image-meta=\"{&quot;aperture&quot;:&quot;5.6&quot;,&quot;credit&quot;:&quot;&quot;,&quot;camera&quot;:&quot;Canon EOS Rebel T6&quot;,&quot;caption&quot;:&quot;&quot;,&quot;created_timestamp&quot;:&quot;1724004433&quot;,&quot;copyright&quot;:&quot;&quot;,&quot;focal_length&quot;:&quot;32&quot;,&quot;iso&quot;:&quot;1600&quot;,&quot;shutter_speed&quot;:&quot;0.004&quot;,&quot;title&quot;:&quot;&quot;,&quot;orientation&quot;:&quot;0&quot;}\" data-image-title=\"Una multitud disfrut\u00f3 en Rivas de la Fiesta de San Roque\" data-image-description=\"&lt;p&gt;Una multitud disfrut\u00f3 en Rivas de la Fiesta de San Roque&lt;\/p&gt;\n\" data-image-caption=\"&lt;p&gt;Una multitud disfrut\u00f3 en Rivas de la Fiesta de San Roque&lt;\/p&gt;\n\" data-large-file=\"https:\/\/www.hoymercedes.com.ar\/principal\/wp-content\/uploads\/2024\/08\/IMG_1654-1024x683.jpg\" src=\"https:\/\/www.hoymercedes.com.ar\/principal\/wp-content\/uploads\/2024\/08\/IMG_1654-1024x683.jpg\" alt=\"Una multitud disfrut\u00f3 en Rivas de la Fiesta de San Roque\" class=\"wp-image-178099\" srcset=\"https:\/\/www.hoymercedes.com.ar\/principal\/wp-content\/uploads\/2024\/08\/IMG_1654-1024x683.jpg 1024w, https:\/\/www.hoymercedes.com.ar\/principal\/wp-content\/uploads\/2024\/08\/IMG_1654-630x420.jpg 630w, https:\/\/www.hoymercedes.com.ar\/principal\/wp-content\/uploads\/2024\/08\/IMG_1654-150x100.jpg 150w, https:\/\/www.hoymercedes.com.ar\/principal\/wp-content\/uploads\/2024\/08\/IMG_1654-1536x1024.jpg 1536w, https:\/\/www.hoymercedes.com.ar\/principal\/wp-content\/uploads\/2024\/08\/IMG_1654-2048x1365.jpg 2048w\" sizes=\"auto, (max-width: 1024px) 100vw, 1024px\" \/><\/figure>\n\n\n\n<p><br>Para destacar fue el trabajo de las feriantes y artesanos locales de Suipacha y Rivas y los puestos gastron\u00f3micos, que ofrecieron variedades y tuvieron su d\u00eda especial de ventas en esta exitosa Fiesta de San Roque.<\/p>\n","protected":false},"excerpt":{"rendered":"<p>La localidad de General Rivas tuvo su festejo. Mucha gente recorri\u00f3 el evento, donde disfrutaron de ferias, shows musicales, patio &#8230; <a title=\"Una multitud disfrut\u00f3 en Rivas de la Fiesta de San Roque\" class=\"read-more\" href=\"https:\/\/www.hoymercedes.com.ar\/principal\/2024\/08\/21\/una-multitud-disfruto-en-rivas-de-la-fiesta-de-san-roque\/\" aria-label=\"Leer m\u00e1s sobre Una multitud disfrut\u00f3 en Rivas de la Fiesta de San Roque\">Leer m\u00e1s<\/a><\/p>\n","protected":false},"author":1,"featured_media":178099,"comment_status":"closed","ping_status":"open","sticky":false,"template":"","format":"standard","meta":{"_monsterinsights_skip_tracking":false,"_monsterinsights_sitenote_active":false,"_monsterinsights_sitenote_note":"","_monsterinsights_sitenote_category":0,"jetpack_post_was_ever_published":false,"_jetpack_newsletter_access":"","_jetpack_dont_email_post_to_subs":false,"_jetpack_newsletter_tier_id":0,"_jetpack_memberships_contains_paywalled_content":false,"_jetpack_memberships_contains_paid_content":false,"footnotes":"","jetpack_publicize_message":"","jetpack_publicize_feature_enabled":true,"jetpack_social_post_already_shared":true,"jetpack_social_options":{"image_generator_settings":{"template":"highway","default_image_id":0,"font":"","enabled":false},"version":2},"_wpas_customize_per_network":false},"categories":[5501],"tags":[19712,18442,559],"class_list":["post-178096","post","type-post","status-publish","format-standard","has-post-thumbnail","hentry","category-region","tag-fiesta-de-san-roque-en-rivas","tag-juan-luis-mancini","tag-suipacha","generate-columns","tablet-grid-50","mobile-grid-100","grid-parent","grid-50"],"jetpack_publicize_connections":[],"jetpack_featured_media_url":"https:\/\/www.hoymercedes.com.ar\/principal\/wp-content\/uploads\/2024\/08\/IMG_1654-scaled.jpg","wps_subtitle":"Fiestas populares ","jetpack_sharing_enabled":true,"_links":{"self":[{"href":"https:\/\/www.hoymercedes.com.ar\/principal\/wp-json\/wp\/v2\/posts\/178096","targetHints":{"allow":["GET"]}}],"collection":[{"href":"https:\/\/www.hoymercedes.com.ar\/principal\/wp-json\/wp\/v2\/posts"}],"about":[{"href":"https:\/\/www.hoymercedes.com.ar\/principal\/wp-json\/wp\/v2\/types\/post"}],"author":[{"embeddable":true,"href":"https:\/\/www.hoymercedes.com.ar\/principal\/wp-json\/wp\/v2\/users\/1"}],"replies":[{"embeddable":true,"href":"https:\/\/www.hoymercedes.com.ar\/principal\/wp-json\/wp\/v2\/comments?post=178096"}],"version-history":[{"count":0,"href":"https:\/\/www.hoymercedes.com.ar\/principal\/wp-json\/wp\/v2\/posts\/178096\/revisions"}],"wp:featuredmedia":[{"embeddable":true,"href":"https:\/\/www.hoymercedes.com.ar\/principal\/wp-json\/wp\/v2\/media\/178099"}],"wp:attachment":[{"href":"https:\/\/www.hoymercedes.com.ar\/principal\/wp-json\/wp\/v2\/media?parent=178096"}],"wp:term":[{"taxonomy":"category","embeddable":true,"href":"https:\/\/www.hoymercedes.com.ar\/principal\/wp-json\/wp\/v2\/categories?post=178096"},{"taxonomy":"post_tag","embeddable":true,"href":"https:\/\/www.hoymercedes.com.ar\/principal\/wp-json\/wp\/v2\/tags?post=178096"}],"curies":[{"name":"wp","href":"https:\/\/api.w.org\/{rel}","templated":true}]}}