{"id":178135,"date":"2024-08-22T10:25:27","date_gmt":"2024-08-22T13:25:27","guid":{"rendered":"https:\/\/www.hoymercedes.com.ar\/principal\/?p=178135"},"modified":"2024-08-22T10:27:36","modified_gmt":"2024-08-22T13:27:36","slug":"juraron-nuevos-matriculados-en-el-colegio-de-abogados-2","status":"publish","type":"post","link":"https:\/\/www.hoymercedes.com.ar\/principal\/2024\/08\/22\/juraron-nuevos-matriculados-en-el-colegio-de-abogados-2\/","title":{"rendered":"Juraron nuevos matriculados en el Colegio de Abogados"},"content":{"rendered":"\n<p>En un nuevo acto encabezado por el titular del Colegio de Abogados del Depto. Judicial Mercedes, Dr. Hern\u00e1n Alberto Salaverri y uno de los vocales de la comisi\u00f3n directiva, Dr. Horacio Deluca, nuevos abogados juraron y recibieron su matr\u00edcula en la instituci\u00f3n. <\/p>\n\n\n\n<figure class=\"wp-block-image size-full\"><img loading=\"lazy\" decoding=\"async\" width=\"800\" height=\"505\" data-attachment-id=\"178136\" data-permalink=\"https:\/\/www.hoymercedes.com.ar\/principal\/2024\/08\/22\/juraron-nuevos-matriculados-en-el-colegio-de-abogados-2\/img-20240822-wa0003_copy_800x505\/#main\" data-orig-file=\"https:\/\/www.hoymercedes.com.ar\/principal\/wp-content\/uploads\/2024\/08\/IMG-20240822-WA0003_copy_800x505.jpg\" data-orig-size=\"800,505\" data-comments-opened=\"0\" data-image-meta=\"{&quot;aperture&quot;:&quot;0&quot;,&quot;credit&quot;:&quot;&quot;,&quot;camera&quot;:&quot;&quot;,&quot;caption&quot;:&quot;&quot;,&quot;created_timestamp&quot;:&quot;0&quot;,&quot;copyright&quot;:&quot;&quot;,&quot;focal_length&quot;:&quot;0&quot;,&quot;iso&quot;:&quot;0&quot;,&quot;shutter_speed&quot;:&quot;0&quot;,&quot;title&quot;:&quot;&quot;,&quot;orientation&quot;:&quot;0&quot;}\" data-image-title=\"IMG-20240822-WA0003_copy_800x505\" data-image-description=\"\" data-image-caption=\"\" data-large-file=\"https:\/\/www.hoymercedes.com.ar\/principal\/wp-content\/uploads\/2024\/08\/IMG-20240822-WA0003_copy_800x505.jpg\" src=\"https:\/\/www.hoymercedes.com.ar\/principal\/wp-content\/uploads\/2024\/08\/IMG-20240822-WA0003_copy_800x505.jpg\" alt=\"\" class=\"wp-image-178136\" srcset=\"https:\/\/www.hoymercedes.com.ar\/principal\/wp-content\/uploads\/2024\/08\/IMG-20240822-WA0003_copy_800x505.jpg 800w, https:\/\/www.hoymercedes.com.ar\/principal\/wp-content\/uploads\/2024\/08\/IMG-20240822-WA0003_copy_800x505-630x398.jpg 630w, https:\/\/www.hoymercedes.com.ar\/principal\/wp-content\/uploads\/2024\/08\/IMG-20240822-WA0003_copy_800x505-150x95.jpg 150w\" sizes=\"auto, (max-width: 800px) 100vw, 800px\" \/><\/figure>\n\n\n\n<p>Prestaron juramento las doctoras Celina Nelia Hurban, Emilia Lombera Herrera, Irene Jazm\u00edn Kearney, Natalia Mabel Stacchiotti, Sof\u00eda Agustina Flores, Antonela Vissani, Giuliana Antonela Botta, Mar\u00eda Agustina Escobares, Mar\u00eda Antonela Sampietro G\u00f3mez, Vivian Dayanna Salinas, y los doctores Gabriel Nicol\u00e1s Verr\u00faa, Juan Cristobal Sparks, Nicol\u00e1s Manuel Carcagno, Hern\u00e1n Dar\u00edo Martinez, Israel Sebasti\u00e1n Serdeiro y Juan Carlos Caminos. Tambi\u00e9n prest\u00f3 juramento la procuradora Ver\u00f3nica Haydee Gallego.<\/p>\n\n\n\n<p>Cada uno de ellos se aproxim\u00f3 al escenario del Sal\u00f3n \u00abDr. Arturo Acu\u00f1a Anzorena\u00bb del Colegio departamental para formalizar la firma y recibir sus respectivos diplomas.<\/p>\n\n\n\n<p>El Dr. Salaverri brind\u00f3 palabras de bienvenida, expresando su gratitud hacia los reci\u00e9n matriculados por haber elegido inscribirse en nuestra jurisdicci\u00f3n.<\/p>\n\n\n\n<p><em>Fuente: Prensa CADJMercedes<\/em><\/p>\n","protected":false},"excerpt":{"rendered":"<p>En un nuevo acto encabezado por el titular del Colegio de Abogados del Depto. Judicial Mercedes, Dr. Hern\u00e1n Alberto Salaverri &#8230; <a title=\"Juraron nuevos matriculados en el Colegio de Abogados\" class=\"read-more\" href=\"https:\/\/www.hoymercedes.com.ar\/principal\/2024\/08\/22\/juraron-nuevos-matriculados-en-el-colegio-de-abogados-2\/\" aria-label=\"Leer m\u00e1s sobre Juraron nuevos matriculados en el Colegio de Abogados\">Leer m\u00e1s<\/a><\/p>\n","protected":false},"author":1,"featured_media":178136,"comment_status":"closed","ping_status":"open","sticky":false,"template":"","format":"standard","meta":{"_monsterinsights_skip_tracking":false,"_monsterinsights_sitenote_active":false,"_monsterinsights_sitenote_note":"","_monsterinsights_sitenote_category":0,"jetpack_post_was_ever_published":false,"_jetpack_newsletter_access":"","_jetpack_dont_email_post_to_subs":false,"_jetpack_newsletter_tier_id":0,"_jetpack_memberships_contains_paywalled_content":false,"_jetpack_memberships_contains_paid_content":false,"footnotes":"","jetpack_publicize_message":"","jetpack_publicize_feature_enabled":true,"jetpack_social_post_already_shared":true,"jetpack_social_options":{"image_generator_settings":{"template":"highway","default_image_id":0,"font":"","enabled":false},"version":2},"_wpas_customize_per_network":false},"categories":[8],"tags":[],"class_list":["post-178135","post","type-post","status-publish","format-standard","has-post-thumbnail","hentry","category-sociedad","generate-columns","tablet-grid-50","mobile-grid-100","grid-parent","grid-50"],"jetpack_publicize_connections":[],"jetpack_featured_media_url":"https:\/\/www.hoymercedes.com.ar\/principal\/wp-content\/uploads\/2024\/08\/IMG-20240822-WA0003_copy_800x505.jpg","wps_subtitle":"","jetpack_sharing_enabled":true,"_links":{"self":[{"href":"https:\/\/www.hoymercedes.com.ar\/principal\/wp-json\/wp\/v2\/posts\/178135","targetHints":{"allow":["GET"]}}],"collection":[{"href":"https:\/\/www.hoymercedes.com.ar\/principal\/wp-json\/wp\/v2\/posts"}],"about":[{"href":"https:\/\/www.hoymercedes.com.ar\/principal\/wp-json\/wp\/v2\/types\/post"}],"author":[{"embeddable":true,"href":"https:\/\/www.hoymercedes.com.ar\/principal\/wp-json\/wp\/v2\/users\/1"}],"replies":[{"embeddable":true,"href":"https:\/\/www.hoymercedes.com.ar\/principal\/wp-json\/wp\/v2\/comments?post=178135"}],"version-history":[{"count":0,"href":"https:\/\/www.hoymercedes.com.ar\/principal\/wp-json\/wp\/v2\/posts\/178135\/revisions"}],"wp:featuredmedia":[{"embeddable":true,"href":"https:\/\/www.hoymercedes.com.ar\/principal\/wp-json\/wp\/v2\/media\/178136"}],"wp:attachment":[{"href":"https:\/\/www.hoymercedes.com.ar\/principal\/wp-json\/wp\/v2\/media?parent=178135"}],"wp:term":[{"taxonomy":"category","embeddable":true,"href":"https:\/\/www.hoymercedes.com.ar\/principal\/wp-json\/wp\/v2\/categories?post=178135"},{"taxonomy":"post_tag","embeddable":true,"href":"https:\/\/www.hoymercedes.com.ar\/principal\/wp-json\/wp\/v2\/tags?post=178135"}],"curies":[{"name":"wp","href":"https:\/\/api.w.org\/{rel}","templated":true}]}}