{"id":178140,"date":"2024-08-22T12:56:23","date_gmt":"2024-08-22T15:56:23","guid":{"rendered":"https:\/\/www.hoymercedes.com.ar\/principal\/?p=178140"},"modified":"2024-08-22T12:59:24","modified_gmt":"2024-08-22T15:59:24","slug":"un-detenido-por-varios-hechos-delictivos","status":"publish","type":"post","link":"https:\/\/www.hoymercedes.com.ar\/principal\/2024\/08\/22\/un-detenido-por-varios-hechos-delictivos\/","title":{"rendered":"Un detenido por varios hechos delictivos"},"content":{"rendered":"\n<p>En la jornada del martes 20 se llev\u00f3 a cabo la detenci\u00f3n de un sujeto de 22 a\u00f1os por hechos de robo y de violencia de g\u00e9nero.<\/p>\n\n\n\n<p>En la jornada del 10 de agosto del corriente, en horas de la ma\u00f1ana, un vecino de la ciudad de Mercedes fue sorprendido mientras circulaba por la v\u00eda p\u00fablica por un malhechor. Le propin\u00f3 un golpe y tras amedrentarlo con amenazas y golpes se apoder\u00f3 ileg\u00edtimamente de un tel\u00e9fono celular. La v\u00edctima logr\u00f3 recuperarse y sali\u00f3 tras el individuo logrando interceptarlo a varias cuadras y con la ayuda de otro transe\u00fante logr\u00f3 recuperar el celular a pesar de las amenazas que recibieron.<\/p>\n\n\n\n<p>Por el hecho tom\u00f3 intervenci\u00f3n la Unidad Funcional de Instrucci\u00f3n N\u00b0 6 del Departamento Judicial Mercedes &#8211; a cargo del dr. Luis Carcagno &#8211; que imparti\u00f3 las directivas del caso logrando identificar al autor del hecho.<\/p>\n\n\n\n<p>Result\u00f3, adem\u00e1s, que este sujeto hab\u00eda sido denunciado por su pareja ya que el 2 de junio del corriente, en horas de la madrugada, el imputado comenz\u00f3 a agredir y referirse de forma hostil a su pareja, sin motivo aparente. Tras una discusi\u00f3n la v\u00edctima le solicit\u00f3 que se retirara del lugar, por lo que el sujeto intent\u00f3 arrojarle el contenido de un termo con agua caliente a la v\u00edctima, no logrando su cometido, pero inmediatamente le provoc\u00f3 golpes de pu\u00f1o.<br>Y tambi\u00e9n, por una pareja anterior a la que el 23 de octubre de 2023, alrededor de las 20 de la noche, este sujeto agredi\u00f3 f\u00edsicamente. Tras presentarse un m\u00f3vil policial en el lugar, la oblig\u00f3 bajo amenazas a manifestarle al personal policial que all\u00ed no hab\u00eda ocurrido nada, y se retir\u00f3 del lugar reiterando las amenazas.<\/p>\n\n\n\n<p>Tras reunir una serie de elementos probatorios se solicit\u00f3 ante el Juzgado de Garant\u00edas N\u00ba 2 &#8211; a cargo del dr. Facundo Oliva &#8211; una orden de allanamiento y detenci\u00f3n para el sujeto. La misma se llev\u00f3 a cabo en la jornada del pasado martes 20 con colaboraci\u00f3n de personal policial de la Estaci\u00f3n Comunal Mercedes y grupo GAD.<\/p>\n\n\n\n<p>El imputado (de 22 a\u00f1os, domiciliado en Mercedes) compareci\u00f3 ante el agente fiscal a cargo en el marco de la audiencia de declaraci\u00f3n en los t\u00e9rminos del art. 308 del C\u00f3digo Procesal Penal en la jornada del mi\u00e9rcoles 21 del corriente. Fue por el delito de \u201cRobo simple en concurso real con amenazas simples\u201d, \u201cLesiones leves doblemente agravadas por ser cometidas contra la persona con la cual hab\u00eda mantenido relaci\u00f3n de pareja y por un hombre contra una mujer mediando violencia de g\u00e9nero en concurso real con amenazas coactivas\u201d, y \u201cLesiones leves doblemente agravadas por ser cometidas contra la persona contra la cual manten\u00eda relaci\u00f3n de pareja y por un hombre contra una mujer mediando violencia de g\u00e9nero en concurso real con amenazas simples\u201d e hizo uso de su derecho a negarse a declarar.<\/p>\n\n\n\n<p>Fuentes: \u00c1rea Comunicacional &#8211; Ministerio P\u00fablico Fiscal Departamental Mercedes<\/p>\n","protected":false},"excerpt":{"rendered":"<p>En la jornada del martes 20 se llev\u00f3 a cabo la detenci\u00f3n de un sujeto de 22 a\u00f1os por hechos &#8230; <a title=\"Un detenido por varios hechos delictivos\" class=\"read-more\" href=\"https:\/\/www.hoymercedes.com.ar\/principal\/2024\/08\/22\/un-detenido-por-varios-hechos-delictivos\/\" aria-label=\"Leer m\u00e1s sobre Un detenido por varios hechos delictivos\">Leer m\u00e1s<\/a><\/p>\n","protected":false},"author":1,"featured_media":90495,"comment_status":"closed","ping_status":"open","sticky":false,"template":"","format":"standard","meta":{"_monsterinsights_skip_tracking":false,"_monsterinsights_sitenote_active":false,"_monsterinsights_sitenote_note":"","_monsterinsights_sitenote_category":0,"jetpack_post_was_ever_published":false,"_jetpack_newsletter_access":"","_jetpack_dont_email_post_to_subs":false,"_jetpack_newsletter_tier_id":0,"_jetpack_memberships_contains_paywalled_content":false,"_jetpack_memberships_contains_paid_content":false,"footnotes":"","jetpack_publicize_message":"","jetpack_publicize_feature_enabled":true,"jetpack_social_post_already_shared":true,"jetpack_social_options":{"image_generator_settings":{"template":"highway","default_image_id":0,"font":"","enabled":false},"version":2},"_wpas_customize_per_network":false},"categories":[8],"tags":[],"class_list":["post-178140","post","type-post","status-publish","format-standard","has-post-thumbnail","hentry","category-sociedad","generate-columns","tablet-grid-50","mobile-grid-100","grid-parent","grid-50"],"jetpack_publicize_connections":[],"jetpack_featured_media_url":"https:\/\/www.hoymercedes.com.ar\/principal\/wp-content\/uploads\/2019\/04\/01-policial.jpg","wps_subtitle":"","jetpack_sharing_enabled":true,"_links":{"self":[{"href":"https:\/\/www.hoymercedes.com.ar\/principal\/wp-json\/wp\/v2\/posts\/178140","targetHints":{"allow":["GET"]}}],"collection":[{"href":"https:\/\/www.hoymercedes.com.ar\/principal\/wp-json\/wp\/v2\/posts"}],"about":[{"href":"https:\/\/www.hoymercedes.com.ar\/principal\/wp-json\/wp\/v2\/types\/post"}],"author":[{"embeddable":true,"href":"https:\/\/www.hoymercedes.com.ar\/principal\/wp-json\/wp\/v2\/users\/1"}],"replies":[{"embeddable":true,"href":"https:\/\/www.hoymercedes.com.ar\/principal\/wp-json\/wp\/v2\/comments?post=178140"}],"version-history":[{"count":0,"href":"https:\/\/www.hoymercedes.com.ar\/principal\/wp-json\/wp\/v2\/posts\/178140\/revisions"}],"wp:featuredmedia":[{"embeddable":true,"href":"https:\/\/www.hoymercedes.com.ar\/principal\/wp-json\/wp\/v2\/media\/90495"}],"wp:attachment":[{"href":"https:\/\/www.hoymercedes.com.ar\/principal\/wp-json\/wp\/v2\/media?parent=178140"}],"wp:term":[{"taxonomy":"category","embeddable":true,"href":"https:\/\/www.hoymercedes.com.ar\/principal\/wp-json\/wp\/v2\/categories?post=178140"},{"taxonomy":"post_tag","embeddable":true,"href":"https:\/\/www.hoymercedes.com.ar\/principal\/wp-json\/wp\/v2\/tags?post=178140"}],"curies":[{"name":"wp","href":"https:\/\/api.w.org\/{rel}","templated":true}]}}