{"id":178147,"date":"2024-08-22T21:25:18","date_gmt":"2024-08-23T00:25:18","guid":{"rendered":"https:\/\/www.hoymercedes.com.ar\/principal\/?p=178147"},"modified":"2024-08-22T21:25:19","modified_gmt":"2024-08-23T00:25:19","slug":"aprueba-el-senado-aumento-a-jubilados-pero-milei-avisa-lo-vetara","status":"publish","type":"post","link":"https:\/\/www.hoymercedes.com.ar\/principal\/2024\/08\/22\/aprueba-el-senado-aumento-a-jubilados-pero-milei-avisa-lo-vetara\/","title":{"rendered":"Aprueba el Senado aumento a jubilados, pero Milei avisa lo vetar\u00e1"},"content":{"rendered":"\n<p>La crisis y el ajuste ha sido pagada en mayor medida por<a href=\"https:\/\/www.hoymercedes.com.ar\/principal\/2024\/04\/04\/jubilados-el-aumento-sera-de-4897-pesos-en-abril\/\"> jubilados, pensionados y trabajadores<\/a>. Ahora el Senado aprob\u00f3 la movilidad que dar\u00e1 aumentos m\u00e1s cercanos a la inflaci\u00f3n que padece el pa\u00eds, pero el presidente Milei y los ministros de Juntos ya dijeron a medios nacionales que vetar\u00e1n la ley.<\/p>\n\n\n\n<p>La iniciativa, que ya hab\u00eda obtenido media sanci\u00f3n de la C\u00e1mara de Diputados, establece una nueva metodolog\u00eda para calcular los aumentos peri\u00f3dicos de los haberes previsionales, buscando garantizar una mayor protecci\u00f3n del poder adquisitivo de los <a href=\"https:\/\/www.lapoliticaonline.com\/congreso\/el-pro-la-ucr-y-el-peronismo-aprobaron-por-dos-tercios-el-aumento-a-los-jubilados-y-el-veto-de-milei-podria-ser-inutil\/\" target=\"_blank\" rel=\"noopener\">jubilados frente a la inflaci\u00f3n.<\/a><\/p>\n\n\n\n<p><strong>\u00bfCu\u00e1les son los principales cambios?<\/strong><\/p>\n\n\n\n<p>Nueva f\u00f3rmula: La ley deroga la f\u00f3rmula anterior y establece una nueva, que combina el \u00edndice de precios al consumidor (IPC) con la variaci\u00f3n de la Remuneraci\u00f3n Imponible Promedio de los Trabajadores Estables (RIPTE).<\/p>\n\n\n\n<p>Aumento inicial: Los jubilados percibir\u00e1n un aumento inicial del [porcentaje] en sus haberes, con efectos retroactivos.<\/p>\n\n\n\n<p>Aumentos semestrales: Los aumentos se aplicar\u00e1n de manera semestral, ajust\u00e1ndose a la nueva f\u00f3rmula.<\/p>\n\n\n\n<p>Cl\u00e1usula de revisi\u00f3n: La ley incluye una cl\u00e1usula de revisi\u00f3n que permitir\u00e1 evaluar la f\u00f3rmula cada tiempo determinado y realizar los ajustes necesarios.<\/p>\n\n\n\n<p>\u00bfQu\u00e9 significa esto para los jubilados?<\/p>\n\n\n\n<p>La aprobaci\u00f3n de esta ley implica un cambio significativo en la forma en que se actualizar\u00e1n las jubilaciones en el futuro. Los jubilados podr\u00e1n esperar aumentos m\u00e1s acordes con la inflaci\u00f3n y una mayor protecci\u00f3n de su poder adquisitivo. Sin embargo, el impacto real de esta medida depender\u00e1 de la evoluci\u00f3n de los \u00edndices econ\u00f3micos y de las pol\u00edticas implementadas por el gobierno.<\/p>\n\n\n\n<p><strong>Vetado<\/strong><\/p>\n\n\n\n<p>A todo esto el presidente Milei y sus ministros de Juntos, como Caputo y el vocero Adorni, ya avisaron que la vetar\u00edan dado que \u201cmodificar\u00eda\u201d el \u201cequilibrio\u201d fiscal, convirti\u00e9ndose en una posible mala noticia para jubilados y pensionados.<\/p>\n","protected":false},"excerpt":{"rendered":"<p>La crisis y el ajuste ha sido pagada en mayor medida por jubilados, pensionados y trabajadores. Ahora el Senado aprob\u00f3 &#8230; <a title=\"Aprueba el Senado aumento a jubilados, pero Milei avisa lo vetar\u00e1\" class=\"read-more\" href=\"https:\/\/www.hoymercedes.com.ar\/principal\/2024\/08\/22\/aprueba-el-senado-aumento-a-jubilados-pero-milei-avisa-lo-vetara\/\" aria-label=\"Leer m\u00e1s sobre Aprueba el Senado aumento a jubilados, pero Milei avisa lo vetar\u00e1\">Leer m\u00e1s<\/a><\/p>\n","protected":false},"author":1,"featured_media":172169,"comment_status":"closed","ping_status":"open","sticky":false,"template":"","format":"standard","meta":{"_monsterinsights_skip_tracking":false,"_monsterinsights_sitenote_active":false,"_monsterinsights_sitenote_note":"","_monsterinsights_sitenote_category":0,"jetpack_post_was_ever_published":false,"_jetpack_newsletter_access":"","_jetpack_dont_email_post_to_subs":false,"_jetpack_newsletter_tier_id":0,"_jetpack_memberships_contains_paywalled_content":false,"_jetpack_memberships_contains_paid_content":false,"footnotes":"","jetpack_publicize_message":"","jetpack_publicize_feature_enabled":true,"jetpack_social_post_already_shared":true,"jetpack_social_options":{"image_generator_settings":{"template":"highway","default_image_id":0,"font":"","enabled":false},"version":2},"_wpas_customize_per_network":false},"categories":[8],"tags":[],"class_list":["post-178147","post","type-post","status-publish","format-standard","has-post-thumbnail","hentry","category-sociedad","generate-columns","tablet-grid-50","mobile-grid-100","grid-parent","grid-50"],"jetpack_publicize_connections":[],"jetpack_featured_media_url":"https:\/\/www.hoymercedes.com.ar\/principal\/wp-content\/uploads\/2024\/01\/jubilados.jpg","wps_subtitle":"Expectativa ","jetpack_sharing_enabled":true,"_links":{"self":[{"href":"https:\/\/www.hoymercedes.com.ar\/principal\/wp-json\/wp\/v2\/posts\/178147","targetHints":{"allow":["GET"]}}],"collection":[{"href":"https:\/\/www.hoymercedes.com.ar\/principal\/wp-json\/wp\/v2\/posts"}],"about":[{"href":"https:\/\/www.hoymercedes.com.ar\/principal\/wp-json\/wp\/v2\/types\/post"}],"author":[{"embeddable":true,"href":"https:\/\/www.hoymercedes.com.ar\/principal\/wp-json\/wp\/v2\/users\/1"}],"replies":[{"embeddable":true,"href":"https:\/\/www.hoymercedes.com.ar\/principal\/wp-json\/wp\/v2\/comments?post=178147"}],"version-history":[{"count":0,"href":"https:\/\/www.hoymercedes.com.ar\/principal\/wp-json\/wp\/v2\/posts\/178147\/revisions"}],"wp:featuredmedia":[{"embeddable":true,"href":"https:\/\/www.hoymercedes.com.ar\/principal\/wp-json\/wp\/v2\/media\/172169"}],"wp:attachment":[{"href":"https:\/\/www.hoymercedes.com.ar\/principal\/wp-json\/wp\/v2\/media?parent=178147"}],"wp:term":[{"taxonomy":"category","embeddable":true,"href":"https:\/\/www.hoymercedes.com.ar\/principal\/wp-json\/wp\/v2\/categories?post=178147"},{"taxonomy":"post_tag","embeddable":true,"href":"https:\/\/www.hoymercedes.com.ar\/principal\/wp-json\/wp\/v2\/tags?post=178147"}],"curies":[{"name":"wp","href":"https:\/\/api.w.org\/{rel}","templated":true}]}}