{"id":178150,"date":"2024-08-22T21:32:00","date_gmt":"2024-08-23T00:32:00","guid":{"rendered":"https:\/\/www.hoymercedes.com.ar\/principal\/?p=178150"},"modified":"2024-08-22T21:32:01","modified_gmt":"2024-08-23T00:32:01","slug":"romina-fernandez-debuta-en-paris","status":"publish","type":"post","link":"https:\/\/www.hoymercedes.com.ar\/principal\/2024\/08\/22\/romina-fernandez-debuta-en-paris\/","title":{"rendered":"Romina Fern\u00e1ndez debuta en Par\u00eds"},"content":{"rendered":"\n<figure class=\"wp-block-image size-large\"><img loading=\"lazy\" decoding=\"async\" width=\"1024\" height=\"1024\" data-attachment-id=\"178151\" data-permalink=\"https:\/\/www.hoymercedes.com.ar\/principal\/2024\/08\/22\/romina-fernandez-debuta-en-paris\/rominafernandez-paris\/#main\" data-orig-file=\"https:\/\/www.hoymercedes.com.ar\/principal\/wp-content\/uploads\/2024\/08\/RominaFernandez-Paris.jpg\" data-orig-size=\"1080,1080\" data-comments-opened=\"0\" data-image-meta=\"{&quot;aperture&quot;:&quot;0&quot;,&quot;credit&quot;:&quot;&quot;,&quot;camera&quot;:&quot;&quot;,&quot;caption&quot;:&quot;&quot;,&quot;created_timestamp&quot;:&quot;0&quot;,&quot;copyright&quot;:&quot;&quot;,&quot;focal_length&quot;:&quot;0&quot;,&quot;iso&quot;:&quot;0&quot;,&quot;shutter_speed&quot;:&quot;0&quot;,&quot;title&quot;:&quot;&quot;,&quot;orientation&quot;:&quot;0&quot;}\" data-image-title=\"RominaFernandez-Paris\" data-image-description=\"&lt;p&gt;Romina Fern\u00e1ndez en Par\u00eds&lt;\/p&gt;\n\" data-image-caption=\"&lt;p&gt;Romina Fern\u00e1ndez en Par\u00eds&lt;\/p&gt;\n\" data-large-file=\"https:\/\/www.hoymercedes.com.ar\/principal\/wp-content\/uploads\/2024\/08\/RominaFernandez-Paris-1024x1024.jpg\" src=\"https:\/\/www.hoymercedes.com.ar\/principal\/wp-content\/uploads\/2024\/08\/RominaFernandez-Paris-1024x1024.jpg\" alt=\"\" class=\"wp-image-178151\" srcset=\"https:\/\/www.hoymercedes.com.ar\/principal\/wp-content\/uploads\/2024\/08\/RominaFernandez-Paris-1024x1024.jpg 1024w, https:\/\/www.hoymercedes.com.ar\/principal\/wp-content\/uploads\/2024\/08\/RominaFernandez-Paris-620x620.jpg 620w, https:\/\/www.hoymercedes.com.ar\/principal\/wp-content\/uploads\/2024\/08\/RominaFernandez-Paris-150x150.jpg 150w, https:\/\/www.hoymercedes.com.ar\/principal\/wp-content\/uploads\/2024\/08\/RominaFernandez-Paris.jpg 1080w\" sizes=\"auto, (max-width: 1024px) 100vw, 1024px\" \/><\/figure>\n\n\n\n<p>Lleg\u00f3 el momento. La atleta mercedina, <a href=\"https:\/\/www.hoymercedes.com.ar\/principal\/2024\/08\/13\/romina-fernandez-emprendio-el-viaje-a-paris-2024\/\">Romina Fern\u00e1ndez<\/a>, debutar\u00e1 este viernes en los juegos paral\u00edmpicos de Par\u00eda, Francia. Es su segunda experiencia en este tipo de competencia de primer nivel.<\/p>\n\n\n\n<p>Vale recordar que la atleta local tiene un excelente desempe\u00f1o en su disciplina, habi\u00e9ndole permitido tener r\u00e9cords y excelentes registros tanto a nivel nacional como internacional.<\/p>\n\n\n\n<p>Ahora, en Par\u00eds, debutar\u00e1 a las <a href=\"https:\/\/olympics.com\/es\/paris-2024\/los-juegos\/juegos-olimpicos-y-paralimpicos\/juegos-paralimpicos\" target=\"_blank\" rel=\"noopener\">14.30hs de nuestro pa\u00eds.<\/a><\/p>\n","protected":false},"excerpt":{"rendered":"<p>Lleg\u00f3 el momento. La atleta mercedina, Romina Fern\u00e1ndez, debutar\u00e1 este viernes en los juegos paral\u00edmpicos de Par\u00eda, Francia. Es su &#8230; <a title=\"Romina Fern\u00e1ndez debuta en Par\u00eds\" class=\"read-more\" href=\"https:\/\/www.hoymercedes.com.ar\/principal\/2024\/08\/22\/romina-fernandez-debuta-en-paris\/\" aria-label=\"Leer m\u00e1s sobre Romina Fern\u00e1ndez debuta en Par\u00eds\">Leer m\u00e1s<\/a><\/p>\n","protected":false},"author":1,"featured_media":178151,"comment_status":"closed","ping_status":"open","sticky":false,"template":"","format":"standard","meta":{"_monsterinsights_skip_tracking":false,"_monsterinsights_sitenote_active":false,"_monsterinsights_sitenote_note":"","_monsterinsights_sitenote_category":0,"jetpack_post_was_ever_published":false,"_jetpack_newsletter_access":"","_jetpack_dont_email_post_to_subs":false,"_jetpack_newsletter_tier_id":0,"_jetpack_memberships_contains_paywalled_content":false,"_jetpack_memberships_contains_paid_content":false,"footnotes":"","jetpack_publicize_message":"","jetpack_publicize_feature_enabled":true,"jetpack_social_post_already_shared":true,"jetpack_social_options":{"image_generator_settings":{"template":"highway","default_image_id":0,"font":"","enabled":false},"version":2},"_wpas_customize_per_network":false},"categories":[8],"tags":[],"class_list":["post-178150","post","type-post","status-publish","format-standard","has-post-thumbnail","hentry","category-sociedad","generate-columns","tablet-grid-50","mobile-grid-100","grid-parent","grid-50"],"jetpack_publicize_connections":[],"jetpack_featured_media_url":"https:\/\/www.hoymercedes.com.ar\/principal\/wp-content\/uploads\/2024\/08\/RominaFernandez-Paris.jpg","wps_subtitle":"Internacional ","jetpack_sharing_enabled":true,"_links":{"self":[{"href":"https:\/\/www.hoymercedes.com.ar\/principal\/wp-json\/wp\/v2\/posts\/178150","targetHints":{"allow":["GET"]}}],"collection":[{"href":"https:\/\/www.hoymercedes.com.ar\/principal\/wp-json\/wp\/v2\/posts"}],"about":[{"href":"https:\/\/www.hoymercedes.com.ar\/principal\/wp-json\/wp\/v2\/types\/post"}],"author":[{"embeddable":true,"href":"https:\/\/www.hoymercedes.com.ar\/principal\/wp-json\/wp\/v2\/users\/1"}],"replies":[{"embeddable":true,"href":"https:\/\/www.hoymercedes.com.ar\/principal\/wp-json\/wp\/v2\/comments?post=178150"}],"version-history":[{"count":0,"href":"https:\/\/www.hoymercedes.com.ar\/principal\/wp-json\/wp\/v2\/posts\/178150\/revisions"}],"wp:featuredmedia":[{"embeddable":true,"href":"https:\/\/www.hoymercedes.com.ar\/principal\/wp-json\/wp\/v2\/media\/178151"}],"wp:attachment":[{"href":"https:\/\/www.hoymercedes.com.ar\/principal\/wp-json\/wp\/v2\/media?parent=178150"}],"wp:term":[{"taxonomy":"category","embeddable":true,"href":"https:\/\/www.hoymercedes.com.ar\/principal\/wp-json\/wp\/v2\/categories?post=178150"},{"taxonomy":"post_tag","embeddable":true,"href":"https:\/\/www.hoymercedes.com.ar\/principal\/wp-json\/wp\/v2\/tags?post=178150"}],"curies":[{"name":"wp","href":"https:\/\/api.w.org\/{rel}","templated":true}]}}