{"id":178200,"date":"2024-08-24T20:00:00","date_gmt":"2024-08-24T23:00:00","guid":{"rendered":"https:\/\/www.hoymercedes.com.ar\/principal\/?p=178200"},"modified":"2024-08-24T20:24:16","modified_gmt":"2024-08-24T23:24:16","slug":"ustarroz-dio-inicio-a-una-nueva-carrera-universitaria-en-mercedes","status":"publish","type":"post","link":"https:\/\/www.hoymercedes.com.ar\/principal\/2024\/08\/24\/ustarroz-dio-inicio-a-una-nueva-carrera-universitaria-en-mercedes\/","title":{"rendered":"Ustarroz dio inicio a una nueva carrera universitaria en Mercedes"},"content":{"rendered":"\n<figure class=\"wp-block-image size-large\"><img loading=\"lazy\" decoding=\"async\" width=\"1024\" height=\"682\" data-attachment-id=\"178201\" data-permalink=\"https:\/\/www.hoymercedes.com.ar\/principal\/2024\/08\/24\/ustarroz-dio-inicio-a-una-nueva-carrera-universitaria-en-mercedes\/sja_0494-2\/#main\" data-orig-file=\"https:\/\/www.hoymercedes.com.ar\/principal\/wp-content\/uploads\/2024\/08\/SJA_0494.jpg\" data-orig-size=\"1319,879\" data-comments-opened=\"0\" data-image-meta=\"{&quot;aperture&quot;:&quot;0&quot;,&quot;credit&quot;:&quot;SEBASTIANAMBROSSIO&quot;,&quot;camera&quot;:&quot;&quot;,&quot;caption&quot;:&quot;&quot;,&quot;created_timestamp&quot;:&quot;0&quot;,&quot;copyright&quot;:&quot;SebastianAmbrossio&quot;,&quot;focal_length&quot;:&quot;0&quot;,&quot;iso&quot;:&quot;0&quot;,&quot;shutter_speed&quot;:&quot;0&quot;,&quot;title&quot;:&quot;&quot;,&quot;orientation&quot;:&quot;0&quot;}\" data-image-title=\"Ustarroz dio inicio a una nueva carrera universitaria en Mercedes\" data-image-description=\"&lt;p&gt;Ustarroz dio inicio a una nueva carrera universitaria en Mercedes&lt;\/p&gt;\n\" data-image-caption=\"&lt;p&gt;Ustarroz dio inicio a una nueva carrera universitaria en Mercedes&lt;\/p&gt;\n\" data-large-file=\"https:\/\/www.hoymercedes.com.ar\/principal\/wp-content\/uploads\/2024\/08\/SJA_0494-1024x682.jpg\" src=\"https:\/\/www.hoymercedes.com.ar\/principal\/wp-content\/uploads\/2024\/08\/SJA_0494-1024x682.jpg\" alt=\"Ustarroz dio inicio a una nueva carrera universitaria en Mercedes\" class=\"wp-image-178201\" srcset=\"https:\/\/www.hoymercedes.com.ar\/principal\/wp-content\/uploads\/2024\/08\/SJA_0494-1024x682.jpg 1024w, https:\/\/www.hoymercedes.com.ar\/principal\/wp-content\/uploads\/2024\/08\/SJA_0494-630x420.jpg 630w, https:\/\/www.hoymercedes.com.ar\/principal\/wp-content\/uploads\/2024\/08\/SJA_0494-150x100.jpg 150w, https:\/\/www.hoymercedes.com.ar\/principal\/wp-content\/uploads\/2024\/08\/SJA_0494-700x465.jpg 700w, https:\/\/www.hoymercedes.com.ar\/principal\/wp-content\/uploads\/2024\/08\/SJA_0494.jpg 1319w\" sizes=\"auto, (max-width: 1024px) 100vw, 1024px\" \/><\/figure>\n\n\n\n<p>Inici\u00f3 una nueva carrera universitaria en Mercedes. Tras una inscripci\u00f3n muy convocante fue en el Teatro Argentino. Estuvo presente el intendente <strong>Dr. Juan I. Ustarroz<\/strong> y el rector de la Universidad Pedag\u00f3gica Nacional <strong>Carlos Rodr\u00edguez<\/strong>. Casi 200 estudiantes dieron inicio al ciclo lectivo. La carrera es financiada por el gobierno de Axel Kicillof a trav\u00e9s del <strong>programa \u201cPuentes\u201d<\/strong><\/p>\n\n\n\n<p><strong>Bienvenida<\/strong><\/p>\n\n\n\n<p>El intendente Dr. Juan I. Ustarroz a la hora de tomar la palabra destac\u00f3 lo \u201cimportante y valioso que es el lanzamiento de una nueva carrera universitaria destinada a trabajadores y trabajadores de la educaci\u00f3n\u201d<\/p>\n\n\n\n<p>Se da \u201cen el marco del proceso de la construcci\u00f3n de una ciudad educadora\u201d para contar luego c\u00f3mo surgi\u00f3 y avanz\u00f3 la construcci\u00f3n del Mercedes Aprende Unido, un programa que \u201cnos involucra a todas y todos como comunidad, como sociedad\u201d.<\/p>\n\n\n\n<figure class=\"wp-block-image size-large\"><img loading=\"lazy\" decoding=\"async\" width=\"1024\" height=\"682\" data-attachment-id=\"178202\" data-permalink=\"https:\/\/www.hoymercedes.com.ar\/principal\/2024\/08\/24\/ustarroz-dio-inicio-a-una-nueva-carrera-universitaria-en-mercedes\/sja_0586\/#main\" data-orig-file=\"https:\/\/www.hoymercedes.com.ar\/principal\/wp-content\/uploads\/2024\/08\/SJA_0586.jpg\" data-orig-size=\"1319,879\" data-comments-opened=\"0\" data-image-meta=\"{&quot;aperture&quot;:&quot;0&quot;,&quot;credit&quot;:&quot;SEBASTIANAMBROSSIO&quot;,&quot;camera&quot;:&quot;&quot;,&quot;caption&quot;:&quot;&quot;,&quot;created_timestamp&quot;:&quot;0&quot;,&quot;copyright&quot;:&quot;SebastianAmbrossio&quot;,&quot;focal_length&quot;:&quot;0&quot;,&quot;iso&quot;:&quot;0&quot;,&quot;shutter_speed&quot;:&quot;0&quot;,&quot;title&quot;:&quot;&quot;,&quot;orientation&quot;:&quot;0&quot;}\" data-image-title=\"Ustarroz dio inicio a una nueva carrera universitaria en Mercedes\" data-image-description=\"&lt;p&gt;Ustarroz dio inicio a una nueva carrera universitaria en Mercedes&lt;\/p&gt;\n\" data-image-caption=\"&lt;p&gt;Ustarroz dio inicio a una nueva carrera universitaria en Mercedes&lt;\/p&gt;\n\" data-large-file=\"https:\/\/www.hoymercedes.com.ar\/principal\/wp-content\/uploads\/2024\/08\/SJA_0586-1024x682.jpg\" src=\"https:\/\/www.hoymercedes.com.ar\/principal\/wp-content\/uploads\/2024\/08\/SJA_0586-1024x682.jpg\" alt=\"Ustarroz dio inicio a una nueva carrera universitaria en Mercedes\" class=\"wp-image-178202\" srcset=\"https:\/\/www.hoymercedes.com.ar\/principal\/wp-content\/uploads\/2024\/08\/SJA_0586-1024x682.jpg 1024w, https:\/\/www.hoymercedes.com.ar\/principal\/wp-content\/uploads\/2024\/08\/SJA_0586-630x420.jpg 630w, https:\/\/www.hoymercedes.com.ar\/principal\/wp-content\/uploads\/2024\/08\/SJA_0586-150x100.jpg 150w, https:\/\/www.hoymercedes.com.ar\/principal\/wp-content\/uploads\/2024\/08\/SJA_0586-700x465.jpg 700w, https:\/\/www.hoymercedes.com.ar\/principal\/wp-content\/uploads\/2024\/08\/SJA_0586.jpg 1319w\" sizes=\"auto, (max-width: 1024px) 100vw, 1024px\" \/><\/figure>\n\n\n\n<p><strong>Unidad<\/strong><\/p>\n\n\n\n<p>\u201c\u00bfPor qu\u00e9 el municipio se involucra?\u201d interrog\u00f3 el jefe comunal a sabiendas que no siempre legalmente le corresponde a la Comuna. \u201cEs porque nuestra cotidianeidad muestra que la mayor\u00eda de los problemas est\u00e1n atravesados por la educaci\u00f3n\u201d por eso es tan valioso \u201cinvolucrarnos, porque las transformaciones reales se dan con participaci\u00f3n\u201d destac\u00f3 el intendente.<\/p>\n\n\n\n<p><strong>Compromiso<\/strong><\/p>\n\n\n\n<p>El intendente invit\u00f3 a las y los futuros graduados a \u201ccomprometerse, una vez recibidos, a ser ustedes quienes tambi\u00e9n cumplan el derecho de la educaci\u00f3n de todas y todos y sean formadores de nuevas generaciones, como un compromiso hacia quienes no han podido asistir\u201d destac\u00f3 el intendente Ustarroz para \u201cque tengamos di\u00e1logo, debate, con mucha acci\u00f3n\u201d para luego si dar la bienvenida formal.<\/p>\n\n\n\n<p><strong>Rectorado<\/strong><\/p>\n\n\n\n<p><strong>Carlos Rodr\u00edguez<\/strong>, rector de la <strong>Universidad Pedag\u00f3gica Nacional<\/strong>, record\u00f3 que \u201cestudi\u00e9 ac\u00e1 en Mercedes, fue mi primer paso por la formaci\u00f3n superior\u201d haciendo pr\u00e1cticas \u201cen esta ciudad\u201d.<\/p>\n\n\n\n<p>Reflexion\u00f3 hondamente sobre \u201cel presente con tanta angustia cotidiana, donde parecer\u00eda que no hay una mirada del pasado, por eso el presente no nos anuncia un futuro menos angustiante\u201d para luego destacar que es \u201cnecesario ese pasado porque ilumina el presente\u201d y actuar en \u00e9l.<\/p>\n\n\n\n<p>Narr\u00f3 la experiencia del profesor \u201cel padre Alas\u201d, del profesorado de matem\u00e1ticas de Mercedes, que fue un ejemplo de vocaci\u00f3n y dedicaci\u00f3n.<\/p>\n\n\n\n<figure class=\"wp-block-image size-large\"><img loading=\"lazy\" decoding=\"async\" width=\"1024\" height=\"682\" data-attachment-id=\"178203\" data-permalink=\"https:\/\/www.hoymercedes.com.ar\/principal\/2024\/08\/24\/ustarroz-dio-inicio-a-una-nueva-carrera-universitaria-en-mercedes\/sja_0545\/#main\" data-orig-file=\"https:\/\/www.hoymercedes.com.ar\/principal\/wp-content\/uploads\/2024\/08\/SJA_0545.jpg\" data-orig-size=\"1319,879\" data-comments-opened=\"0\" data-image-meta=\"{&quot;aperture&quot;:&quot;0&quot;,&quot;credit&quot;:&quot;SEBASTIANAMBROSSIO&quot;,&quot;camera&quot;:&quot;&quot;,&quot;caption&quot;:&quot;&quot;,&quot;created_timestamp&quot;:&quot;0&quot;,&quot;copyright&quot;:&quot;SebastianAmbrossio&quot;,&quot;focal_length&quot;:&quot;0&quot;,&quot;iso&quot;:&quot;0&quot;,&quot;shutter_speed&quot;:&quot;0&quot;,&quot;title&quot;:&quot;&quot;,&quot;orientation&quot;:&quot;0&quot;}\" data-image-title=\"Ustarroz dio inicio a una nueva carrera universitaria en Mercedes\" data-image-description=\"&lt;p&gt;Ustarroz dio inicio a una nueva carrera universitaria en Mercedes&lt;\/p&gt;\n\" data-image-caption=\"&lt;p&gt;Ustarroz dio inicio a una nueva carrera universitaria en Mercedes&lt;\/p&gt;\n\" data-large-file=\"https:\/\/www.hoymercedes.com.ar\/principal\/wp-content\/uploads\/2024\/08\/SJA_0545-1024x682.jpg\" src=\"https:\/\/www.hoymercedes.com.ar\/principal\/wp-content\/uploads\/2024\/08\/SJA_0545-1024x682.jpg\" alt=\"Ustarroz dio inicio a una nueva carrera universitaria en Mercedes\" class=\"wp-image-178203\" srcset=\"https:\/\/www.hoymercedes.com.ar\/principal\/wp-content\/uploads\/2024\/08\/SJA_0545-1024x682.jpg 1024w, https:\/\/www.hoymercedes.com.ar\/principal\/wp-content\/uploads\/2024\/08\/SJA_0545-630x420.jpg 630w, https:\/\/www.hoymercedes.com.ar\/principal\/wp-content\/uploads\/2024\/08\/SJA_0545-150x100.jpg 150w, https:\/\/www.hoymercedes.com.ar\/principal\/wp-content\/uploads\/2024\/08\/SJA_0545-700x465.jpg 700w, https:\/\/www.hoymercedes.com.ar\/principal\/wp-content\/uploads\/2024\/08\/SJA_0545.jpg 1319w\" sizes=\"auto, (max-width: 1024px) 100vw, 1024px\" \/><\/figure>\n\n\n\n<p><strong>Formaci\u00f3n<\/strong><\/p>\n\n\n\n<p>Cont\u00f3 <strong>Rodr\u00edguez <\/strong>que \u201cla investigaci\u00f3n en la UNIPE est\u00e1 orientada a la investigaci\u00f3n pedag\u00f3gica\u201d y \u201ccada docente de nuestra universidad es parte de la construcci\u00f3n de los sistemas educativos\u201d<\/p>\n\n\n\n<p>La educaci\u00f3n \u201cno es un hecho individual, es un hecho colectivo, que se sostiene con lo vivido atr\u00e1s y el presente\u201d<\/p>\n\n\n\n<p><strong>Agradecimiento<\/strong><\/p>\n\n\n\n<p>El rector de la UNIPE agradeci\u00f3 \u201ca la municipalidad y a la provincia de Buenos Aires por permitirnos y cumplir con nuestra obligaci\u00f3n de dar servicios educativo en cada pueblo\u201d porque \u201ccreemos est\u00e1 la universidad, con sus limitaciones clara, dar y brindar educaci\u00f3n\u201d.<\/p>\n\n\n\n<p>Refiri\u00f3 que \u201chay lugares donde se detecta si la ciudad se compromete en educaci\u00f3n o es s\u00f3lo un acto. Ac\u00e1 vemos que la ciudad educativa, el Mercedes Aprende Unida, est\u00e1 presente, se nota el trabajo previo, que no es s\u00f3lo hoy, sino que viene desde m\u00e1s atr\u00e1s y nos permite crecer\u201d.<\/p>\n\n\n\n<p>Por \u00faltimo agradeci\u00f3 \u201ca todas y todos ustedes, hoy presentes, para una formaci\u00f3n que demandar\u00e1 dos a\u00f1os y medio y esto habla que, en Argentina, a\u00fan, la educaci\u00f3n es posible\u201d.<\/p>\n\n\n\n<figure class=\"wp-block-image size-large\"><img loading=\"lazy\" decoding=\"async\" width=\"1024\" height=\"682\" data-attachment-id=\"178204\" data-permalink=\"https:\/\/www.hoymercedes.com.ar\/principal\/2024\/08\/24\/ustarroz-dio-inicio-a-una-nueva-carrera-universitaria-en-mercedes\/sja_0514\/#main\" data-orig-file=\"https:\/\/www.hoymercedes.com.ar\/principal\/wp-content\/uploads\/2024\/08\/SJA_0514.jpg\" data-orig-size=\"1319,879\" data-comments-opened=\"0\" data-image-meta=\"{&quot;aperture&quot;:&quot;0&quot;,&quot;credit&quot;:&quot;SEBASTIANAMBROSSIO&quot;,&quot;camera&quot;:&quot;&quot;,&quot;caption&quot;:&quot;&quot;,&quot;created_timestamp&quot;:&quot;0&quot;,&quot;copyright&quot;:&quot;SebastianAmbrossio&quot;,&quot;focal_length&quot;:&quot;0&quot;,&quot;iso&quot;:&quot;0&quot;,&quot;shutter_speed&quot;:&quot;0&quot;,&quot;title&quot;:&quot;&quot;,&quot;orientation&quot;:&quot;0&quot;}\" data-image-title=\"Ustarroz dio inicio a una nueva carrera universitaria en Mercedes\" data-image-description=\"&lt;p&gt;Ustarroz dio inicio a una nueva carrera universitaria en Mercedes&lt;\/p&gt;\n\" data-image-caption=\"&lt;p&gt;Ustarroz dio inicio a una nueva carrera universitaria en Mercedes&lt;\/p&gt;\n\" data-large-file=\"https:\/\/www.hoymercedes.com.ar\/principal\/wp-content\/uploads\/2024\/08\/SJA_0514-1024x682.jpg\" src=\"https:\/\/www.hoymercedes.com.ar\/principal\/wp-content\/uploads\/2024\/08\/SJA_0514-1024x682.jpg\" alt=\"Ustarroz dio inicio a una nueva carrera universitaria en Mercedes\" class=\"wp-image-178204\" srcset=\"https:\/\/www.hoymercedes.com.ar\/principal\/wp-content\/uploads\/2024\/08\/SJA_0514-1024x682.jpg 1024w, https:\/\/www.hoymercedes.com.ar\/principal\/wp-content\/uploads\/2024\/08\/SJA_0514-630x420.jpg 630w, https:\/\/www.hoymercedes.com.ar\/principal\/wp-content\/uploads\/2024\/08\/SJA_0514-150x100.jpg 150w, https:\/\/www.hoymercedes.com.ar\/principal\/wp-content\/uploads\/2024\/08\/SJA_0514-700x465.jpg 700w, https:\/\/www.hoymercedes.com.ar\/principal\/wp-content\/uploads\/2024\/08\/SJA_0514.jpg 1319w\" sizes=\"auto, (max-width: 1024px) 100vw, 1024px\" \/><\/figure>\n\n\n\n<p><strong>Puentes<\/strong><\/p>\n\n\n\n<p>El profesor <strong>Jos\u00e9 Lu\u00eds Pisano<\/strong> coment\u00f3 que para llegar a este momento \u201ctiene que ver con la definici\u00f3n que hemos tomado en nuestro distrito de tener la educaci\u00f3n en todos sus niveles como una prioridad y en ese marco es que ven\u00edamos teniendo relaciones con la provincia de Buenos Aires a trav\u00e9s del programa Puentes\u201d quien financia la propuesta educativa<\/p>\n\n\n\n<p>Destac\u00f3 que \u201cel programa Puentes es un programa que financia carreras universitarias, entre otros aspectos de la educaci\u00f3n superior\u201d mencion\u00f3 el secretario de educaci\u00f3n<\/p>\n\n\n\n<p><strong>UNIPE<\/strong><\/p>\n\n\n\n<p>\u201cNosotros venimos articulando con la Universidad Pedag\u00f3gica Nacional, una universidad que nace en la provincia de Buenos Aires\u201d y luego se nacionaliza y destac\u00f3 que \u201cpor primera vez en nuestro pa\u00eds tenemos una universidad que se dedica exclusivamente a la formaci\u00f3n docente y poder tener una carrera de la Universidad Pedag\u00f3gica para nosotros es un orgullo, as\u00ed que la verdad que les agradezco por el esfuerzo a todos los chicos de la Universidad Pedag\u00f3gica Nacional que vienen haciendo un enorme esfuerzo, con quienes venimos articulando un conjunto de otras acciones\u201d remarc\u00f3 Pisano.<\/p>\n\n\n\n<p><strong>Centro Universitario<\/strong><\/p>\n\n\n\n<p>La carrera se dictar\u00e1 en el espacio del Centro Universitario Regional Mercedes. Mara Quiroga, su coordinadora, coment\u00f3 que \u201ces un honor para m\u00ed recibirlos hoy aqu\u00ed. Damos comienzo a este nuevo ciclo complementario curricular de la Licenciatura en Secundaria con Orientaci\u00f3n a Gesti\u00f3n Institucional, que no s\u00f3lo implica actualizar los contenidos sino tambi\u00e9n para reflexionar las pr\u00e1cticas docentes, de intercambio de experiencias siendo una gran oportunidad para jerarquizar la educaci\u00f3n, la formaci\u00f3n, los conocimientos que ustedes ya poseen y tambi\u00e9n actualizarlos\u201d mencion\u00f3<\/p>\n\n\n\n<p>Remarc\u00f3 la importancia de que \u201cse dicta en \u00edntegramente en Mercedes\u201d y que \u201cel Centro Universitario est\u00e1 siempre para acompa\u00f1arlas y acompa\u00f1arlos\u201d.<\/p>\n\n\n\n<p><strong>Presencia<\/strong><\/p>\n\n\n\n<p>Hubo un auditorio repleto en la Sala A del Teatro Argentino de estudiantes locales, adem\u00e1s de la presencia de Mar\u00eda Luz Albergucci, Coordinadora de formaci\u00f3n permanente \u2013UNIPE y Rafael del Campo, Coordinador del Ciclo Complementario Curricular en Educaci\u00f3n Secundaria con orientaci\u00f3n en Gesti\u00f3n Institucional quienes tras la presentaci\u00f3n se quedaron interactuando con el estudiantado.<\/p>\n","protected":false},"excerpt":{"rendered":"<p>Inici\u00f3 una nueva carrera universitaria en Mercedes. Tras una inscripci\u00f3n muy convocante fue en el Teatro Argentino. Estuvo presente el &#8230; <a title=\"Ustarroz dio inicio a una nueva carrera universitaria en Mercedes\" class=\"read-more\" href=\"https:\/\/www.hoymercedes.com.ar\/principal\/2024\/08\/24\/ustarroz-dio-inicio-a-una-nueva-carrera-universitaria-en-mercedes\/\" aria-label=\"Leer m\u00e1s sobre Ustarroz dio inicio a una nueva carrera universitaria en Mercedes\">Leer m\u00e1s<\/a><\/p>\n","protected":false},"author":1,"featured_media":178201,"comment_status":"closed","ping_status":"open","sticky":false,"template":"","format":"standard","meta":{"_monsterinsights_skip_tracking":false,"_monsterinsights_sitenote_active":false,"_monsterinsights_sitenote_note":"","_monsterinsights_sitenote_category":0,"jetpack_post_was_ever_published":false,"_jetpack_newsletter_access":"","_jetpack_dont_email_post_to_subs":false,"_jetpack_newsletter_tier_id":0,"_jetpack_memberships_contains_paywalled_content":false,"_jetpack_memberships_contains_paid_content":false,"footnotes":"","jetpack_publicize_message":"","jetpack_publicize_feature_enabled":true,"jetpack_social_post_already_shared":true,"jetpack_social_options":{"image_generator_settings":{"template":"highway","default_image_id":0,"font":"","enabled":false},"version":2},"_wpas_customize_per_network":false},"categories":[8],"tags":[],"class_list":["post-178200","post","type-post","status-publish","format-standard","has-post-thumbnail","hentry","category-sociedad","generate-columns","tablet-grid-50","mobile-grid-100","grid-parent","grid-50"],"jetpack_publicize_connections":[],"jetpack_featured_media_url":"https:\/\/www.hoymercedes.com.ar\/principal\/wp-content\/uploads\/2024\/08\/SJA_0494.jpg","wps_subtitle":"Educaci\u00f3n superior","jetpack_sharing_enabled":true,"_links":{"self":[{"href":"https:\/\/www.hoymercedes.com.ar\/principal\/wp-json\/wp\/v2\/posts\/178200","targetHints":{"allow":["GET"]}}],"collection":[{"href":"https:\/\/www.hoymercedes.com.ar\/principal\/wp-json\/wp\/v2\/posts"}],"about":[{"href":"https:\/\/www.hoymercedes.com.ar\/principal\/wp-json\/wp\/v2\/types\/post"}],"author":[{"embeddable":true,"href":"https:\/\/www.hoymercedes.com.ar\/principal\/wp-json\/wp\/v2\/users\/1"}],"replies":[{"embeddable":true,"href":"https:\/\/www.hoymercedes.com.ar\/principal\/wp-json\/wp\/v2\/comments?post=178200"}],"version-history":[{"count":0,"href":"https:\/\/www.hoymercedes.com.ar\/principal\/wp-json\/wp\/v2\/posts\/178200\/revisions"}],"wp:featuredmedia":[{"embeddable":true,"href":"https:\/\/www.hoymercedes.com.ar\/principal\/wp-json\/wp\/v2\/media\/178201"}],"wp:attachment":[{"href":"https:\/\/www.hoymercedes.com.ar\/principal\/wp-json\/wp\/v2\/media?parent=178200"}],"wp:term":[{"taxonomy":"category","embeddable":true,"href":"https:\/\/www.hoymercedes.com.ar\/principal\/wp-json\/wp\/v2\/categories?post=178200"},{"taxonomy":"post_tag","embeddable":true,"href":"https:\/\/www.hoymercedes.com.ar\/principal\/wp-json\/wp\/v2\/tags?post=178200"}],"curies":[{"name":"wp","href":"https:\/\/api.w.org\/{rel}","templated":true}]}}