{"id":178268,"date":"2024-08-27T20:53:48","date_gmt":"2024-08-27T23:53:48","guid":{"rendered":"https:\/\/www.hoymercedes.com.ar\/principal\/?p=178268"},"modified":"2024-08-27T20:53:50","modified_gmt":"2024-08-27T23:53:50","slug":"farmaceuticos-entregan-botiquines-a-escuelas-locales","status":"publish","type":"post","link":"https:\/\/www.hoymercedes.com.ar\/principal\/2024\/08\/27\/farmaceuticos-entregan-botiquines-a-escuelas-locales\/","title":{"rendered":"Farmac\u00e9uticos entregan botiquines a escuelas locales"},"content":{"rendered":"\n<p>El Colegio de Farmac\u00e9uticos de Mercedes entreg\u00f3 a las autoridades de las escuelas de g\u00e9sti\u00f3n p\u00fablica nuevos botiquines de Primeros Auxilios. En \u00e9sta oportunidad, se entregaron cien botiquines. <\/p>\n\n\n<div class=\"wp-block-image\">\n<figure class=\"aligncenter size-full\"><img loading=\"lazy\" decoding=\"async\" width=\"788\" height=\"540\" data-attachment-id=\"178269\" data-permalink=\"https:\/\/www.hoymercedes.com.ar\/principal\/2024\/08\/27\/farmaceuticos-entregan-botiquines-a-escuelas-locales\/image-74\/#main\" data-orig-file=\"https:\/\/www.hoymercedes.com.ar\/principal\/wp-content\/uploads\/2024\/08\/image-19.png\" data-orig-size=\"788,540\" data-comments-opened=\"0\" data-image-meta=\"{&quot;aperture&quot;:&quot;0&quot;,&quot;credit&quot;:&quot;&quot;,&quot;camera&quot;:&quot;&quot;,&quot;caption&quot;:&quot;&quot;,&quot;created_timestamp&quot;:&quot;0&quot;,&quot;copyright&quot;:&quot;&quot;,&quot;focal_length&quot;:&quot;0&quot;,&quot;iso&quot;:&quot;0&quot;,&quot;shutter_speed&quot;:&quot;0&quot;,&quot;title&quot;:&quot;&quot;,&quot;orientation&quot;:&quot;0&quot;}\" data-image-title=\"image\" data-image-description=\"\" data-image-caption=\"\" data-large-file=\"https:\/\/www.hoymercedes.com.ar\/principal\/wp-content\/uploads\/2024\/08\/image-19.png\" src=\"https:\/\/www.hoymercedes.com.ar\/principal\/wp-content\/uploads\/2024\/08\/image-19.png\" alt=\"\" class=\"wp-image-178269\" srcset=\"https:\/\/www.hoymercedes.com.ar\/principal\/wp-content\/uploads\/2024\/08\/image-19.png 788w, https:\/\/www.hoymercedes.com.ar\/principal\/wp-content\/uploads\/2024\/08\/image-19-630x432.png 630w, https:\/\/www.hoymercedes.com.ar\/principal\/wp-content\/uploads\/2024\/08\/image-19-150x103.png 150w\" sizes=\"auto, (max-width: 788px) 100vw, 788px\" \/><\/figure>\n<\/div>\n\n\n<p>\u00abEsta tarea se puede realizar por el compromiso y aporte de cada Farmacia Colegiada de nuestra Ciudad, esa Farmacia de tu barrio, esa Farmacia de tu confianza, esa que \u00abte hace el aguante\u00bb y donde podes encontrar una verdadera atenci\u00f3n farmac\u00e9utica en pos del cuidado de tu Salud\u00bb, explica Carlos Milhomme, titular de la instituci\u00f3n. <\/p>\n\n\n\n<p>\u00abEste a\u00f1o adem\u00e1s, nos propusimos junto a las autoridades educativas de Mercedes encarar proyectos de trabajos en conjunto que tiendan a promover encuentros educativos relacionados con la tarea farmac\u00e9utica en funci\u00f3n del cuidado de la Salud, atendiendo necesidades actuales de nuestra sociedad\u00bb, agrega el farmac\u00e9utico.<\/p>\n\n\n\n<p>\u00abDesde lo institucional como presidente del Colegio y en particular, desde lo personal, vaya mi enorme agradecimiento a cada Colega, al Consejo Escolar, que nos brinda su log\u00edstica de entrega a cada servicio educativo, c\u00f3mo as\u00ed tambi\u00e9n, a las autoridades educativas de nuestra querida Ciudad\u00bb, destaca Milhomme.<\/p>\n\n\n\n<p>El titular del Colegio de Farmac\u00e9uticos de Mercedes entreg\u00f3 los botiquines a la titular del Consejo Escolar Mar\u00eda Elena Oliva, la Inspectora de Nivel Inicial Alejandra Maisonavo, y al Jefe Distrital de Educaci\u00f3n de Gesti\u00f3n P\u00fablica Christian Ponce.<\/p>\n","protected":false},"excerpt":{"rendered":"<p>El Colegio de Farmac\u00e9uticos de Mercedes entreg\u00f3 a las autoridades de las escuelas de g\u00e9sti\u00f3n p\u00fablica nuevos botiquines de Primeros &#8230; <a title=\"Farmac\u00e9uticos entregan botiquines a escuelas locales\" class=\"read-more\" href=\"https:\/\/www.hoymercedes.com.ar\/principal\/2024\/08\/27\/farmaceuticos-entregan-botiquines-a-escuelas-locales\/\" aria-label=\"Leer m\u00e1s sobre Farmac\u00e9uticos entregan botiquines a escuelas locales\">Leer m\u00e1s<\/a><\/p>\n","protected":false},"author":1,"featured_media":178269,"comment_status":"closed","ping_status":"open","sticky":false,"template":"","format":"standard","meta":{"_monsterinsights_skip_tracking":false,"_monsterinsights_sitenote_active":false,"_monsterinsights_sitenote_note":"","_monsterinsights_sitenote_category":0,"jetpack_post_was_ever_published":false,"_jetpack_newsletter_access":"","_jetpack_dont_email_post_to_subs":false,"_jetpack_newsletter_tier_id":0,"_jetpack_memberships_contains_paywalled_content":false,"_jetpack_memberships_contains_paid_content":false,"footnotes":"","jetpack_publicize_message":"","jetpack_publicize_feature_enabled":true,"jetpack_social_post_already_shared":true,"jetpack_social_options":{"image_generator_settings":{"template":"highway","default_image_id":0,"font":"","enabled":false},"version":2},"_wpas_customize_per_network":false},"categories":[8],"tags":[],"class_list":["post-178268","post","type-post","status-publish","format-standard","has-post-thumbnail","hentry","category-sociedad","generate-columns","tablet-grid-50","mobile-grid-100","grid-parent","grid-50"],"jetpack_publicize_connections":[],"jetpack_featured_media_url":"https:\/\/www.hoymercedes.com.ar\/principal\/wp-content\/uploads\/2024\/08\/image-19.png","wps_subtitle":"","jetpack_sharing_enabled":true,"_links":{"self":[{"href":"https:\/\/www.hoymercedes.com.ar\/principal\/wp-json\/wp\/v2\/posts\/178268","targetHints":{"allow":["GET"]}}],"collection":[{"href":"https:\/\/www.hoymercedes.com.ar\/principal\/wp-json\/wp\/v2\/posts"}],"about":[{"href":"https:\/\/www.hoymercedes.com.ar\/principal\/wp-json\/wp\/v2\/types\/post"}],"author":[{"embeddable":true,"href":"https:\/\/www.hoymercedes.com.ar\/principal\/wp-json\/wp\/v2\/users\/1"}],"replies":[{"embeddable":true,"href":"https:\/\/www.hoymercedes.com.ar\/principal\/wp-json\/wp\/v2\/comments?post=178268"}],"version-history":[{"count":0,"href":"https:\/\/www.hoymercedes.com.ar\/principal\/wp-json\/wp\/v2\/posts\/178268\/revisions"}],"wp:featuredmedia":[{"embeddable":true,"href":"https:\/\/www.hoymercedes.com.ar\/principal\/wp-json\/wp\/v2\/media\/178269"}],"wp:attachment":[{"href":"https:\/\/www.hoymercedes.com.ar\/principal\/wp-json\/wp\/v2\/media?parent=178268"}],"wp:term":[{"taxonomy":"category","embeddable":true,"href":"https:\/\/www.hoymercedes.com.ar\/principal\/wp-json\/wp\/v2\/categories?post=178268"},{"taxonomy":"post_tag","embeddable":true,"href":"https:\/\/www.hoymercedes.com.ar\/principal\/wp-json\/wp\/v2\/tags?post=178268"}],"curies":[{"name":"wp","href":"https:\/\/api.w.org\/{rel}","templated":true}]}}