{"id":178285,"date":"2024-08-27T23:58:07","date_gmt":"2024-08-28T02:58:07","guid":{"rendered":"https:\/\/www.hoymercedes.com.ar\/principal\/?p=178285"},"modified":"2024-08-27T23:58:09","modified_gmt":"2024-08-28T02:58:09","slug":"se-realizo-una-emotiva-jornada-sobre-memoria-verdad-y-justicia-en-aefip","status":"publish","type":"post","link":"https:\/\/www.hoymercedes.com.ar\/principal\/2024\/08\/27\/se-realizo-una-emotiva-jornada-sobre-memoria-verdad-y-justicia-en-aefip\/","title":{"rendered":"Se realiz\u00f3 una emotiva jornada sobre Memoria, Verdad y Justicia en AEFIP"},"content":{"rendered":"\n<figure class=\"wp-block-image size-large\"><img loading=\"lazy\" decoding=\"async\" width=\"1024\" height=\"705\" data-attachment-id=\"178286\" data-permalink=\"https:\/\/www.hoymercedes.com.ar\/principal\/2024\/08\/27\/se-realizo-una-emotiva-jornada-sobre-memoria-verdad-y-justicia-en-aefip\/la-jornada-se-realizo-en-el-sum-de-la-seccional-mercedes\/#main\" data-orig-file=\"https:\/\/www.hoymercedes.com.ar\/principal\/wp-content\/uploads\/2024\/08\/La-jornada-se-realizo-en-el-SUM-de-la-Seccional-Mercedes.jpeg\" data-orig-size=\"1549,1066\" data-comments-opened=\"0\" data-image-meta=\"{&quot;aperture&quot;:&quot;0&quot;,&quot;credit&quot;:&quot;&quot;,&quot;camera&quot;:&quot;&quot;,&quot;caption&quot;:&quot;&quot;,&quot;created_timestamp&quot;:&quot;0&quot;,&quot;copyright&quot;:&quot;&quot;,&quot;focal_length&quot;:&quot;0&quot;,&quot;iso&quot;:&quot;0&quot;,&quot;shutter_speed&quot;:&quot;0&quot;,&quot;title&quot;:&quot;&quot;,&quot;orientation&quot;:&quot;0&quot;}\" data-image-title=\"La jornada se realiz\u00f3 en el SUM de la Seccional Mercedes\" data-image-description=\"&lt;p&gt;Se realiz\u00f3 una emotiva jornada sobre Memoria, Verdad y Justicia en AEFIP&lt;\/p&gt;\n\" data-image-caption=\"&lt;p&gt;Se realiz\u00f3 una emotiva jornada sobre Memoria, Verdad y Justicia en AEFIP&lt;\/p&gt;\n\" data-large-file=\"https:\/\/www.hoymercedes.com.ar\/principal\/wp-content\/uploads\/2024\/08\/La-jornada-se-realizo-en-el-SUM-de-la-Seccional-Mercedes-1024x705.jpeg\" src=\"https:\/\/www.hoymercedes.com.ar\/principal\/wp-content\/uploads\/2024\/08\/La-jornada-se-realizo-en-el-SUM-de-la-Seccional-Mercedes-1024x705.jpeg\" alt=\"\" class=\"wp-image-178286\" srcset=\"https:\/\/www.hoymercedes.com.ar\/principal\/wp-content\/uploads\/2024\/08\/La-jornada-se-realizo-en-el-SUM-de-la-Seccional-Mercedes-1024x705.jpeg 1024w, https:\/\/www.hoymercedes.com.ar\/principal\/wp-content\/uploads\/2024\/08\/La-jornada-se-realizo-en-el-SUM-de-la-Seccional-Mercedes-630x434.jpeg 630w, https:\/\/www.hoymercedes.com.ar\/principal\/wp-content\/uploads\/2024\/08\/La-jornada-se-realizo-en-el-SUM-de-la-Seccional-Mercedes-150x103.jpeg 150w, https:\/\/www.hoymercedes.com.ar\/principal\/wp-content\/uploads\/2024\/08\/La-jornada-se-realizo-en-el-SUM-de-la-Seccional-Mercedes-1536x1057.jpeg 1536w, https:\/\/www.hoymercedes.com.ar\/principal\/wp-content\/uploads\/2024\/08\/La-jornada-se-realizo-en-el-SUM-de-la-Seccional-Mercedes.jpeg 1549w\" sizes=\"auto, (max-width: 1024px) 100vw, 1024px\" \/><\/figure>\n\n\n\n<p>En el SUM de la Seccional de AEFIP Mercedes se brind\u00f3 una charla debate sobre \u201cLas pol\u00edticas de Memoria, Verdad y Justicia frente a los desaf\u00edos presente\u00bb, organizada por el Departamento de DDHH de la Mesa Directiva Nacional de AEFIP y la Seccional Mercedes.<\/p>\n\n\n\n<p>El Secretario General de la AEFIP Seccional Mercedes, abri\u00f3 la charla indicando que cree \u201csumamente importante en estos momentos de tanta complicaci\u00f3n poder llevar este encuentro que tiene que ver con las pol\u00edticas de memoria, verdad y justicia, donde el gobierno nacional pretende borrar de un plumazo todo lo que se pudo conseguir en m\u00e1s de 40 a\u00f1os de democracia\u201d, y agreg\u00f3 que \u201cel hecho de estar ac\u00e1 reunido, recordando y reafirmando nuestra memoria es important\u00edsimo. Claramente lo hacen por una sociedad m\u00e1s justa y m\u00e1s igualitaria\u201d, expres\u00f3 Andr\u00e9s, agradeciendo a los oradores.<\/p>\n\n\n\n<p>Quien se encuentra a cargo del Departamento de DDHH de la Mesa Directiva Nacional de AEFIP, Emiliano Wallace, agradeci\u00f3 la presencia de todos los presentes, la invitaci\u00f3n y acompa\u00f1amiento en esta charla. \u201cCuando pens\u00e1bamos c\u00f3mo seguir con estas pol\u00edticas, entend\u00edamos que los desaf\u00edos del presente tiene que ver en qu\u00e9 lugar el gobierno nacional ha ido poniendo el acento en negar lo sucedido y pretender restablecer miradas sobre el pasado ya discutidas por la sociedad argentina y juzgadas por la justicia\u201d.<\/p>\n\n\n\n<p>La Presidenta de la Comisi\u00f3n de Familiares de V\u00edctimas del Estado de la AFIP, Maite Fleischmann brind\u00f3 detalles de c\u00f3mo se conform\u00f3 la comisi\u00f3n y resalt\u00f3 aspectos de los trabajos que est\u00e1n realizando, como la apertura de los legajos de los desaparecidos de la instituci\u00f3n. \u201cEn la construcci\u00f3n de nuestras historias, que ellos partieron en mil pedazos, es como recuperar un pedacito\u201d, sostuvo.<\/p>\n\n\n\n<p>Gustavo Varela, integrante de la Comisi\u00f3n de DDHH mencionada, brind\u00f3 unas palabras emocionantes sobre su historia. \u201cPara m\u00ed estar hoy ac\u00e1 es muy importante, mi viejo naci\u00f3 ac\u00e1 en Mercedes, \u00e9l y mi mam\u00e1 desaparecieron el 19 de noviembre de 1976. Yo estaba con ellos cuando fue el operativo\u201d.<\/p>\n\n\n\n<p>&nbsp;\u201cHay que hablar con la gente, poner el cuerpo, como nos ense\u00f1aron las madres, como nos ense\u00f1aron las abuelas, los familiares.&nbsp; Las madres nos tienen que servir como faro para nunca claudicar la memoria y sobre todo esto: testimoniar\u201d, manifest\u00f3 Gustavo.<\/p>\n\n\n\n<p>Asimismo, Eduardo Capello, integrante de la Comisi\u00f3n de DDHH dijo que la estructura de la misma le \u201cpermite a sostener la memoria, y una manera de sostenerla es venir a contar nuestras verdades\u201d. Tambi\u00e9n comparti\u00f3 detalles impactantes y directos sobre su vida junto a la de sus familiares. \u201cEn mi caso esta es una fecha especial porque mi t\u00edo, es uno de los fusilados en la masacre de Trelew\u201d, indic\u00f3 y m\u00e1s adelante comparti\u00f3 que adem\u00e1s, tiene a su \u201cpap\u00e1, mam\u00e1 y hermanos desaparecidos\u201d.<\/p>\n\n\n\n<p>\u201cQue ustedes est\u00e9n sentados hoy ac\u00e1, significa que estamos trabajando en sostener una memoria de los que nos pas\u00f3 como sociedad\u201d, enfatiz\u00f3 con una clara emoci\u00f3n Eduardo.<\/p>\n\n\n\n<p>El intendente de Mercedes, Juan Ustarroz, quien estuvo en la charla, fue invitado a compartir unas palabras y expres\u00f3 que \u201chilando lo conversado por los compa\u00f1eros, creo que hay que encontrar las formas de como vincularse y cuando se escuchan testimonios as\u00ed, reales, hay un hilo conductor de la historia\u201d, y agreg\u00f3 tambi\u00e9n que \u201chay una base de la cultura de nuestro pueblo de respeto por los DDHH. La historia no es lineal, en muchas historias de vida, como las que acabamos de escuchar, anidan esas esperanzas, esas fortalezas, esa energ\u00eda que se necesita para afrontar estos tiempos\u201d.<\/p>\n\n\n\n<p>Al finalizar desde la coordinaci\u00f3n de DDHH de la Municipalidad de Mercedes, a cargo de Mara Quiroga, se hizo entrega al sindicato del Mapa de la Memoria.<\/p>\n","protected":false},"excerpt":{"rendered":"<p>En el SUM de la Seccional de AEFIP Mercedes se brind\u00f3 una charla debate sobre \u201cLas pol\u00edticas de Memoria, Verdad &#8230; <a title=\"Se realiz\u00f3 una emotiva jornada sobre Memoria, Verdad y Justicia en AEFIP\" class=\"read-more\" href=\"https:\/\/www.hoymercedes.com.ar\/principal\/2024\/08\/27\/se-realizo-una-emotiva-jornada-sobre-memoria-verdad-y-justicia-en-aefip\/\" aria-label=\"Leer m\u00e1s sobre Se realiz\u00f3 una emotiva jornada sobre Memoria, Verdad y Justicia en AEFIP\">Leer m\u00e1s<\/a><\/p>\n","protected":false},"author":1,"featured_media":178286,"comment_status":"closed","ping_status":"open","sticky":false,"template":"","format":"standard","meta":{"_monsterinsights_skip_tracking":false,"_monsterinsights_sitenote_active":false,"_monsterinsights_sitenote_note":"","_monsterinsights_sitenote_category":0,"jetpack_post_was_ever_published":false,"_jetpack_newsletter_access":"","_jetpack_dont_email_post_to_subs":false,"_jetpack_newsletter_tier_id":0,"_jetpack_memberships_contains_paywalled_content":false,"_jetpack_memberships_contains_paid_content":false,"footnotes":"","jetpack_publicize_message":"","jetpack_publicize_feature_enabled":true,"jetpack_social_post_already_shared":true,"jetpack_social_options":{"image_generator_settings":{"template":"highway","default_image_id":0,"font":"","enabled":false},"version":2},"_wpas_customize_per_network":false},"categories":[8],"tags":[2618,615,1443],"class_list":["post-178285","post","type-post","status-publish","format-standard","has-post-thumbnail","hentry","category-sociedad","tag-aefip-mercedes","tag-derechos-humanos","tag-sindicatos","generate-columns","tablet-grid-50","mobile-grid-100","grid-parent","grid-50"],"jetpack_publicize_connections":[],"jetpack_featured_media_url":"https:\/\/www.hoymercedes.com.ar\/principal\/wp-content\/uploads\/2024\/08\/La-jornada-se-realizo-en-el-SUM-de-la-Seccional-Mercedes.jpeg","wps_subtitle":"Sindicatos","jetpack_sharing_enabled":true,"_links":{"self":[{"href":"https:\/\/www.hoymercedes.com.ar\/principal\/wp-json\/wp\/v2\/posts\/178285","targetHints":{"allow":["GET"]}}],"collection":[{"href":"https:\/\/www.hoymercedes.com.ar\/principal\/wp-json\/wp\/v2\/posts"}],"about":[{"href":"https:\/\/www.hoymercedes.com.ar\/principal\/wp-json\/wp\/v2\/types\/post"}],"author":[{"embeddable":true,"href":"https:\/\/www.hoymercedes.com.ar\/principal\/wp-json\/wp\/v2\/users\/1"}],"replies":[{"embeddable":true,"href":"https:\/\/www.hoymercedes.com.ar\/principal\/wp-json\/wp\/v2\/comments?post=178285"}],"version-history":[{"count":0,"href":"https:\/\/www.hoymercedes.com.ar\/principal\/wp-json\/wp\/v2\/posts\/178285\/revisions"}],"wp:featuredmedia":[{"embeddable":true,"href":"https:\/\/www.hoymercedes.com.ar\/principal\/wp-json\/wp\/v2\/media\/178286"}],"wp:attachment":[{"href":"https:\/\/www.hoymercedes.com.ar\/principal\/wp-json\/wp\/v2\/media?parent=178285"}],"wp:term":[{"taxonomy":"category","embeddable":true,"href":"https:\/\/www.hoymercedes.com.ar\/principal\/wp-json\/wp\/v2\/categories?post=178285"},{"taxonomy":"post_tag","embeddable":true,"href":"https:\/\/www.hoymercedes.com.ar\/principal\/wp-json\/wp\/v2\/tags?post=178285"}],"curies":[{"name":"wp","href":"https:\/\/api.w.org\/{rel}","templated":true}]}}