{"id":178320,"date":"2024-08-29T09:07:39","date_gmt":"2024-08-29T12:07:39","guid":{"rendered":"https:\/\/www.hoymercedes.com.ar\/principal\/?p=178320"},"modified":"2024-08-29T09:11:01","modified_gmt":"2024-08-29T12:11:01","slug":"capacitacion-sobre-estrategias-en-redes-sociales-organizada-por-la-cem","status":"publish","type":"post","link":"https:\/\/www.hoymercedes.com.ar\/principal\/2024\/08\/29\/capacitacion-sobre-estrategias-en-redes-sociales-organizada-por-la-cem\/","title":{"rendered":"Capacitaci\u00f3n sobre Estrategias en Redes Sociales organizada por la CEM"},"content":{"rendered":"\n<p>La C\u00e1mara Econ\u00f3mica Mercedina invita a toda la comunidad, tanto socios como no socios, a participar de una capacitaci\u00f3n sobre estrategias para mejorar las ventas a trav\u00e9s de las redes sociales. El evento se llevar\u00e1 a cabo el pr\u00f3ximo mi\u00e9rcoles 4 de septiembre a las 15:00 horas, de manera virtual v\u00eda Zoom.<\/p>\n\n\n\n<figure class=\"wp-block-image size-full\"><img loading=\"lazy\" decoding=\"async\" width=\"594\" height=\"598\" data-attachment-id=\"178321\" data-permalink=\"https:\/\/www.hoymercedes.com.ar\/principal\/2024\/08\/29\/capacitacion-sobre-estrategias-en-redes-sociales-organizada-por-la-cem\/img-20240829-wa0000\/#main\" data-orig-file=\"https:\/\/www.hoymercedes.com.ar\/principal\/wp-content\/uploads\/2024\/08\/IMG-20240829-WA0000.jpg\" data-orig-size=\"594,598\" data-comments-opened=\"0\" data-image-meta=\"{&quot;aperture&quot;:&quot;0&quot;,&quot;credit&quot;:&quot;&quot;,&quot;camera&quot;:&quot;&quot;,&quot;caption&quot;:&quot;&quot;,&quot;created_timestamp&quot;:&quot;0&quot;,&quot;copyright&quot;:&quot;&quot;,&quot;focal_length&quot;:&quot;0&quot;,&quot;iso&quot;:&quot;0&quot;,&quot;shutter_speed&quot;:&quot;0&quot;,&quot;title&quot;:&quot;&quot;,&quot;orientation&quot;:&quot;0&quot;}\" data-image-title=\"IMG-20240829-WA0000\" data-image-description=\"\" data-image-caption=\"\" data-large-file=\"https:\/\/www.hoymercedes.com.ar\/principal\/wp-content\/uploads\/2024\/08\/IMG-20240829-WA0000.jpg\" src=\"https:\/\/www.hoymercedes.com.ar\/principal\/wp-content\/uploads\/2024\/08\/IMG-20240829-WA0000.jpg\" alt=\"\" class=\"wp-image-178321\" srcset=\"https:\/\/www.hoymercedes.com.ar\/principal\/wp-content\/uploads\/2024\/08\/IMG-20240829-WA0000.jpg 594w, https:\/\/www.hoymercedes.com.ar\/principal\/wp-content\/uploads\/2024\/08\/IMG-20240829-WA0000-150x150.jpg 150w\" sizes=\"auto, (max-width: 594px) 100vw, 594px\" \/><\/figure>\n\n\n\n<p>La capacitaci\u00f3n estar\u00e1 a cargo de Rom\u00e1n Pellegrino, quien abordar\u00e1 temas clave para optimizar el uso de las redes sociales en estrategias de venta. Entre los puntos principales se destacar\u00e1 el \u00abOrden\u00bb como premisa fundamental, utilizando ejemplos din\u00e1micos para ilustrar problemas comunes que surgen al no comprender adecuadamente las plataformas digitales.<\/p>\n\n\n\n<p>El evento se llevar\u00e1 a cabo el pr\u00f3ximo mi\u00e9rcoles 4 de septiembre a las 15:00 horas.<\/p>\n\n\n\n<p>Adem\u00e1s, se ofrecer\u00e1 una explicaci\u00f3n detallada sobre la configuraci\u00f3n b\u00e1sica de una cuenta publicitaria, incluyendo c\u00f3mo establecer la facturaci\u00f3n, m\u00e9todos de pago y la administraci\u00f3n compartida de la cuenta. Esta instancia es ideal para quienes buscan mejorar su presencia digital y optimizar su estrategia en redes sociales.<\/p>\n\n\n\n<p>La actividad requiere inscripci\u00f3n previa, que puede realizarse a trav\u00e9s del enlace disponible en las historias de la C\u00e1mara Econ\u00f3mica Mercedina en redes sociales o ingresando en su sitio web www.cemercedina.org.ar.<\/p>\n\n\n\n<p>La capacitaci\u00f3n es gratuita y abierta a todos los interesados. Cuenta con el apoyo de FEBA y CAME.<\/p>\n\n\n\n<p>Fuente: CEM<\/p>\n","protected":false},"excerpt":{"rendered":"<p>La C\u00e1mara Econ\u00f3mica Mercedina invita a toda la comunidad, tanto socios como no socios, a participar de una capacitaci\u00f3n sobre &#8230; <a title=\"Capacitaci\u00f3n sobre Estrategias en Redes Sociales organizada por la CEM\" class=\"read-more\" href=\"https:\/\/www.hoymercedes.com.ar\/principal\/2024\/08\/29\/capacitacion-sobre-estrategias-en-redes-sociales-organizada-por-la-cem\/\" aria-label=\"Leer m\u00e1s sobre Capacitaci\u00f3n sobre Estrategias en Redes Sociales organizada por la CEM\">Leer m\u00e1s<\/a><\/p>\n","protected":false},"author":1,"featured_media":178321,"comment_status":"closed","ping_status":"open","sticky":false,"template":"","format":"standard","meta":{"_monsterinsights_skip_tracking":false,"_monsterinsights_sitenote_active":false,"_monsterinsights_sitenote_note":"","_monsterinsights_sitenote_category":0,"jetpack_post_was_ever_published":false,"_jetpack_newsletter_access":"","_jetpack_dont_email_post_to_subs":false,"_jetpack_newsletter_tier_id":0,"_jetpack_memberships_contains_paywalled_content":false,"_jetpack_memberships_contains_paid_content":false,"footnotes":"","jetpack_publicize_message":"","jetpack_publicize_feature_enabled":true,"jetpack_social_post_already_shared":true,"jetpack_social_options":{"image_generator_settings":{"template":"highway","default_image_id":0,"font":"","enabled":false},"version":2},"_wpas_customize_per_network":false},"categories":[8],"tags":[],"class_list":["post-178320","post","type-post","status-publish","format-standard","has-post-thumbnail","hentry","category-sociedad","generate-columns","tablet-grid-50","mobile-grid-100","grid-parent","grid-50"],"jetpack_publicize_connections":[],"jetpack_featured_media_url":"https:\/\/www.hoymercedes.com.ar\/principal\/wp-content\/uploads\/2024\/08\/IMG-20240829-WA0000.jpg","wps_subtitle":"","jetpack_sharing_enabled":true,"_links":{"self":[{"href":"https:\/\/www.hoymercedes.com.ar\/principal\/wp-json\/wp\/v2\/posts\/178320","targetHints":{"allow":["GET"]}}],"collection":[{"href":"https:\/\/www.hoymercedes.com.ar\/principal\/wp-json\/wp\/v2\/posts"}],"about":[{"href":"https:\/\/www.hoymercedes.com.ar\/principal\/wp-json\/wp\/v2\/types\/post"}],"author":[{"embeddable":true,"href":"https:\/\/www.hoymercedes.com.ar\/principal\/wp-json\/wp\/v2\/users\/1"}],"replies":[{"embeddable":true,"href":"https:\/\/www.hoymercedes.com.ar\/principal\/wp-json\/wp\/v2\/comments?post=178320"}],"version-history":[{"count":0,"href":"https:\/\/www.hoymercedes.com.ar\/principal\/wp-json\/wp\/v2\/posts\/178320\/revisions"}],"wp:featuredmedia":[{"embeddable":true,"href":"https:\/\/www.hoymercedes.com.ar\/principal\/wp-json\/wp\/v2\/media\/178321"}],"wp:attachment":[{"href":"https:\/\/www.hoymercedes.com.ar\/principal\/wp-json\/wp\/v2\/media?parent=178320"}],"wp:term":[{"taxonomy":"category","embeddable":true,"href":"https:\/\/www.hoymercedes.com.ar\/principal\/wp-json\/wp\/v2\/categories?post=178320"},{"taxonomy":"post_tag","embeddable":true,"href":"https:\/\/www.hoymercedes.com.ar\/principal\/wp-json\/wp\/v2\/tags?post=178320"}],"curies":[{"name":"wp","href":"https:\/\/api.w.org\/{rel}","templated":true}]}}