{"id":178324,"date":"2024-08-29T09:32:56","date_gmt":"2024-08-29T12:32:56","guid":{"rendered":"https:\/\/www.hoymercedes.com.ar\/principal\/?p=178324"},"modified":"2024-08-29T09:32:57","modified_gmt":"2024-08-29T12:32:57","slug":"robos-en-la-red-electrica-perjudica-el-servicio-en-la-zona","status":"publish","type":"post","link":"https:\/\/www.hoymercedes.com.ar\/principal\/2024\/08\/29\/robos-en-la-red-electrica-perjudica-el-servicio-en-la-zona\/","title":{"rendered":"Robos en la red el\u00e9ctrica perjudica el servicio en la zona"},"content":{"rendered":"\n<p>Desde la empresa de distribuidora de energ\u00eda el\u00e9ctrica resaltaron su preocupaci\u00f3n por el vandalismo que sufre la red e infrastructura el\u00e9ctrica en la regi\u00f3n, principalmente en inmediaciones de la Ruta Nacional N\u00b05 que perjudica el suministro el\u00e9ctrico en Mercedes, Bragado y Alberti. <\/p>\n\n\n\n<p>Esta semana, la distribuidora de energ\u00eda EDEN recibi\u00f3 una serie de reclamos por parte de usuarios sin suministro el\u00e9ctrico, la mayor\u00eda radicados en las inmediaciones de la Ruta N\u00b05. Durante el rastreo de la afectaci\u00f3n, personal de la empresa constat\u00f3 la vandalizaci\u00f3n de transformadores en los kil\u00f3metros 210 y 212 de la mencionada ruta en Bragado, y el kil\u00f3metro 188 de la localidad de Alberti.<\/p>\n\n\n\n<p>El mismo hecho delictivo tuvo lugar el pasado s\u00e1bado en la localidad de Mercedes, tambi\u00e9n en adyacencias de la Ruta N\u00b05, donde los delincuentes hurtaron dos transformadores que abastec\u00edan emprendimientos inmobiliarios. Constatados los robos, la empresa realiz\u00f3 las denuncias pertinentes a las dependencias policiales y judiciales de cada jurisdicci\u00f3n.<\/p>\n\n\n\n<p>El perjuicio econ\u00f3mico y log\u00edstico que estos robos generan a la empresa EDEN se traduce en interrupciones de electricidad que afectan directamente a los usuarios finales. Repentinamente, guardias y contratistas destinados a tareas de reparaci\u00f3n o mantenimiento de las l\u00edneas deben rastrear la afectaci\u00f3n y gestionar su reparaci\u00f3n, que muchas veces consiste en el reemplazo de transformadores enteros.<\/p>\n\n\n\n<p>En este contexto, la empresa manifiesta su preocupaci\u00f3n y repudio por el robo reiterado de infraestructura el\u00e9ctrica en la regi\u00f3n, dado que adem\u00e1s de ser penado legalmente, es una actividad que podr\u00eda tener consecuencias mortales para los involucrados y afecta negativamente la calidad y continuidad del servicio de energ\u00eda el\u00e9ctrica. Adem\u00e1s, la distribuidora hace un llamado a la colaboraci\u00f3n de la comunidad para denunciar cualquier actividad sospechosa que pueda estar relacionada con este acto delictivo.<\/p>\n\n\n\n<figure class=\"wp-block-gallery has-nested-images columns-default is-cropped wp-block-gallery-1 is-layout-flex wp-block-gallery-is-layout-flex\">\n<figure class=\"wp-block-image size-large\"><img loading=\"lazy\" decoding=\"async\" width=\"768\" height=\"1024\" data-attachment-id=\"178325\" data-permalink=\"https:\/\/www.hoymercedes.com.ar\/principal\/2024\/08\/29\/robos-en-la-red-electrica-perjudica-el-servicio-en-la-zona\/image-75\/#main\" data-orig-file=\"https:\/\/www.hoymercedes.com.ar\/principal\/wp-content\/uploads\/2024\/08\/image-20.png\" data-orig-size=\"1200,1600\" data-comments-opened=\"0\" data-image-meta=\"{&quot;aperture&quot;:&quot;0&quot;,&quot;credit&quot;:&quot;&quot;,&quot;camera&quot;:&quot;&quot;,&quot;caption&quot;:&quot;&quot;,&quot;created_timestamp&quot;:&quot;0&quot;,&quot;copyright&quot;:&quot;&quot;,&quot;focal_length&quot;:&quot;0&quot;,&quot;iso&quot;:&quot;0&quot;,&quot;shutter_speed&quot;:&quot;0&quot;,&quot;title&quot;:&quot;&quot;,&quot;orientation&quot;:&quot;0&quot;}\" data-image-title=\"image\" data-image-description=\"\" data-image-caption=\"\" data-large-file=\"https:\/\/www.hoymercedes.com.ar\/principal\/wp-content\/uploads\/2024\/08\/image-20-768x1024.png\" data-id=\"178325\" src=\"https:\/\/www.hoymercedes.com.ar\/principal\/wp-content\/uploads\/2024\/08\/image-20-768x1024.png\" alt=\"\" class=\"wp-image-178325\" srcset=\"https:\/\/www.hoymercedes.com.ar\/principal\/wp-content\/uploads\/2024\/08\/image-20-768x1024.png 768w, https:\/\/www.hoymercedes.com.ar\/principal\/wp-content\/uploads\/2024\/08\/image-20-465x620.png 465w, https:\/\/www.hoymercedes.com.ar\/principal\/wp-content\/uploads\/2024\/08\/image-20-113x150.png 113w, https:\/\/www.hoymercedes.com.ar\/principal\/wp-content\/uploads\/2024\/08\/image-20-1152x1536.png 1152w, https:\/\/www.hoymercedes.com.ar\/principal\/wp-content\/uploads\/2024\/08\/image-20.png 1200w\" sizes=\"auto, (max-width: 768px) 100vw, 768px\" \/><\/figure>\n\n\n\n<figure class=\"wp-block-image size-large\"><img loading=\"lazy\" decoding=\"async\" width=\"768\" height=\"1024\" data-attachment-id=\"178326\" data-permalink=\"https:\/\/www.hoymercedes.com.ar\/principal\/2024\/08\/29\/robos-en-la-red-electrica-perjudica-el-servicio-en-la-zona\/image-76\/#main\" data-orig-file=\"https:\/\/www.hoymercedes.com.ar\/principal\/wp-content\/uploads\/2024\/08\/image-21.png\" data-orig-size=\"1200,1600\" data-comments-opened=\"0\" data-image-meta=\"{&quot;aperture&quot;:&quot;0&quot;,&quot;credit&quot;:&quot;&quot;,&quot;camera&quot;:&quot;&quot;,&quot;caption&quot;:&quot;&quot;,&quot;created_timestamp&quot;:&quot;0&quot;,&quot;copyright&quot;:&quot;&quot;,&quot;focal_length&quot;:&quot;0&quot;,&quot;iso&quot;:&quot;0&quot;,&quot;shutter_speed&quot;:&quot;0&quot;,&quot;title&quot;:&quot;&quot;,&quot;orientation&quot;:&quot;0&quot;}\" data-image-title=\"image\" data-image-description=\"\" data-image-caption=\"\" data-large-file=\"https:\/\/www.hoymercedes.com.ar\/principal\/wp-content\/uploads\/2024\/08\/image-21-768x1024.png\" data-id=\"178326\" src=\"https:\/\/www.hoymercedes.com.ar\/principal\/wp-content\/uploads\/2024\/08\/image-21-768x1024.png\" alt=\"\" class=\"wp-image-178326\" srcset=\"https:\/\/www.hoymercedes.com.ar\/principal\/wp-content\/uploads\/2024\/08\/image-21-768x1024.png 768w, https:\/\/www.hoymercedes.com.ar\/principal\/wp-content\/uploads\/2024\/08\/image-21-465x620.png 465w, https:\/\/www.hoymercedes.com.ar\/principal\/wp-content\/uploads\/2024\/08\/image-21-113x150.png 113w, https:\/\/www.hoymercedes.com.ar\/principal\/wp-content\/uploads\/2024\/08\/image-21-1152x1536.png 1152w, https:\/\/www.hoymercedes.com.ar\/principal\/wp-content\/uploads\/2024\/08\/image-21.png 1200w\" sizes=\"auto, (max-width: 768px) 100vw, 768px\" \/><\/figure>\n<\/figure>\n","protected":false},"excerpt":{"rendered":"<p>Desde la empresa de distribuidora de energ\u00eda el\u00e9ctrica resaltaron su preocupaci\u00f3n por el vandalismo que sufre la red e infrastructura &#8230; <a title=\"Robos en la red el\u00e9ctrica perjudica el servicio en la zona\" class=\"read-more\" href=\"https:\/\/www.hoymercedes.com.ar\/principal\/2024\/08\/29\/robos-en-la-red-electrica-perjudica-el-servicio-en-la-zona\/\" aria-label=\"Leer m\u00e1s sobre Robos en la red el\u00e9ctrica perjudica el servicio en la zona\">Leer m\u00e1s<\/a><\/p>\n","protected":false},"author":1,"featured_media":178325,"comment_status":"closed","ping_status":"open","sticky":false,"template":"","format":"standard","meta":{"_monsterinsights_skip_tracking":false,"_monsterinsights_sitenote_active":false,"_monsterinsights_sitenote_note":"","_monsterinsights_sitenote_category":0,"jetpack_post_was_ever_published":false,"_jetpack_newsletter_access":"","_jetpack_dont_email_post_to_subs":false,"_jetpack_newsletter_tier_id":0,"_jetpack_memberships_contains_paywalled_content":false,"_jetpack_memberships_contains_paid_content":false,"footnotes":"","jetpack_publicize_message":"","jetpack_publicize_feature_enabled":true,"jetpack_social_post_already_shared":true,"jetpack_social_options":{"image_generator_settings":{"template":"highway","default_image_id":0,"font":"","enabled":false},"version":2},"_wpas_customize_per_network":false},"categories":[8],"tags":[],"class_list":["post-178324","post","type-post","status-publish","format-standard","has-post-thumbnail","hentry","category-sociedad","generate-columns","tablet-grid-50","mobile-grid-100","grid-parent","grid-50"],"jetpack_publicize_connections":[],"jetpack_featured_media_url":"https:\/\/www.hoymercedes.com.ar\/principal\/wp-content\/uploads\/2024\/08\/image-20.png","wps_subtitle":"","jetpack_sharing_enabled":true,"_links":{"self":[{"href":"https:\/\/www.hoymercedes.com.ar\/principal\/wp-json\/wp\/v2\/posts\/178324","targetHints":{"allow":["GET"]}}],"collection":[{"href":"https:\/\/www.hoymercedes.com.ar\/principal\/wp-json\/wp\/v2\/posts"}],"about":[{"href":"https:\/\/www.hoymercedes.com.ar\/principal\/wp-json\/wp\/v2\/types\/post"}],"author":[{"embeddable":true,"href":"https:\/\/www.hoymercedes.com.ar\/principal\/wp-json\/wp\/v2\/users\/1"}],"replies":[{"embeddable":true,"href":"https:\/\/www.hoymercedes.com.ar\/principal\/wp-json\/wp\/v2\/comments?post=178324"}],"version-history":[{"count":0,"href":"https:\/\/www.hoymercedes.com.ar\/principal\/wp-json\/wp\/v2\/posts\/178324\/revisions"}],"wp:featuredmedia":[{"embeddable":true,"href":"https:\/\/www.hoymercedes.com.ar\/principal\/wp-json\/wp\/v2\/media\/178325"}],"wp:attachment":[{"href":"https:\/\/www.hoymercedes.com.ar\/principal\/wp-json\/wp\/v2\/media?parent=178324"}],"wp:term":[{"taxonomy":"category","embeddable":true,"href":"https:\/\/www.hoymercedes.com.ar\/principal\/wp-json\/wp\/v2\/categories?post=178324"},{"taxonomy":"post_tag","embeddable":true,"href":"https:\/\/www.hoymercedes.com.ar\/principal\/wp-json\/wp\/v2\/tags?post=178324"}],"curies":[{"name":"wp","href":"https:\/\/api.w.org\/{rel}","templated":true}]}}