{"id":178371,"date":"2024-08-30T11:58:38","date_gmt":"2024-08-30T14:58:38","guid":{"rendered":"https:\/\/www.hoymercedes.com.ar\/principal\/?p=178371"},"modified":"2024-08-30T12:04:23","modified_gmt":"2024-08-30T15:04:23","slug":"festejos-por-el-dia-del-abogado-entregan-medallas-por-anos-de-matriculado","status":"publish","type":"post","link":"https:\/\/www.hoymercedes.com.ar\/principal\/2024\/08\/30\/festejos-por-el-dia-del-abogado-entregan-medallas-por-anos-de-matriculado\/","title":{"rendered":"Festejos por el D\u00eda del Abogado: entregan medallas por a\u00f1os de matriculado"},"content":{"rendered":"\n<p>En el marco de la conmemoraci\u00f3n del D\u00eda del Abogado, el Colegio de Abogados del Depto Judicial Mercedes, celebr\u00f3 el acto de entrega de medallas a los profesionales que cumplieron 30 y 50 a\u00f1os de ejercicio. La ceremonia se llev\u00f3 a cabo en el prestigioso Sal\u00f3n de Actos \u00abDr. Arturo Acu\u00f1a Anzorena\u00bb, donde 29 matriculados fueron reconocidos por su destacada trayectoria.<\/p>\n\n\n\n<figure class=\"wp-block-image size-full\"><img loading=\"lazy\" decoding=\"async\" width=\"800\" height=\"534\" data-attachment-id=\"178373\" data-permalink=\"https:\/\/www.hoymercedes.com.ar\/principal\/2024\/08\/30\/festejos-por-el-dia-del-abogado-entregan-medallas-por-anos-de-matriculado\/img-20240830-wa0010_copy_800x534\/#main\" data-orig-file=\"https:\/\/www.hoymercedes.com.ar\/principal\/wp-content\/uploads\/2024\/08\/IMG-20240830-WA0010_copy_800x534.jpg\" data-orig-size=\"800,534\" data-comments-opened=\"0\" data-image-meta=\"{&quot;aperture&quot;:&quot;0&quot;,&quot;credit&quot;:&quot;&quot;,&quot;camera&quot;:&quot;&quot;,&quot;caption&quot;:&quot;&quot;,&quot;created_timestamp&quot;:&quot;0&quot;,&quot;copyright&quot;:&quot;&quot;,&quot;focal_length&quot;:&quot;0&quot;,&quot;iso&quot;:&quot;0&quot;,&quot;shutter_speed&quot;:&quot;0&quot;,&quot;title&quot;:&quot;&quot;,&quot;orientation&quot;:&quot;0&quot;}\" data-image-title=\"IMG-20240830-WA0010_copy_800x534\" data-image-description=\"\" data-image-caption=\"\" data-large-file=\"https:\/\/www.hoymercedes.com.ar\/principal\/wp-content\/uploads\/2024\/08\/IMG-20240830-WA0010_copy_800x534.jpg\" src=\"https:\/\/www.hoymercedes.com.ar\/principal\/wp-content\/uploads\/2024\/08\/IMG-20240830-WA0010_copy_800x534.jpg\" alt=\"\" class=\"wp-image-178373\" srcset=\"https:\/\/www.hoymercedes.com.ar\/principal\/wp-content\/uploads\/2024\/08\/IMG-20240830-WA0010_copy_800x534.jpg 800w, https:\/\/www.hoymercedes.com.ar\/principal\/wp-content\/uploads\/2024\/08\/IMG-20240830-WA0010_copy_800x534-630x421.jpg 630w, https:\/\/www.hoymercedes.com.ar\/principal\/wp-content\/uploads\/2024\/08\/IMG-20240830-WA0010_copy_800x534-150x100.jpg 150w\" sizes=\"auto, (max-width: 800px) 100vw, 800px\" \/><\/figure>\n\n\n\n<p>El evento, que tuvo lugar el pasado jueves, reuni\u00f3 a los homenajeados junto a sus familiares y amigos, quienes llenaron el sal\u00f3n en una atm\u00f3sfera cargada de emotividad y respeto. El acto cont\u00f3 con la presencia de las autoridades del Colegio, encabezadas por el Dr. Hern\u00e1n Alberto Salaverri, quien estuvo acompa\u00f1ado por los Dres. Franco Rossello, Ariel Costantino, Enrique S\u00e1nchez, Alejandra Waisman y Horacio Deluca. En su discurso, el Dr. Salaverri destac\u00f3 la dedicaci\u00f3n y el compromiso de los agasajados, resaltando el impacto positivo que su labor ha tenido en la comunidad jur\u00eddica.<\/p>\n\n\n\n<p>Lista de Abogados Reconocidos:<\/p>\n\n\n\n<p>30 A\u00f1os de Ejercicio Profesional:<\/p>\n\n\n\n<p>\u2022 Dra. Adriana Elizabeth Redondo<br>\u2022 Dr. Claudio Roberto Anido<br>\u2022 Dr. Ignacio Antonio Respuebla<br>\u2022 Dr. Sergio Gustavo Apestegu\u00eda<br>\u2022 Dr. C\u00e9sar Arnaldo Peisino<br>\u2022 Dra. Mar\u00eda Carolina Cinto<br>\u2022 Dra. Patricia Susana Delvechio<br>\u2022 Dr. Horacio Oscar Deluca (N)<br>\u2022 Dra. Valeria Elizalde<br>\u2022 Dr. Dami\u00e1n Fabio Cassino<br>\u2022 Dra. Cecilia Andrea Casella<br>\u2022 Dr. Adri\u00e1n Pedernera<br>\u2022 Dr. Sergio Carlos Etcheverria<br>\u2022 Dra. Marta Silvia Forti<br>\u2022 Dr. Luis Alberto Vega<br>\u2022 Dr. Rodolfo Miguel Etchegoyen<br>\u2022 Dr. Alberto L\u00f3pez<br>\u2022 Dra. Lidia Mar\u00eda D\u2019Amico<br>\u2022 Dr. Juan Bautista Ceferino Quevedo Palladino<br>\u2022 Dr. Fabio Pablo Chiari<br>\u2022 Dr. Germ\u00e1n Eterovich<br>\u2022 Dr. Gerardo Emilio Pisoni<br>\u2022 Dra. Mar\u00eda Victoria L\u00f3pez<br>\u2022 Dr. Ricardo Rafael Mart\u00edn Baccaro<br>50 A\u00f1os de Ejercicio Profesional:<\/p>\n\n\n\n<p>\u2022 Dr. Jorge Miguel Barbella<br>\u2022 Dra. Rosa Alicia Schiaffi<br>\u2022 Dr. Rub\u00e9n Dar\u00edo Rivara<br>\u2022 Dr. Hugo Roberto Wildner<br>\u2022 Dr. Ricardo Juan Deveaux<br>Tras la entrega de medallas, los asistentes disfrutaron de un agradable lunch en el segundo piso de la sede central del Colegio. El encuentro sirvi\u00f3 como una oportunidad para fortalecer los lazos de camarader\u00eda entre los colegas.<\/p>\n\n\n\n<p>M\u00e1s fotos en : <a href=\"https:\/\/www.camercedes.org.ar\/emotivo-acto-de-entrega-de-medallas-a-matriculados-que-cumplieron-30-y-50-anos-de-ejercicio-profesional\/\" target=\"_blank\" rel=\"noopener\">camercedes.org<\/a><br><\/p>\n","protected":false},"excerpt":{"rendered":"<p>En el marco de la conmemoraci\u00f3n del D\u00eda del Abogado, el Colegio de Abogados del Depto Judicial Mercedes, celebr\u00f3 el &#8230; <a title=\"Festejos por el D\u00eda del Abogado: entregan medallas por a\u00f1os de matriculado\" class=\"read-more\" href=\"https:\/\/www.hoymercedes.com.ar\/principal\/2024\/08\/30\/festejos-por-el-dia-del-abogado-entregan-medallas-por-anos-de-matriculado\/\" aria-label=\"Leer m\u00e1s sobre Festejos por el D\u00eda del Abogado: entregan medallas por a\u00f1os de matriculado\">Leer m\u00e1s<\/a><\/p>\n","protected":false},"author":1,"featured_media":178373,"comment_status":"closed","ping_status":"open","sticky":false,"template":"","format":"standard","meta":{"_monsterinsights_skip_tracking":false,"_monsterinsights_sitenote_active":false,"_monsterinsights_sitenote_note":"","_monsterinsights_sitenote_category":0,"jetpack_post_was_ever_published":false,"_jetpack_newsletter_access":"","_jetpack_dont_email_post_to_subs":false,"_jetpack_newsletter_tier_id":0,"_jetpack_memberships_contains_paywalled_content":false,"_jetpack_memberships_contains_paid_content":false,"footnotes":"","jetpack_publicize_message":"","jetpack_publicize_feature_enabled":true,"jetpack_social_post_already_shared":true,"jetpack_social_options":{"image_generator_settings":{"template":"highway","default_image_id":0,"font":"","enabled":false},"version":2},"_wpas_customize_per_network":false},"categories":[8],"tags":[],"class_list":["post-178371","post","type-post","status-publish","format-standard","has-post-thumbnail","hentry","category-sociedad","generate-columns","tablet-grid-50","mobile-grid-100","grid-parent","grid-50"],"jetpack_publicize_connections":[],"jetpack_featured_media_url":"https:\/\/www.hoymercedes.com.ar\/principal\/wp-content\/uploads\/2024\/08\/IMG-20240830-WA0010_copy_800x534.jpg","wps_subtitle":"","jetpack_sharing_enabled":true,"_links":{"self":[{"href":"https:\/\/www.hoymercedes.com.ar\/principal\/wp-json\/wp\/v2\/posts\/178371","targetHints":{"allow":["GET"]}}],"collection":[{"href":"https:\/\/www.hoymercedes.com.ar\/principal\/wp-json\/wp\/v2\/posts"}],"about":[{"href":"https:\/\/www.hoymercedes.com.ar\/principal\/wp-json\/wp\/v2\/types\/post"}],"author":[{"embeddable":true,"href":"https:\/\/www.hoymercedes.com.ar\/principal\/wp-json\/wp\/v2\/users\/1"}],"replies":[{"embeddable":true,"href":"https:\/\/www.hoymercedes.com.ar\/principal\/wp-json\/wp\/v2\/comments?post=178371"}],"version-history":[{"count":0,"href":"https:\/\/www.hoymercedes.com.ar\/principal\/wp-json\/wp\/v2\/posts\/178371\/revisions"}],"wp:featuredmedia":[{"embeddable":true,"href":"https:\/\/www.hoymercedes.com.ar\/principal\/wp-json\/wp\/v2\/media\/178373"}],"wp:attachment":[{"href":"https:\/\/www.hoymercedes.com.ar\/principal\/wp-json\/wp\/v2\/media?parent=178371"}],"wp:term":[{"taxonomy":"category","embeddable":true,"href":"https:\/\/www.hoymercedes.com.ar\/principal\/wp-json\/wp\/v2\/categories?post=178371"},{"taxonomy":"post_tag","embeddable":true,"href":"https:\/\/www.hoymercedes.com.ar\/principal\/wp-json\/wp\/v2\/tags?post=178371"}],"curies":[{"name":"wp","href":"https:\/\/api.w.org\/{rel}","templated":true}]}}