{"id":17841,"date":"2012-11-14T03:06:07","date_gmt":"2012-11-14T03:06:07","guid":{"rendered":"http:\/\/www.hoymercedes.com.ar\/principal\/?p=17841"},"modified":"2012-11-14T03:06:18","modified_gmt":"2012-11-14T03:06:18","slug":"programa-envion-y-trabajos-en-torno-a-la-educacion-que-se-concretan","status":"publish","type":"post","link":"https:\/\/www.hoymercedes.com.ar\/principal\/2012\/11\/14\/programa-envion-y-trabajos-en-torno-a-la-educacion-que-se-concretan\/","title":{"rendered":"Programa Envi\u00f3n y trabajos en torno a la educaci\u00f3n que se concretan"},"content":{"rendered":"<p><a href=\"https:\/\/www.hoymercedes.com.ar\/principal\/wp-content\/uploads\/2012\/11\/Envion-Libros-Mercedes.jpg\"><img loading=\"lazy\" decoding=\"async\" data-attachment-id=\"17844\" data-permalink=\"https:\/\/www.hoymercedes.com.ar\/principal\/2012\/11\/14\/programa-envion-y-trabajos-en-torno-a-la-educacion-que-se-concretan\/envion-libros-mercedes\/#main\" data-orig-file=\"https:\/\/www.hoymercedes.com.ar\/principal\/wp-content\/uploads\/2012\/11\/Envion-Libros-Mercedes.jpg\" data-orig-size=\"618,464\" data-comments-opened=\"1\" data-image-meta=\"{&quot;aperture&quot;:&quot;0&quot;,&quot;credit&quot;:&quot;&quot;,&quot;camera&quot;:&quot;&quot;,&quot;caption&quot;:&quot;&quot;,&quot;created_timestamp&quot;:&quot;0&quot;,&quot;copyright&quot;:&quot;&quot;,&quot;focal_length&quot;:&quot;0&quot;,&quot;iso&quot;:&quot;0&quot;,&quot;shutter_speed&quot;:&quot;0&quot;,&quot;title&quot;:&quot;&quot;}\" data-image-title=\"Envion-Libros-Mercedes\" data-image-description=\"\" data-image-caption=\"\" data-large-file=\"https:\/\/www.hoymercedes.com.ar\/principal\/wp-content\/uploads\/2012\/11\/Envion-Libros-Mercedes.jpg\" class=\"aligncenter size-full wp-image-17844\" title=\"Envion-Libros-Mercedes\" src=\"https:\/\/www.hoymercedes.com.ar\/principal\/wp-content\/uploads\/2012\/11\/Envion-Libros-Mercedes.jpg\" alt=\"\" width=\"618\" height=\"464\" \/><\/a><\/p>\n<p>&nbsp;<\/p>\n<p>El Programa de Responsabilidad Social Compartida \u201cEnvi\u00f3n\u201d que funciona en la Secretar\u00eda de Desarrollo Social de la Municipalidad de Mercedes agradece a la comunidad mercedina por el compromiso y solidaridad para la concreci\u00f3n del Proyecto \u201cUn Libro = Una Tarea\u201d.<\/p>\n<p>Dicho proyecto consisti\u00f3 en la recolecci\u00f3n de libros para el armado de una biblioteca en la sede con el objetivo de que los beneficiarios del programa que asisten a los espacios de apoyo escolar puedan tener acceso a la informaci\u00f3n necesaria.<\/p>\n<p>La recolecci\u00f3n se realiz\u00f3 en diferentes puntos de la ciudad: esquina representada en 29 y 18; plaza San Mart\u00edn y sede del Programa \u00abEnvi\u00f3n\u00bb; puntos en que los vecinos de la ciudad pudieron acercarse durante el mes de septiembre y hacernos llegar sus donaciones.<\/p>\n<p>Con alegr\u00eda de haber cumplido el objetivo les queremos contar que el Proyecto \u201cUn Libro = Una tarea\u201d ha culminado d\u00edas pasados con una hermosa jornada donde todos los chicos del programa pudieron: pintar la biblioteca; armar se\u00f1aladores; clasificar y ordenar libros.<\/p>\n<p><img loading=\"lazy\" decoding=\"async\" data-attachment-id=\"17843\" data-permalink=\"https:\/\/www.hoymercedes.com.ar\/principal\/2012\/11\/14\/programa-envion-y-trabajos-en-torno-a-la-educacion-que-se-concretan\/envion-libros\/#main\" data-orig-file=\"https:\/\/www.hoymercedes.com.ar\/principal\/wp-content\/uploads\/2012\/11\/Envion-Libros.jpg\" data-orig-size=\"618,463\" data-comments-opened=\"1\" data-image-meta=\"{&quot;aperture&quot;:&quot;4.5&quot;,&quot;credit&quot;:&quot;&quot;,&quot;camera&quot;:&quot;KODAK EASYSHARE C610 Digital Camera&quot;,&quot;caption&quot;:&quot;&quot;,&quot;created_timestamp&quot;:&quot;1230759908&quot;,&quot;copyright&quot;:&quot;&quot;,&quot;focal_length&quot;:&quot;6.45&quot;,&quot;iso&quot;:&quot;250&quot;,&quot;shutter_speed&quot;:&quot;0.016666666666667&quot;,&quot;title&quot;:&quot;&quot;}\" data-image-title=\"Envion-Libros\" data-image-description=\"\" data-image-caption=\"\" data-large-file=\"https:\/\/www.hoymercedes.com.ar\/principal\/wp-content\/uploads\/2012\/11\/Envion-Libros.jpg\" class=\"aligncenter size-full wp-image-17843\" title=\"Envion-Libros\" src=\"https:\/\/www.hoymercedes.com.ar\/principal\/wp-content\/uploads\/2012\/11\/Envion-Libros.jpg\" alt=\"\" width=\"618\" height=\"463\" srcset=\"https:\/\/www.hoymercedes.com.ar\/principal\/wp-content\/uploads\/2012\/11\/Envion-Libros.jpg 618w, https:\/\/www.hoymercedes.com.ar\/principal\/wp-content\/uploads\/2012\/11\/Envion-Libros-300x224.jpg 300w\" sizes=\"auto, (max-width: 618px) 100vw, 618px\" \/><\/p>\n<p>&nbsp;<\/p>\n","protected":false},"excerpt":{"rendered":"<p>&nbsp; El Programa de Responsabilidad Social Compartida \u201cEnvi\u00f3n\u201d que funciona en la Secretar\u00eda de Desarrollo Social de la Municipalidad de &#8230; <a title=\"Programa Envi\u00f3n y trabajos en torno a la educaci\u00f3n que se concretan\" class=\"read-more\" href=\"https:\/\/www.hoymercedes.com.ar\/principal\/2012\/11\/14\/programa-envion-y-trabajos-en-torno-a-la-educacion-que-se-concretan\/\" aria-label=\"Leer m\u00e1s sobre Programa Envi\u00f3n y trabajos en torno a la educaci\u00f3n que se concretan\">Leer m\u00e1s<\/a><\/p>\n","protected":false},"author":1,"featured_media":0,"comment_status":"open","ping_status":"open","sticky":false,"template":"","format":"standard","meta":{"_monsterinsights_skip_tracking":false,"_monsterinsights_sitenote_active":false,"_monsterinsights_sitenote_note":"","_monsterinsights_sitenote_category":0,"jetpack_post_was_ever_published":false,"_jetpack_newsletter_access":"","_jetpack_dont_email_post_to_subs":false,"_jetpack_newsletter_tier_id":0,"_jetpack_memberships_contains_paywalled_content":false,"_jetpack_memberships_contains_paid_content":false,"footnotes":"","jetpack_publicize_message":"","jetpack_publicize_feature_enabled":true,"jetpack_social_post_already_shared":false,"jetpack_social_options":{"image_generator_settings":{"template":"highway","default_image_id":0,"font":"","enabled":false},"version":2},"_wpas_customize_per_network":false},"categories":[23],"tags":[406],"class_list":["post-17841","post","type-post","status-publish","format-standard","hentry","category-educacion","tag-programa-envion","generate-columns","tablet-grid-50","mobile-grid-100","grid-parent","grid-50"],"jetpack_publicize_connections":[],"jetpack_featured_media_url":"","wps_subtitle":"","jetpack_sharing_enabled":true,"_links":{"self":[{"href":"https:\/\/www.hoymercedes.com.ar\/principal\/wp-json\/wp\/v2\/posts\/17841","targetHints":{"allow":["GET"]}}],"collection":[{"href":"https:\/\/www.hoymercedes.com.ar\/principal\/wp-json\/wp\/v2\/posts"}],"about":[{"href":"https:\/\/www.hoymercedes.com.ar\/principal\/wp-json\/wp\/v2\/types\/post"}],"author":[{"embeddable":true,"href":"https:\/\/www.hoymercedes.com.ar\/principal\/wp-json\/wp\/v2\/users\/1"}],"replies":[{"embeddable":true,"href":"https:\/\/www.hoymercedes.com.ar\/principal\/wp-json\/wp\/v2\/comments?post=17841"}],"version-history":[{"count":0,"href":"https:\/\/www.hoymercedes.com.ar\/principal\/wp-json\/wp\/v2\/posts\/17841\/revisions"}],"wp:attachment":[{"href":"https:\/\/www.hoymercedes.com.ar\/principal\/wp-json\/wp\/v2\/media?parent=17841"}],"wp:term":[{"taxonomy":"category","embeddable":true,"href":"https:\/\/www.hoymercedes.com.ar\/principal\/wp-json\/wp\/v2\/categories?post=17841"},{"taxonomy":"post_tag","embeddable":true,"href":"https:\/\/www.hoymercedes.com.ar\/principal\/wp-json\/wp\/v2\/tags?post=17841"}],"curies":[{"name":"wp","href":"https:\/\/api.w.org\/{rel}","templated":true}]}}