{"id":178553,"date":"2024-09-06T08:14:23","date_gmt":"2024-09-06T11:14:23","guid":{"rendered":"https:\/\/www.hoymercedes.com.ar\/principal\/?p=178553"},"modified":"2024-09-06T08:14:24","modified_gmt":"2024-09-06T11:14:24","slug":"cine-mercedes-se-suma-al-estreno-de-beeteljuice-beeteljuice","status":"publish","type":"post","link":"https:\/\/www.hoymercedes.com.ar\/principal\/2024\/09\/06\/cine-mercedes-se-suma-al-estreno-de-beeteljuice-beeteljuice\/","title":{"rendered":"Cine Mercedes se suma al estreno de Beeteljuice- Beeteljuice"},"content":{"rendered":"\n<p>Del viernes 6 al martes 10 de septiembre, Beetlejuice llega a la pantalla del Cine Mercedes. M\u00e1s de 35 a\u00f1os pasaron de la primera parte de Beetlejuice. Una de las primeras pel\u00edculas del cineasta Tim Burton que en este 2024 vuelve con parte del elenco original a retratar las locuras de ese fantasma especializado en ahuyentar humanos. <\/p>\n\n\n\n<figure class=\"wp-block-image size-full\"><img loading=\"lazy\" decoding=\"async\" width=\"827\" height=\"829\" data-attachment-id=\"178554\" data-permalink=\"https:\/\/www.hoymercedes.com.ar\/principal\/2024\/09\/06\/cine-mercedes-se-suma-al-estreno-de-beeteljuice-beeteljuice\/gacetilla-cine-mercedes-6-5\/#main\" data-orig-file=\"https:\/\/www.hoymercedes.com.ar\/principal\/wp-content\/uploads\/2024\/09\/Gacetilla-Cine-Mercedes-6.png\" data-orig-size=\"827,829\" data-comments-opened=\"0\" data-image-meta=\"{&quot;aperture&quot;:&quot;0&quot;,&quot;credit&quot;:&quot;&quot;,&quot;camera&quot;:&quot;&quot;,&quot;caption&quot;:&quot;&quot;,&quot;created_timestamp&quot;:&quot;0&quot;,&quot;copyright&quot;:&quot;&quot;,&quot;focal_length&quot;:&quot;0&quot;,&quot;iso&quot;:&quot;0&quot;,&quot;shutter_speed&quot;:&quot;0&quot;,&quot;title&quot;:&quot;&quot;,&quot;orientation&quot;:&quot;0&quot;}\" data-image-title=\"Gacetilla Cine Mercedes (6)\" data-image-description=\"\" data-image-caption=\"\" data-large-file=\"https:\/\/www.hoymercedes.com.ar\/principal\/wp-content\/uploads\/2024\/09\/Gacetilla-Cine-Mercedes-6.png\" src=\"https:\/\/www.hoymercedes.com.ar\/principal\/wp-content\/uploads\/2024\/09\/Gacetilla-Cine-Mercedes-6.png\" alt=\"\" class=\"wp-image-178554\" srcset=\"https:\/\/www.hoymercedes.com.ar\/principal\/wp-content\/uploads\/2024\/09\/Gacetilla-Cine-Mercedes-6.png 827w, https:\/\/www.hoymercedes.com.ar\/principal\/wp-content\/uploads\/2024\/09\/Gacetilla-Cine-Mercedes-6-619x620.png 619w, https:\/\/www.hoymercedes.com.ar\/principal\/wp-content\/uploads\/2024\/09\/Gacetilla-Cine-Mercedes-6-150x150.png 150w\" sizes=\"auto, (max-width: 827px) 100vw, 827px\" \/><\/figure>\n\n\n\n<p>Sinopsis \u00abBeetlejuice-Beetlejuice\u00bb: Tras una inesperada tragedia familiar, tres generaciones de la familia Deetz regresan a Winter River. La vida de Lydia, todav\u00eda atormentada por Beetlejuice, da un vuelco cuando su rebelde hija adolescente, Astrid, descubre la misteriosa maqueta de la ciudad en el desv\u00e1n y el portal al M\u00e1s All\u00e1 se abre accidentalmente. Con los problemas que se avecinan en ambos reinos, es s\u00f3lo cuesti\u00f3n de tiempo que alguien diga el nombre de Beetlejuice tres veces y el travieso demonio regrese para desatar su propio caos. (FILMAFFINITY)<\/p>\n\n\n\n<p>Sinopsis \u00abMascotas en Apuros\u00bb: Gracie y Pedro son mascotas que no tienen nada en com\u00fan. Gracie es una perrita snob de pura raza que se considera &#8216;la mejor del espect\u00e1culo&#8217;, mientras que Pedro es un descarado gato rescatado que prefiere su cena reci\u00e9n sacada de la basura. Despu\u00e9s de que la familia emprende una gran mudanza, la pelea entre Gracie y Pedro destruye la cinta de equipaje del aeropuerto, dejando a las mascotas perdidas y varadas sin sus collares en un mundo aterrador y desconocido. (FILMAFFINITY)<\/p>\n","protected":false},"excerpt":{"rendered":"<p>Del viernes 6 al martes 10 de septiembre, Beetlejuice llega a la pantalla del Cine Mercedes. M\u00e1s de 35 a\u00f1os &#8230; <a title=\"Cine Mercedes se suma al estreno de Beeteljuice- Beeteljuice\" class=\"read-more\" href=\"https:\/\/www.hoymercedes.com.ar\/principal\/2024\/09\/06\/cine-mercedes-se-suma-al-estreno-de-beeteljuice-beeteljuice\/\" aria-label=\"Leer m\u00e1s sobre Cine Mercedes se suma al estreno de Beeteljuice- Beeteljuice\">Leer m\u00e1s<\/a><\/p>\n","protected":false},"author":1,"featured_media":178555,"comment_status":"closed","ping_status":"open","sticky":false,"template":"","format":"standard","meta":{"_monsterinsights_skip_tracking":false,"_monsterinsights_sitenote_active":false,"_monsterinsights_sitenote_note":"","_monsterinsights_sitenote_category":0,"jetpack_post_was_ever_published":false,"_jetpack_newsletter_access":"","_jetpack_dont_email_post_to_subs":false,"_jetpack_newsletter_tier_id":0,"_jetpack_memberships_contains_paywalled_content":false,"_jetpack_memberships_contains_paid_content":false,"footnotes":"","jetpack_publicize_message":"","jetpack_publicize_feature_enabled":true,"jetpack_social_post_already_shared":true,"jetpack_social_options":{"image_generator_settings":{"template":"highway","default_image_id":0,"font":"","enabled":false},"version":2},"_wpas_customize_per_network":false},"categories":[8],"tags":[],"class_list":["post-178553","post","type-post","status-publish","format-standard","has-post-thumbnail","hentry","category-sociedad","generate-columns","tablet-grid-50","mobile-grid-100","grid-parent","grid-50"],"jetpack_publicize_connections":[],"jetpack_featured_media_url":"https:\/\/www.hoymercedes.com.ar\/principal\/wp-content\/uploads\/2024\/09\/WARNER-BEETLEJUICE-BEETLEJUICE.png","wps_subtitle":"","jetpack_sharing_enabled":true,"_links":{"self":[{"href":"https:\/\/www.hoymercedes.com.ar\/principal\/wp-json\/wp\/v2\/posts\/178553","targetHints":{"allow":["GET"]}}],"collection":[{"href":"https:\/\/www.hoymercedes.com.ar\/principal\/wp-json\/wp\/v2\/posts"}],"about":[{"href":"https:\/\/www.hoymercedes.com.ar\/principal\/wp-json\/wp\/v2\/types\/post"}],"author":[{"embeddable":true,"href":"https:\/\/www.hoymercedes.com.ar\/principal\/wp-json\/wp\/v2\/users\/1"}],"replies":[{"embeddable":true,"href":"https:\/\/www.hoymercedes.com.ar\/principal\/wp-json\/wp\/v2\/comments?post=178553"}],"version-history":[{"count":0,"href":"https:\/\/www.hoymercedes.com.ar\/principal\/wp-json\/wp\/v2\/posts\/178553\/revisions"}],"wp:featuredmedia":[{"embeddable":true,"href":"https:\/\/www.hoymercedes.com.ar\/principal\/wp-json\/wp\/v2\/media\/178555"}],"wp:attachment":[{"href":"https:\/\/www.hoymercedes.com.ar\/principal\/wp-json\/wp\/v2\/media?parent=178553"}],"wp:term":[{"taxonomy":"category","embeddable":true,"href":"https:\/\/www.hoymercedes.com.ar\/principal\/wp-json\/wp\/v2\/categories?post=178553"},{"taxonomy":"post_tag","embeddable":true,"href":"https:\/\/www.hoymercedes.com.ar\/principal\/wp-json\/wp\/v2\/tags?post=178553"}],"curies":[{"name":"wp","href":"https:\/\/api.w.org\/{rel}","templated":true}]}}