{"id":178563,"date":"2024-09-06T15:18:50","date_gmt":"2024-09-06T18:18:50","guid":{"rendered":"https:\/\/www.hoymercedes.com.ar\/principal\/?p=178563"},"modified":"2024-09-06T15:18:51","modified_gmt":"2024-09-06T18:18:51","slug":"la-provincia-acompana-la-fiesta-del-salame-quintero-en-mercedes","status":"publish","type":"post","link":"https:\/\/www.hoymercedes.com.ar\/principal\/2024\/09\/06\/la-provincia-acompana-la-fiesta-del-salame-quintero-en-mercedes\/","title":{"rendered":"La Provincia acompa\u00f1a la Fiesta del Salame Quintero en Mercedes"},"content":{"rendered":"\n<figure class=\"wp-block-image size-large\"><img loading=\"lazy\" decoding=\"async\" width=\"1024\" height=\"682\" data-attachment-id=\"178564\" data-permalink=\"https:\/\/www.hoymercedes.com.ar\/principal\/2024\/09\/06\/la-provincia-acompana-la-fiesta-del-salame-quintero-en-mercedes\/dsc02919\/#main\" data-orig-file=\"https:\/\/www.hoymercedes.com.ar\/principal\/wp-content\/uploads\/2024\/09\/DSC02919.jpg\" data-orig-size=\"1319,879\" data-comments-opened=\"0\" data-image-meta=\"{&quot;aperture&quot;:&quot;0&quot;,&quot;credit&quot;:&quot;&quot;,&quot;camera&quot;:&quot;&quot;,&quot;caption&quot;:&quot;&quot;,&quot;created_timestamp&quot;:&quot;0&quot;,&quot;copyright&quot;:&quot;&quot;,&quot;focal_length&quot;:&quot;0&quot;,&quot;iso&quot;:&quot;0&quot;,&quot;shutter_speed&quot;:&quot;0&quot;,&quot;title&quot;:&quot;&quot;,&quot;orientation&quot;:&quot;0&quot;}\" data-image-title=\"La Provincia acompa\u00f1a la Fiesta del Salame Quintero en Mercedes\" data-image-description=\"&lt;p&gt;La Provincia acompa\u00f1a la Fiesta del Salame Quintero en Mercedes&lt;\/p&gt;\n\" data-image-caption=\"&lt;p&gt;La Provincia acompa\u00f1a la Fiesta del Salame Quintero en Mercedes&lt;\/p&gt;\n\" data-large-file=\"https:\/\/www.hoymercedes.com.ar\/principal\/wp-content\/uploads\/2024\/09\/DSC02919-1024x682.jpg\" src=\"https:\/\/www.hoymercedes.com.ar\/principal\/wp-content\/uploads\/2024\/09\/DSC02919-1024x682.jpg\" alt=\"\" class=\"wp-image-178564\" srcset=\"https:\/\/www.hoymercedes.com.ar\/principal\/wp-content\/uploads\/2024\/09\/DSC02919-1024x682.jpg 1024w, https:\/\/www.hoymercedes.com.ar\/principal\/wp-content\/uploads\/2024\/09\/DSC02919-630x420.jpg 630w, https:\/\/www.hoymercedes.com.ar\/principal\/wp-content\/uploads\/2024\/09\/DSC02919-150x100.jpg 150w, https:\/\/www.hoymercedes.com.ar\/principal\/wp-content\/uploads\/2024\/09\/DSC02919-700x465.jpg 700w, https:\/\/www.hoymercedes.com.ar\/principal\/wp-content\/uploads\/2024\/09\/DSC02919.jpg 1319w\" sizes=\"auto, (max-width: 1024px) 100vw, 1024px\" \/><\/figure>\n\n\n\n<p>La jefa de Asesores, Cristina \u00c1lvarez Rodr\u00edguez se reuni\u00f3 con el intendente Ustarroz y recorri\u00f3 el predio donde se realizar\u00e1 el evento.<\/p>\n\n\n\n<p>La jefa de Asesores del Gobernador, Cristina Alvarez Rodr\u00edguez visit\u00f3 Mercedes para compartir una reuni\u00f3n de trabajo con el intendente, Juan Ignacio Ustarroz. Adem\u00e1s, recorri\u00f3 el predio donde se llevar\u00e1 a cabo la tradicional Fiesta del Salame Quintero este viernes 6, s\u00e1bado 7 y domingo 8 de septiembre.<\/p>\n\n\n\n<p>El Registro de la Personas realizar\u00e1 un operativo documentario durante las tres jornadas de la Fiesta para facilitar todas sus gestiones a los vecinos y vecinas. Durante el a\u00f1o pasado el Registro resolvi\u00f3 m\u00e1s de 16 mil tr\u00e1mites en el municipio a trav\u00e9s de sus dos delegaciones locales.<\/p>\n\n\n\n<p>La Fiesta del Salame Quintero es una de las celebraciones populares que se llevan a cabo con el respaldo del Consejo Federal de Inversiones (CFI). Este tipo de eventos promueven el turismo, fortalecen la econom\u00eda local, estimulan a los emprendedores y permiten otra forma de vinculaci\u00f3n de la ciudadan\u00eda con el Estado.<\/p>\n\n\n\n<p>\u201cTal como nos marca el Gobernador Kicillof, es importante que desde el Gobierno de la Provincia en conjunto con el CFI apoyemos las fiestas populares en los municipios\u201d, destac\u00f3 Alvarez Rodr\u00edguez al tiempo que remarc\u00f3: \u201cestos espacios, adem\u00e1s de reunir a la comunidad, fomentan la producci\u00f3n, agregando valor local y el arraigo\u201d, concluy\u00f3.<\/p>\n\n\n\n<p>El intendente Ustarroz afirm\u00f3: \u201cEstamos muy agradecidos a la Ministra por visitarnos y especialmente por brindar a las y los mercedinos, a los cientos de turistas que esperamos este fin de semana en Mercedes; contar con esta importante herramienta del Estado provincial, acerc\u00e1ndoles gestiones y tr\u00e1mites ante el Registro Provincial de las Personas. Es sumamente importante, agilizando el rol del Estado, descentralizando, haciendo eficiente y eficaz el acompa\u00f1amiento a las familias\u201d<\/p>\n\n\n\n<p>Tambi\u00e9n estuvo presente en la recorrida la directora del Registro de las Personas, Silvina Ojeda y el subsecretario de Gesti\u00f3n Operativa, Juan Pablo Cusa, la secretaria de gobierno, Clara Zunino y el director de turismo, Francisco Dinova<\/p>\n\n\n\n<p>Durante la visita, la jefa de Asesores concluy\u00f3: \u201cTenemos un Provincia muy diversa y un Estado bonaerense comprometido con el desarrollo y crecimiento de cada sector.\u201d<\/p>\n","protected":false},"excerpt":{"rendered":"<p>La jefa de Asesores, Cristina \u00c1lvarez Rodr\u00edguez se reuni\u00f3 con el intendente Ustarroz y recorri\u00f3 el predio donde se realizar\u00e1 &#8230; <a title=\"La Provincia acompa\u00f1a la Fiesta del Salame Quintero en Mercedes\" class=\"read-more\" href=\"https:\/\/www.hoymercedes.com.ar\/principal\/2024\/09\/06\/la-provincia-acompana-la-fiesta-del-salame-quintero-en-mercedes\/\" aria-label=\"Leer m\u00e1s sobre La Provincia acompa\u00f1a la Fiesta del Salame Quintero en Mercedes\">Leer m\u00e1s<\/a><\/p>\n","protected":false},"author":1,"featured_media":178564,"comment_status":"closed","ping_status":"open","sticky":false,"template":"","format":"standard","meta":{"_monsterinsights_skip_tracking":false,"_monsterinsights_sitenote_active":false,"_monsterinsights_sitenote_note":"","_monsterinsights_sitenote_category":0,"jetpack_post_was_ever_published":false,"_jetpack_newsletter_access":"","_jetpack_dont_email_post_to_subs":false,"_jetpack_newsletter_tier_id":0,"_jetpack_memberships_contains_paywalled_content":false,"_jetpack_memberships_contains_paid_content":false,"footnotes":"","jetpack_publicize_message":"","jetpack_publicize_feature_enabled":true,"jetpack_social_post_already_shared":true,"jetpack_social_options":{"image_generator_settings":{"template":"highway","default_image_id":0,"font":"","enabled":false},"version":2},"_wpas_customize_per_network":false},"categories":[8881],"tags":[18557,1110,424],"class_list":["post-178563","post","type-post","status-publish","format-standard","has-post-thumbnail","hentry","category-provincia","tag-alvarez-rodriguez","tag-fiesta-del-salame","tag-ustarroz","generate-columns","tablet-grid-50","mobile-grid-100","grid-parent","grid-50"],"jetpack_publicize_connections":[],"jetpack_featured_media_url":"https:\/\/www.hoymercedes.com.ar\/principal\/wp-content\/uploads\/2024\/09\/DSC02919.jpg","wps_subtitle":"","jetpack_sharing_enabled":true,"_links":{"self":[{"href":"https:\/\/www.hoymercedes.com.ar\/principal\/wp-json\/wp\/v2\/posts\/178563","targetHints":{"allow":["GET"]}}],"collection":[{"href":"https:\/\/www.hoymercedes.com.ar\/principal\/wp-json\/wp\/v2\/posts"}],"about":[{"href":"https:\/\/www.hoymercedes.com.ar\/principal\/wp-json\/wp\/v2\/types\/post"}],"author":[{"embeddable":true,"href":"https:\/\/www.hoymercedes.com.ar\/principal\/wp-json\/wp\/v2\/users\/1"}],"replies":[{"embeddable":true,"href":"https:\/\/www.hoymercedes.com.ar\/principal\/wp-json\/wp\/v2\/comments?post=178563"}],"version-history":[{"count":0,"href":"https:\/\/www.hoymercedes.com.ar\/principal\/wp-json\/wp\/v2\/posts\/178563\/revisions"}],"wp:featuredmedia":[{"embeddable":true,"href":"https:\/\/www.hoymercedes.com.ar\/principal\/wp-json\/wp\/v2\/media\/178564"}],"wp:attachment":[{"href":"https:\/\/www.hoymercedes.com.ar\/principal\/wp-json\/wp\/v2\/media?parent=178563"}],"wp:term":[{"taxonomy":"category","embeddable":true,"href":"https:\/\/www.hoymercedes.com.ar\/principal\/wp-json\/wp\/v2\/categories?post=178563"},{"taxonomy":"post_tag","embeddable":true,"href":"https:\/\/www.hoymercedes.com.ar\/principal\/wp-json\/wp\/v2\/tags?post=178563"}],"curies":[{"name":"wp","href":"https:\/\/api.w.org\/{rel}","templated":true}]}}