{"id":178566,"date":"2024-09-07T00:10:00","date_gmt":"2024-09-07T03:10:00","guid":{"rendered":"https:\/\/www.hoymercedes.com.ar\/principal\/?p=178566"},"modified":"2024-09-07T00:01:20","modified_gmt":"2024-09-07T03:01:20","slug":"reconocimientos-y-homenajes-en-la-apertura-de-la-fiesta-del-salame","status":"publish","type":"post","link":"https:\/\/www.hoymercedes.com.ar\/principal\/2024\/09\/07\/reconocimientos-y-homenajes-en-la-apertura-de-la-fiesta-del-salame\/","title":{"rendered":"Reconocimientos y homenajes en la apertura de la Fiesta del Salame"},"content":{"rendered":"\n<figure class=\"wp-block-image size-large\"><img loading=\"lazy\" decoding=\"async\" width=\"1024\" height=\"682\" data-attachment-id=\"178567\" data-permalink=\"https:\/\/www.hoymercedes.com.ar\/principal\/2024\/09\/07\/reconocimientos-y-homenajes-en-la-apertura-de-la-fiesta-del-salame\/reconocimiento-protocolo-2\/#main\" data-orig-file=\"https:\/\/www.hoymercedes.com.ar\/principal\/wp-content\/uploads\/2024\/09\/Reconocimiento-Protocolo.2.jpg\" data-orig-size=\"1319,879\" data-comments-opened=\"0\" data-image-meta=\"{&quot;aperture&quot;:&quot;0&quot;,&quot;credit&quot;:&quot;&quot;,&quot;camera&quot;:&quot;&quot;,&quot;caption&quot;:&quot;&quot;,&quot;created_timestamp&quot;:&quot;0&quot;,&quot;copyright&quot;:&quot;&quot;,&quot;focal_length&quot;:&quot;0&quot;,&quot;iso&quot;:&quot;0&quot;,&quot;shutter_speed&quot;:&quot;0&quot;,&quot;title&quot;:&quot;&quot;,&quot;orientation&quot;:&quot;0&quot;}\" data-image-title=\"Reconocimiento-Protocolo.2\" data-image-description=\"&lt;p&gt;Reconocimientos y homenajes en la apertura de la Fiesta del Salame&lt;\/p&gt;\n\" data-image-caption=\"&lt;p&gt;Reconocimientos y homenajes en la apertura de la Fiesta del Salame&lt;\/p&gt;\n\" data-large-file=\"https:\/\/www.hoymercedes.com.ar\/principal\/wp-content\/uploads\/2024\/09\/Reconocimiento-Protocolo.2-1024x682.jpg\" src=\"https:\/\/www.hoymercedes.com.ar\/principal\/wp-content\/uploads\/2024\/09\/Reconocimiento-Protocolo.2-1024x682.jpg\" alt=\"Reconocimientos y homenajes en la apertura de la Fiesta del Salame\" class=\"wp-image-178567\" srcset=\"https:\/\/www.hoymercedes.com.ar\/principal\/wp-content\/uploads\/2024\/09\/Reconocimiento-Protocolo.2-1024x682.jpg 1024w, https:\/\/www.hoymercedes.com.ar\/principal\/wp-content\/uploads\/2024\/09\/Reconocimiento-Protocolo.2-630x420.jpg 630w, https:\/\/www.hoymercedes.com.ar\/principal\/wp-content\/uploads\/2024\/09\/Reconocimiento-Protocolo.2-150x100.jpg 150w, https:\/\/www.hoymercedes.com.ar\/principal\/wp-content\/uploads\/2024\/09\/Reconocimiento-Protocolo.2-700x465.jpg 700w, https:\/\/www.hoymercedes.com.ar\/principal\/wp-content\/uploads\/2024\/09\/Reconocimiento-Protocolo.2.jpg 1319w\" sizes=\"auto, (max-width: 1024px) 100vw, 1024px\" \/><\/figure>\n\n\n\n<p>El intendente Ustarroz encabez\u00f3, junto a las familias de productores, el inicio de la Fiesta Nacional el Salame Quintero. La edici\u00f3n fue denominada \u201cCarlos Berro\u201d en homenaje al hist\u00f3rico productor. Hubo una amplia presencia de instituciones.<\/p>\n\n\n\n<p><strong>Acto<\/strong><\/p>\n\n\n\n<p>En el acto llevado adelante en la carpa de productores estuvieron presentes las familias que este a\u00f1o participan de la fiesta. Hubo reconocimiento a las familias Dipieri, Berro, Sirello, Velasco, Canessa, Manzano y Berro, hist\u00f3ricos productores.<\/p>\n\n\n\n<p>Tambi\u00e9n se reconoci\u00f3 a quienes en 2002 propusieron pasar del CEF N\u00b040 al Mart\u00edn Rodr\u00edguez, entre otros, siendo las familias familia de Pepe Milessi, de hoster\u00eda El Tiz\u00f3n, Alberto Castelli del restaurante y hoster\u00eda Cua Cua, a la familia de Daniel Martinelli de Hostal del SOL y la familia Contin del Gran Hotel Mercedes. &nbsp;<\/p>\n\n\n\n<figure class=\"wp-block-image size-large\"><img loading=\"lazy\" decoding=\"async\" width=\"1024\" height=\"682\" data-attachment-id=\"178568\" data-permalink=\"https:\/\/www.hoymercedes.com.ar\/principal\/2024\/09\/07\/reconocimientos-y-homenajes-en-la-apertura-de-la-fiesta-del-salame\/apertira\/#main\" data-orig-file=\"https:\/\/www.hoymercedes.com.ar\/principal\/wp-content\/uploads\/2024\/09\/Apertira.jpg\" data-orig-size=\"1319,879\" data-comments-opened=\"0\" data-image-meta=\"{&quot;aperture&quot;:&quot;0&quot;,&quot;credit&quot;:&quot;&quot;,&quot;camera&quot;:&quot;&quot;,&quot;caption&quot;:&quot;&quot;,&quot;created_timestamp&quot;:&quot;0&quot;,&quot;copyright&quot;:&quot;&quot;,&quot;focal_length&quot;:&quot;0&quot;,&quot;iso&quot;:&quot;0&quot;,&quot;shutter_speed&quot;:&quot;0&quot;,&quot;title&quot;:&quot;&quot;,&quot;orientation&quot;:&quot;0&quot;}\" data-image-title=\"Reconocimientos y homenajes en la apertura de la Fiesta del Salame\" data-image-description=\"&lt;p&gt;Reconocimientos y homenajes en la apertura de la Fiesta del Salame&lt;\/p&gt;\n\" data-image-caption=\"&lt;p&gt;Reconocimientos y homenajes en la apertura de la Fiesta del Salame&lt;\/p&gt;\n\" data-large-file=\"https:\/\/www.hoymercedes.com.ar\/principal\/wp-content\/uploads\/2024\/09\/Apertira-1024x682.jpg\" src=\"https:\/\/www.hoymercedes.com.ar\/principal\/wp-content\/uploads\/2024\/09\/Apertira-1024x682.jpg\" alt=\"\" class=\"wp-image-178568\" srcset=\"https:\/\/www.hoymercedes.com.ar\/principal\/wp-content\/uploads\/2024\/09\/Apertira-1024x682.jpg 1024w, https:\/\/www.hoymercedes.com.ar\/principal\/wp-content\/uploads\/2024\/09\/Apertira-630x420.jpg 630w, https:\/\/www.hoymercedes.com.ar\/principal\/wp-content\/uploads\/2024\/09\/Apertira-150x100.jpg 150w, https:\/\/www.hoymercedes.com.ar\/principal\/wp-content\/uploads\/2024\/09\/Apertira-700x465.jpg 700w, https:\/\/www.hoymercedes.com.ar\/principal\/wp-content\/uploads\/2024\/09\/Apertira.jpg 1319w\" sizes=\"auto, (max-width: 1024px) 100vw, 1024px\" \/><\/figure>\n\n\n\n<p><strong>Palabras<\/strong><\/p>\n\n\n\n<p>\u201cAgradecemos a los que ya han pasado por este lugar y ahora nos toca a nosotros, trabajando y muy contentos y espero todos disfrutemos de esta hermosa fiesta\u201d dijo Marzano.<\/p>\n\n\n\n<p>Alberto Castelli dijo \u201cgracias intendente, queremos tambi\u00e9n reconocer y compartir este presente con los empresarios que fuimos capaces de trabajar juntos para que sea Fiesta Nacional, para ello quiero nombrar a Pedro Cont\u00edn que no est\u00e1 con nosotros, pero tambi\u00e9n Milessi y Martinelli, gracias por todo\u201d afirm\u00f3 el empresario.<\/p>\n\n\n\n<p>Despu\u00e9s afirm\u00f3 que \u201cestamos muy agradecidos. Realmente nos sentimos satisfechos, lo que ha crecido es enorme\u201d coment\u00f3 y dijo \u201chay mucha inversi\u00f3n con empresarios, municipalidad\u201d coment\u00f3 Pepe Milessi.<\/p>\n\n\n\n<p>El intendente Ustarroz dijo que \u201cestos reconocimientos son muy justos\u201d porque \u201chan tenido iniciativas para mejorar esta fiesta, que es la m\u00e1s importante, dando posibilidad al encuentro, al trabajo, exhibir la producci\u00f3n de nuestros productores, que son los mejores que tiene detr\u00e1s muchas familias trabajando con tradici\u00f3n, esmero, calidad y amor\u201d mencion\u00f3 entre otros conceptos.<\/p>\n\n\n\n<p>Y dijo \u201cvemos en cada fiesta mucha unidad, con artesanos, artistas, productores, solidaridad con los clubes y bomberos, con cada uno de los que participa\u201d, coment\u00f3.<\/p>\n\n\n\n<p>Dinova, Director de turismo rescat\u00f3 que \u201ces muy grande el trabajo de las familias productoras, donde el \u00faltimo tiempo ha sido complejo, pero entre ellas y ellos y nuestro municipio hemos logrado esta hermosa fiesta que arranca de la mejor manera\u201d, afirm\u00f3.<\/p>\n\n\n\n<figure class=\"wp-block-image size-large\"><img loading=\"lazy\" decoding=\"async\" width=\"1024\" height=\"682\" data-attachment-id=\"178569\" data-permalink=\"https:\/\/www.hoymercedes.com.ar\/principal\/2024\/09\/07\/reconocimientos-y-homenajes-en-la-apertura-de-la-fiesta-del-salame\/fiesta-del_salame\/#main\" data-orig-file=\"https:\/\/www.hoymercedes.com.ar\/principal\/wp-content\/uploads\/2024\/09\/Fiesta-Del_Salame.jpg\" data-orig-size=\"1319,879\" data-comments-opened=\"0\" data-image-meta=\"{&quot;aperture&quot;:&quot;0&quot;,&quot;credit&quot;:&quot;&quot;,&quot;camera&quot;:&quot;&quot;,&quot;caption&quot;:&quot;&quot;,&quot;created_timestamp&quot;:&quot;0&quot;,&quot;copyright&quot;:&quot;&quot;,&quot;focal_length&quot;:&quot;0&quot;,&quot;iso&quot;:&quot;0&quot;,&quot;shutter_speed&quot;:&quot;0&quot;,&quot;title&quot;:&quot;&quot;,&quot;orientation&quot;:&quot;0&quot;}\" data-image-title=\"Fiesta-Del_Salame\" data-image-description=\"&lt;p&gt;Reconocimientos y homenajes en la apertura de la Fiesta del Salame&lt;\/p&gt;\n\" data-image-caption=\"&lt;p&gt;Reconocimientos y homenajes en la apertura de la Fiesta del Salame&lt;\/p&gt;\n\" data-large-file=\"https:\/\/www.hoymercedes.com.ar\/principal\/wp-content\/uploads\/2024\/09\/Fiesta-Del_Salame-1024x682.jpg\" src=\"https:\/\/www.hoymercedes.com.ar\/principal\/wp-content\/uploads\/2024\/09\/Fiesta-Del_Salame-1024x682.jpg\" alt=\"\" class=\"wp-image-178569\" srcset=\"https:\/\/www.hoymercedes.com.ar\/principal\/wp-content\/uploads\/2024\/09\/Fiesta-Del_Salame-1024x682.jpg 1024w, https:\/\/www.hoymercedes.com.ar\/principal\/wp-content\/uploads\/2024\/09\/Fiesta-Del_Salame-630x420.jpg 630w, https:\/\/www.hoymercedes.com.ar\/principal\/wp-content\/uploads\/2024\/09\/Fiesta-Del_Salame-150x100.jpg 150w, https:\/\/www.hoymercedes.com.ar\/principal\/wp-content\/uploads\/2024\/09\/Fiesta-Del_Salame-700x465.jpg 700w, https:\/\/www.hoymercedes.com.ar\/principal\/wp-content\/uploads\/2024\/09\/Fiesta-Del_Salame.jpg 1319w\" sizes=\"auto, (max-width: 1024px) 100vw, 1024px\" \/><\/figure>\n\n\n\n<p><strong>Presencias<\/strong><\/p>\n\n\n\n<p>Acompa\u00f1aron el inicio de la fiesta el senador \u201cWado\u201d de Pedro, el diputado Carlos Selva, la diputada Vanesa Siley, la diputada Sabrina Selva, el Subsecretario de asuntos municipales Santiago R\u00e9vora, la Secretaria de gobierno Clara Zunino, el Secretario de econom\u00eda David Valerga, la presidenta del Concejo Deliberante Mariana San Mart\u00edn, representantes de todas las fiestas populares, iglesias evang\u00e9licas, iglesia cat\u00f3licas y una importante cantidad de vecinos y vecinas que apoyaron el inicio de la 49\u00b0 Fiesta Nacional del Salame Quintero.<\/p>\n","protected":false},"excerpt":{"rendered":"<p>El intendente Ustarroz encabez\u00f3, junto a las familias de productores, el inicio de la Fiesta Nacional el Salame Quintero. La &#8230; <a title=\"Reconocimientos y homenajes en la apertura de la Fiesta del Salame\" class=\"read-more\" href=\"https:\/\/www.hoymercedes.com.ar\/principal\/2024\/09\/07\/reconocimientos-y-homenajes-en-la-apertura-de-la-fiesta-del-salame\/\" aria-label=\"Leer m\u00e1s sobre Reconocimientos y homenajes en la apertura de la Fiesta del Salame\">Leer m\u00e1s<\/a><\/p>\n","protected":false},"author":1,"featured_media":178568,"comment_status":"closed","ping_status":"open","sticky":false,"template":"","format":"standard","meta":{"_monsterinsights_skip_tracking":false,"_monsterinsights_sitenote_active":false,"_monsterinsights_sitenote_note":"","_monsterinsights_sitenote_category":0,"jetpack_post_was_ever_published":false,"_jetpack_newsletter_access":"","_jetpack_dont_email_post_to_subs":false,"_jetpack_newsletter_tier_id":0,"_jetpack_memberships_contains_paywalled_content":false,"_jetpack_memberships_contains_paid_content":false,"footnotes":"","jetpack_publicize_message":"","jetpack_publicize_feature_enabled":true,"jetpack_social_post_already_shared":true,"jetpack_social_options":{"image_generator_settings":{"template":"highway","default_image_id":0,"font":"","enabled":false},"version":2},"_wpas_customize_per_network":false},"categories":[30],"tags":[1209,19754],"class_list":["post-178566","post","type-post","status-publish","format-standard","has-post-thumbnail","hentry","category-municipio","tag-fiesta-nacional-del-salame-quintero","tag-salame-mercedino","generate-columns","tablet-grid-50","mobile-grid-100","grid-parent","grid-50"],"jetpack_publicize_connections":[],"jetpack_featured_media_url":"https:\/\/www.hoymercedes.com.ar\/principal\/wp-content\/uploads\/2024\/09\/Apertira.jpg","wps_subtitle":"Fiestas Populares","jetpack_sharing_enabled":true,"_links":{"self":[{"href":"https:\/\/www.hoymercedes.com.ar\/principal\/wp-json\/wp\/v2\/posts\/178566","targetHints":{"allow":["GET"]}}],"collection":[{"href":"https:\/\/www.hoymercedes.com.ar\/principal\/wp-json\/wp\/v2\/posts"}],"about":[{"href":"https:\/\/www.hoymercedes.com.ar\/principal\/wp-json\/wp\/v2\/types\/post"}],"author":[{"embeddable":true,"href":"https:\/\/www.hoymercedes.com.ar\/principal\/wp-json\/wp\/v2\/users\/1"}],"replies":[{"embeddable":true,"href":"https:\/\/www.hoymercedes.com.ar\/principal\/wp-json\/wp\/v2\/comments?post=178566"}],"version-history":[{"count":0,"href":"https:\/\/www.hoymercedes.com.ar\/principal\/wp-json\/wp\/v2\/posts\/178566\/revisions"}],"wp:featuredmedia":[{"embeddable":true,"href":"https:\/\/www.hoymercedes.com.ar\/principal\/wp-json\/wp\/v2\/media\/178568"}],"wp:attachment":[{"href":"https:\/\/www.hoymercedes.com.ar\/principal\/wp-json\/wp\/v2\/media?parent=178566"}],"wp:term":[{"taxonomy":"category","embeddable":true,"href":"https:\/\/www.hoymercedes.com.ar\/principal\/wp-json\/wp\/v2\/categories?post=178566"},{"taxonomy":"post_tag","embeddable":true,"href":"https:\/\/www.hoymercedes.com.ar\/principal\/wp-json\/wp\/v2\/tags?post=178566"}],"curies":[{"name":"wp","href":"https:\/\/api.w.org\/{rel}","templated":true}]}}