{"id":178583,"date":"2024-09-07T12:00:38","date_gmt":"2024-09-07T15:00:38","guid":{"rendered":"https:\/\/www.hoymercedes.com.ar\/principal\/?p=178583"},"modified":"2024-09-07T12:11:29","modified_gmt":"2024-09-07T15:11:29","slug":"entrevista-abierta-a-juan-guinot-en-la-asociacion-medica","status":"publish","type":"post","link":"https:\/\/www.hoymercedes.com.ar\/principal\/2024\/09\/07\/entrevista-abierta-a-juan-guinot-en-la-asociacion-medica\/","title":{"rendered":"Entrevista abierta a Juan Guinot en la Asociaci\u00f3n M\u00e9dica"},"content":{"rendered":"\n<p>\u00abLa voz de la infancia en la literatura (no solo infantil)\u00bb es la propuesta de un encuentro para repasar libros y \u00abcompartir la cocina de la escritura\u00bb. Es la propuesta que hace la\u00a0Asociaci\u00f3n M\u00e9dica de Mercedes. Una charla exclusiva, se explorar\u00e1n los disparadores narrativos y la construcci\u00f3n de la \u00abvoz de ni\u00f1o\u00bb en la literatura. El mi\u00e9rcoles 25 de septiembre, a la hora 20, se realizar\u00e1 una entrevista abierta con el escritor local\u00a0Juan Guinot, conducida por la periodista y licenciada en letras\u00a0Susana Spano.<\/p>\n\n\n<div class=\"wp-block-image\">\n<figure class=\"aligncenter size-full\"><img loading=\"lazy\" decoding=\"async\" width=\"800\" height=\"456\" data-attachment-id=\"178591\" data-permalink=\"https:\/\/www.hoymercedes.com.ar\/principal\/2024\/09\/07\/entrevista-abierta-a-juan-guinot-en-la-asociacion-medica\/juan-guinot-y-susana-spano\/#main\" data-orig-file=\"https:\/\/www.hoymercedes.com.ar\/principal\/wp-content\/uploads\/2024\/09\/Juan-Guinot-y-Susana-Spano.jpg\" data-orig-size=\"800,456\" data-comments-opened=\"0\" data-image-meta=\"{&quot;aperture&quot;:&quot;0&quot;,&quot;credit&quot;:&quot;&quot;,&quot;camera&quot;:&quot;&quot;,&quot;caption&quot;:&quot;&quot;,&quot;created_timestamp&quot;:&quot;0&quot;,&quot;copyright&quot;:&quot;&quot;,&quot;focal_length&quot;:&quot;0&quot;,&quot;iso&quot;:&quot;0&quot;,&quot;shutter_speed&quot;:&quot;0&quot;,&quot;title&quot;:&quot;&quot;,&quot;orientation&quot;:&quot;0&quot;}\" data-image-title=\"Juan Guinot y Susana Spano\" data-image-description=\"\" data-image-caption=\"\" data-large-file=\"https:\/\/www.hoymercedes.com.ar\/principal\/wp-content\/uploads\/2024\/09\/Juan-Guinot-y-Susana-Spano.jpg\" src=\"https:\/\/www.hoymercedes.com.ar\/principal\/wp-content\/uploads\/2024\/09\/Juan-Guinot-y-Susana-Spano.jpg\" alt=\"\" class=\"wp-image-178591\" srcset=\"https:\/\/www.hoymercedes.com.ar\/principal\/wp-content\/uploads\/2024\/09\/Juan-Guinot-y-Susana-Spano.jpg 800w, https:\/\/www.hoymercedes.com.ar\/principal\/wp-content\/uploads\/2024\/09\/Juan-Guinot-y-Susana-Spano-630x359.jpg 630w, https:\/\/www.hoymercedes.com.ar\/principal\/wp-content\/uploads\/2024\/09\/Juan-Guinot-y-Susana-Spano-150x86.jpg 150w\" sizes=\"auto, (max-width: 800px) 100vw, 800px\" \/><\/figure>\n<\/div>\n\n\n<p>En este encuentro de 60 minutos, Guinot compartir\u00e1 sus reflexiones sobre c\u00f3mo surge la narrativa, c\u00f3mo se convoca la mirada del narrador infantil y su enfoque en la estructura de novelas y obras de teatro. Los asistentes podr\u00e1n sumergirse en la \u00abcocina\u00bb del escritor, comprendiendo c\u00f3mo se viven esos momentos de escritura.<\/p>\n\n\n\n<p>Se destacar\u00e1 el an\u00e1lisis de la obra \u00abKlaus y Lucas &#8211; El gran cuaderno\u00bb, de Agota Kristof, un libro fundamental con un registro infantil superlativo, que servir\u00e1 de ejemplo a trav\u00e9s de la lectura de breves fragmentos.<\/p>\n\n\n\n<p>Adem\u00e1s, Guinot narrar\u00e1 algunos de sus cuentos y novelas:<\/p>\n\n\n\n<ul class=\"wp-block-list\">\n<li><strong>Beso de fuego<\/strong>\u00a0(2 minutos)<\/li>\n\n\n\n<li><strong>Borges era ET<\/strong>\u00a0(5 minutos) \u2013 basado en una experiencia local del autor cuando visit\u00f3 a Borges en Mercedes<\/li>\n\n\n\n<li>El inicio de la novela\u00a0<strong>Mi primer OVNI<\/strong>\u00a0(5 minutos)<\/li>\n<\/ul>\n\n\n\n<p><strong>Sobre los participantes:<\/strong><\/p>\n\n\n\n<p><strong>Juan Guinot<\/strong>, nacido en Mercedes en 1969, es un prol\u00edfico escritor que ha ganado m\u00faltiples premios, incluido el Premio Sigmar de Literatura Infantil y Juvenil. Sus obras han sido publicadas en Argentina, Espa\u00f1a, Bolivia, y otros pa\u00edses, y han tenido un impacto notable tanto en la literatura infantil como en la narrativa para adultos. Con formaci\u00f3n en dramaturgia y narrativa, Guinot es un narrador incansable, con obras publicadas y estrenadas en teatro.<\/p>\n\n\n\n<p><strong>Susana Spano<\/strong>, licenciada en letras y periodista, es una destacada profesional de la comunicaci\u00f3n en Mercedes. Ha dedicado su carrera a la investigaci\u00f3n en alfabetizaci\u00f3n y la cr\u00edtica de arte. Adem\u00e1s, es la fundadora de Radio F\u00e9nix Mercedes, donde conduce el exitoso programa \u00abMa\u00f1an\u00edsima\u00bb, por el cual ha recibido varios premios a su labor period\u00edstica.<\/p>\n\n\n\n<p><strong>Detalles del evento:<\/strong><br>&#8211; <strong>Fecha<\/strong>: Mi\u00e9rcoles 25 de septiembre<br>&#8211; <strong>Hora<\/strong>: 20:00<br>&#8211; <strong>Duraci\u00f3n<\/strong>: 60 minutos<br>&#8211; <strong>Lugar<\/strong>: Asociaci\u00f3n M\u00e9dica de Mercedes. Calle 27 N\u00b0 733<br>&#8211; Un encuentro abierto a la comunidad, con entrada libre y gratuita.<\/p>\n\n\n\n<p><em>Fuente: Prensa AMM<\/em><\/p>\n","protected":false},"excerpt":{"rendered":"<p>\u00abLa voz de la infancia en la literatura (no solo infantil)\u00bb es la propuesta de un encuentro para repasar libros &#8230; <a title=\"Entrevista abierta a Juan Guinot en la Asociaci\u00f3n M\u00e9dica\" class=\"read-more\" href=\"https:\/\/www.hoymercedes.com.ar\/principal\/2024\/09\/07\/entrevista-abierta-a-juan-guinot-en-la-asociacion-medica\/\" aria-label=\"Leer m\u00e1s sobre Entrevista abierta a Juan Guinot en la Asociaci\u00f3n M\u00e9dica\">Leer m\u00e1s<\/a><\/p>\n","protected":false},"author":1,"featured_media":178591,"comment_status":"closed","ping_status":"open","sticky":false,"template":"","format":"standard","meta":{"_monsterinsights_skip_tracking":false,"_monsterinsights_sitenote_active":false,"_monsterinsights_sitenote_note":"","_monsterinsights_sitenote_category":0,"jetpack_post_was_ever_published":false,"_jetpack_newsletter_access":"","_jetpack_dont_email_post_to_subs":false,"_jetpack_newsletter_tier_id":0,"_jetpack_memberships_contains_paywalled_content":false,"_jetpack_memberships_contains_paid_content":false,"footnotes":"","jetpack_publicize_message":"","jetpack_publicize_feature_enabled":true,"jetpack_social_post_already_shared":true,"jetpack_social_options":{"image_generator_settings":{"template":"highway","default_image_id":0,"font":"","enabled":false},"version":2},"_wpas_customize_per_network":false},"categories":[8],"tags":[],"class_list":["post-178583","post","type-post","status-publish","format-standard","has-post-thumbnail","hentry","category-sociedad","generate-columns","tablet-grid-50","mobile-grid-100","grid-parent","grid-50"],"jetpack_publicize_connections":[],"jetpack_featured_media_url":"https:\/\/www.hoymercedes.com.ar\/principal\/wp-content\/uploads\/2024\/09\/Juan-Guinot-y-Susana-Spano.jpg","wps_subtitle":"","jetpack_sharing_enabled":true,"_links":{"self":[{"href":"https:\/\/www.hoymercedes.com.ar\/principal\/wp-json\/wp\/v2\/posts\/178583","targetHints":{"allow":["GET"]}}],"collection":[{"href":"https:\/\/www.hoymercedes.com.ar\/principal\/wp-json\/wp\/v2\/posts"}],"about":[{"href":"https:\/\/www.hoymercedes.com.ar\/principal\/wp-json\/wp\/v2\/types\/post"}],"author":[{"embeddable":true,"href":"https:\/\/www.hoymercedes.com.ar\/principal\/wp-json\/wp\/v2\/users\/1"}],"replies":[{"embeddable":true,"href":"https:\/\/www.hoymercedes.com.ar\/principal\/wp-json\/wp\/v2\/comments?post=178583"}],"version-history":[{"count":0,"href":"https:\/\/www.hoymercedes.com.ar\/principal\/wp-json\/wp\/v2\/posts\/178583\/revisions"}],"wp:featuredmedia":[{"embeddable":true,"href":"https:\/\/www.hoymercedes.com.ar\/principal\/wp-json\/wp\/v2\/media\/178591"}],"wp:attachment":[{"href":"https:\/\/www.hoymercedes.com.ar\/principal\/wp-json\/wp\/v2\/media?parent=178583"}],"wp:term":[{"taxonomy":"category","embeddable":true,"href":"https:\/\/www.hoymercedes.com.ar\/principal\/wp-json\/wp\/v2\/categories?post=178583"},{"taxonomy":"post_tag","embeddable":true,"href":"https:\/\/www.hoymercedes.com.ar\/principal\/wp-json\/wp\/v2\/tags?post=178583"}],"curies":[{"name":"wp","href":"https:\/\/api.w.org\/{rel}","templated":true}]}}