{"id":178584,"date":"2024-09-07T11:23:33","date_gmt":"2024-09-07T14:23:33","guid":{"rendered":"https:\/\/www.hoymercedes.com.ar\/principal\/?p=178584"},"modified":"2024-09-07T11:23:34","modified_gmt":"2024-09-07T14:23:34","slug":"viernes-a-predio-repleto-en-la-fiesta-nacional-del-salame","status":"publish","type":"post","link":"https:\/\/www.hoymercedes.com.ar\/principal\/2024\/09\/07\/viernes-a-predio-repleto-en-la-fiesta-nacional-del-salame\/","title":{"rendered":"Viernes a predio repleto en la Fiesta Nacional del Salame"},"content":{"rendered":"\n<figure class=\"wp-block-image size-large\"><img loading=\"lazy\" decoding=\"async\" width=\"1024\" height=\"682\" data-attachment-id=\"178585\" data-permalink=\"https:\/\/www.hoymercedes.com.ar\/principal\/2024\/09\/07\/viernes-a-predio-repleto-en-la-fiesta-nacional-del-salame\/fernandaottolini-y-la-banda\/#main\" data-orig-file=\"https:\/\/www.hoymercedes.com.ar\/principal\/wp-content\/uploads\/2024\/09\/FernandaOttolini-y-la-banda.jpg\" data-orig-size=\"1319,879\" data-comments-opened=\"0\" data-image-meta=\"{&quot;aperture&quot;:&quot;0&quot;,&quot;credit&quot;:&quot;SEBASTIANAMBROSSIO&quot;,&quot;camera&quot;:&quot;&quot;,&quot;caption&quot;:&quot;&quot;,&quot;created_timestamp&quot;:&quot;0&quot;,&quot;copyright&quot;:&quot;SebastianAmbrossio&quot;,&quot;focal_length&quot;:&quot;0&quot;,&quot;iso&quot;:&quot;0&quot;,&quot;shutter_speed&quot;:&quot;0&quot;,&quot;title&quot;:&quot;&quot;,&quot;orientation&quot;:&quot;0&quot;}\" data-image-title=\"FernandaOttolini y la banda\" data-image-description=\"&lt;p&gt;Multitudinaria primera fiesta nacional del salame&lt;\/p&gt;\n\" data-image-caption=\"\" data-large-file=\"https:\/\/www.hoymercedes.com.ar\/principal\/wp-content\/uploads\/2024\/09\/FernandaOttolini-y-la-banda-1024x682.jpg\" src=\"https:\/\/www.hoymercedes.com.ar\/principal\/wp-content\/uploads\/2024\/09\/FernandaOttolini-y-la-banda-1024x682.jpg\" alt=\"Fernanda Ottolini &amp; La Banda\" class=\"wp-image-178585\" srcset=\"https:\/\/www.hoymercedes.com.ar\/principal\/wp-content\/uploads\/2024\/09\/FernandaOttolini-y-la-banda-1024x682.jpg 1024w, https:\/\/www.hoymercedes.com.ar\/principal\/wp-content\/uploads\/2024\/09\/FernandaOttolini-y-la-banda-630x420.jpg 630w, https:\/\/www.hoymercedes.com.ar\/principal\/wp-content\/uploads\/2024\/09\/FernandaOttolini-y-la-banda-150x100.jpg 150w, https:\/\/www.hoymercedes.com.ar\/principal\/wp-content\/uploads\/2024\/09\/FernandaOttolini-y-la-banda-700x465.jpg 700w, https:\/\/www.hoymercedes.com.ar\/principal\/wp-content\/uploads\/2024\/09\/FernandaOttolini-y-la-banda.jpg 1319w\" sizes=\"auto, (max-width: 1024px) 100vw, 1024px\" \/><\/figure>\n\n\n\n<p>Un gran marco de p\u00fablico acompa\u00f1o la noche del viernes de la <strong>Fiesta Nacional del Salame<\/strong> Quintero. Se llenaron las cantinas, patios gastron\u00f3micos, cerveceros y carpa de productores. Frente al escenario una gran pista de baile. Sonaron <strong>Fernanda Ottolini &amp; La Banda, La Tekka y Grupo Trinidad.<\/strong><\/p>\n\n\n\n<p>\u201cEstamos muy agradecidos a las familias que vinieron esta primera noche a acompa\u00f1ar a nuestros productores y productoras, promoviendo el empleo, el encuentro, la felicidad de nuestro pueblo\u201d coment\u00f3 el <strong>intendente Ustarroz.<\/strong><\/p>\n\n\n\n<figure class=\"wp-block-image size-large\"><img loading=\"lazy\" decoding=\"async\" width=\"1024\" height=\"682\" data-attachment-id=\"178586\" data-permalink=\"https:\/\/www.hoymercedes.com.ar\/principal\/2024\/09\/07\/viernes-a-predio-repleto-en-la-fiesta-nacional-del-salame\/sja_1709\/#main\" data-orig-file=\"https:\/\/www.hoymercedes.com.ar\/principal\/wp-content\/uploads\/2024\/09\/SJA_1709.jpg\" data-orig-size=\"1319,879\" data-comments-opened=\"0\" data-image-meta=\"{&quot;aperture&quot;:&quot;0&quot;,&quot;credit&quot;:&quot;SEBASTIANAMBROSSIO&quot;,&quot;camera&quot;:&quot;&quot;,&quot;caption&quot;:&quot;&quot;,&quot;created_timestamp&quot;:&quot;0&quot;,&quot;copyright&quot;:&quot;SebastianAmbrossio&quot;,&quot;focal_length&quot;:&quot;0&quot;,&quot;iso&quot;:&quot;0&quot;,&quot;shutter_speed&quot;:&quot;0&quot;,&quot;title&quot;:&quot;&quot;,&quot;orientation&quot;:&quot;0&quot;}\" data-image-title=\"SJA_1709\" data-image-description=\"\" data-image-caption=\"\" data-large-file=\"https:\/\/www.hoymercedes.com.ar\/principal\/wp-content\/uploads\/2024\/09\/SJA_1709-1024x682.jpg\" src=\"https:\/\/www.hoymercedes.com.ar\/principal\/wp-content\/uploads\/2024\/09\/SJA_1709-1024x682.jpg\" alt=\"Viernes a predio repleto en la Fiesta Nacional del Salame\" class=\"wp-image-178586\" srcset=\"https:\/\/www.hoymercedes.com.ar\/principal\/wp-content\/uploads\/2024\/09\/SJA_1709-1024x682.jpg 1024w, https:\/\/www.hoymercedes.com.ar\/principal\/wp-content\/uploads\/2024\/09\/SJA_1709-630x420.jpg 630w, https:\/\/www.hoymercedes.com.ar\/principal\/wp-content\/uploads\/2024\/09\/SJA_1709-150x100.jpg 150w, https:\/\/www.hoymercedes.com.ar\/principal\/wp-content\/uploads\/2024\/09\/SJA_1709-700x465.jpg 700w, https:\/\/www.hoymercedes.com.ar\/principal\/wp-content\/uploads\/2024\/09\/SJA_1709.jpg 1319w\" sizes=\"auto, (max-width: 1024px) 100vw, 1024px\" \/><\/figure>\n\n\n\n<p><strong>Show<\/strong><\/p>\n\n\n\n<p>La grilla se inici\u00f3 este viernes con Fernanda Ottolini Y La Banda, La Tekka y Grupo Trinidad.<\/p>\n\n\n\n<p>El S\u00e1bado 7 desde 17hs Franco Ram\u00edrez, Grupo Ambar, Mathias Y Realgroove,&nbsp; Claudio Rosa,&nbsp; Menta Y Lim\u00f3n y el cierre de Orkesta Popular San Bomba<\/p>\n\n\n\n<p>El Patio De Pe\u00f1a a las 12hs y 17hs contar\u00e1 con Emma Grassi y Jo Marcel respectivamente.<\/p>\n\n\n\n<p>Ya el domingo ser\u00e1 desde las 13hs Orquesta Escuela, Ballet Santa Cecilia,&nbsp; Ra\u00edces Mercedinas, Bohemios, Compa\u00f1\u00eda De Danza Y Malambo Pasi\u00f3n Gaucha, Ballet Peumayen,&nbsp; Mart\u00edn Soler Y Los De Al Lado Escuela Municipal De Danzas Nativas Estrella Del Sur, Los L\u00f3pez Heredia,&nbsp; Oscar Rosello y&nbsp; Bruno Arias-<\/p>\n\n\n\n<p>El patio De Pe\u00f1a de 11hs a 16hs China Acosta, Sebasti\u00e1n Giovanetone y Escuela Municipal De Tango.<\/p>\n\n\n\n<figure class=\"wp-block-image size-large\"><img loading=\"lazy\" decoding=\"async\" width=\"1024\" height=\"682\" data-attachment-id=\"178587\" data-permalink=\"https:\/\/www.hoymercedes.com.ar\/principal\/2024\/09\/07\/viernes-a-predio-repleto-en-la-fiesta-nacional-del-salame\/dsc02735\/#main\" data-orig-file=\"https:\/\/www.hoymercedes.com.ar\/principal\/wp-content\/uploads\/2024\/09\/DSC02735.jpg\" data-orig-size=\"1319,879\" data-comments-opened=\"0\" data-image-meta=\"{&quot;aperture&quot;:&quot;0&quot;,&quot;credit&quot;:&quot;&quot;,&quot;camera&quot;:&quot;&quot;,&quot;caption&quot;:&quot;&quot;,&quot;created_timestamp&quot;:&quot;0&quot;,&quot;copyright&quot;:&quot;&quot;,&quot;focal_length&quot;:&quot;0&quot;,&quot;iso&quot;:&quot;0&quot;,&quot;shutter_speed&quot;:&quot;0&quot;,&quot;title&quot;:&quot;&quot;,&quot;orientation&quot;:&quot;0&quot;}\" data-image-title=\"DSC02735\" data-image-description=\"\" data-image-caption=\"\" data-large-file=\"https:\/\/www.hoymercedes.com.ar\/principal\/wp-content\/uploads\/2024\/09\/DSC02735-1024x682.jpg\" src=\"https:\/\/www.hoymercedes.com.ar\/principal\/wp-content\/uploads\/2024\/09\/DSC02735-1024x682.jpg\" alt=\"Multitudinaria primera fiesta nacional del salame\" class=\"wp-image-178587\" srcset=\"https:\/\/www.hoymercedes.com.ar\/principal\/wp-content\/uploads\/2024\/09\/DSC02735-1024x682.jpg 1024w, https:\/\/www.hoymercedes.com.ar\/principal\/wp-content\/uploads\/2024\/09\/DSC02735-630x420.jpg 630w, https:\/\/www.hoymercedes.com.ar\/principal\/wp-content\/uploads\/2024\/09\/DSC02735-150x100.jpg 150w, https:\/\/www.hoymercedes.com.ar\/principal\/wp-content\/uploads\/2024\/09\/DSC02735-700x465.jpg 700w, https:\/\/www.hoymercedes.com.ar\/principal\/wp-content\/uploads\/2024\/09\/DSC02735.jpg 1319w\" sizes=\"auto, (max-width: 1024px) 100vw, 1024px\" \/><\/figure>\n\n\n\n<p><strong>Entradas<\/strong><\/p>\n\n\n\n<p>El s\u00e1bado y domingo tendr\u00e1 un muy accesible valor general de $3.000, menores de 12 a\u00f1os sin cargo, <strong>jubilados y residentes de Mercedes $2.000<\/strong>. Adem\u00e1s habr\u00e1 venta online para ingresar de manera r\u00e1pida y \u00e1gil. Adem\u00e1s, para quienes deseen, habr\u00e1 una promo de 4&#215;3 a $6.000.<\/p>\n\n\n","protected":false},"excerpt":{"rendered":"<p>Un gran marco de p\u00fablico acompa\u00f1o la noche del viernes de la Fiesta Nacional del Salame Quintero. Se llenaron las &#8230; <a title=\"Viernes a predio repleto en la Fiesta Nacional del Salame\" class=\"read-more\" href=\"https:\/\/www.hoymercedes.com.ar\/principal\/2024\/09\/07\/viernes-a-predio-repleto-en-la-fiesta-nacional-del-salame\/\" aria-label=\"Leer m\u00e1s sobre Viernes a predio repleto en la Fiesta Nacional del Salame\">Leer m\u00e1s<\/a><\/p>\n","protected":false},"author":1,"featured_media":178585,"comment_status":"closed","ping_status":"open","sticky":false,"template":"","format":"standard","meta":{"_monsterinsights_skip_tracking":false,"_monsterinsights_sitenote_active":false,"_monsterinsights_sitenote_note":"","_monsterinsights_sitenote_category":0,"jetpack_post_was_ever_published":false,"_jetpack_newsletter_access":"","_jetpack_dont_email_post_to_subs":false,"_jetpack_newsletter_tier_id":0,"_jetpack_memberships_contains_paywalled_content":false,"_jetpack_memberships_contains_paid_content":false,"footnotes":"","jetpack_publicize_message":"","jetpack_publicize_feature_enabled":true,"jetpack_social_post_already_shared":true,"jetpack_social_options":{"image_generator_settings":{"template":"highway","default_image_id":0,"font":"","enabled":false},"version":2},"_wpas_customize_per_network":false},"categories":[8],"tags":[],"class_list":["post-178584","post","type-post","status-publish","format-standard","has-post-thumbnail","hentry","category-sociedad","generate-columns","tablet-grid-50","mobile-grid-100","grid-parent","grid-50"],"jetpack_publicize_connections":[],"jetpack_featured_media_url":"https:\/\/www.hoymercedes.com.ar\/principal\/wp-content\/uploads\/2024\/09\/FernandaOttolini-y-la-banda.jpg","wps_subtitle":"Fiestas Populares","jetpack_sharing_enabled":true,"_links":{"self":[{"href":"https:\/\/www.hoymercedes.com.ar\/principal\/wp-json\/wp\/v2\/posts\/178584","targetHints":{"allow":["GET"]}}],"collection":[{"href":"https:\/\/www.hoymercedes.com.ar\/principal\/wp-json\/wp\/v2\/posts"}],"about":[{"href":"https:\/\/www.hoymercedes.com.ar\/principal\/wp-json\/wp\/v2\/types\/post"}],"author":[{"embeddable":true,"href":"https:\/\/www.hoymercedes.com.ar\/principal\/wp-json\/wp\/v2\/users\/1"}],"replies":[{"embeddable":true,"href":"https:\/\/www.hoymercedes.com.ar\/principal\/wp-json\/wp\/v2\/comments?post=178584"}],"version-history":[{"count":0,"href":"https:\/\/www.hoymercedes.com.ar\/principal\/wp-json\/wp\/v2\/posts\/178584\/revisions"}],"wp:featuredmedia":[{"embeddable":true,"href":"https:\/\/www.hoymercedes.com.ar\/principal\/wp-json\/wp\/v2\/media\/178585"}],"wp:attachment":[{"href":"https:\/\/www.hoymercedes.com.ar\/principal\/wp-json\/wp\/v2\/media?parent=178584"}],"wp:term":[{"taxonomy":"category","embeddable":true,"href":"https:\/\/www.hoymercedes.com.ar\/principal\/wp-json\/wp\/v2\/categories?post=178584"},{"taxonomy":"post_tag","embeddable":true,"href":"https:\/\/www.hoymercedes.com.ar\/principal\/wp-json\/wp\/v2\/tags?post=178584"}],"curies":[{"name":"wp","href":"https:\/\/api.w.org\/{rel}","templated":true}]}}