{"id":17860,"date":"2012-11-15T00:51:29","date_gmt":"2012-11-15T00:51:29","guid":{"rendered":"http:\/\/www.hoymercedes.com.ar\/principal\/?p=17860"},"modified":"2012-11-15T00:51:46","modified_gmt":"2012-11-15T00:51:46","slug":"mic-con-jose-cestari-dan-a-conocer-proyectos-presentados","status":"publish","type":"post","link":"https:\/\/www.hoymercedes.com.ar\/principal\/2012\/11\/15\/mic-con-jose-cestari-dan-a-conocer-proyectos-presentados\/","title":{"rendered":"MIC, con Jos\u00e9 Cestari, dan a conocer proyectos presentados"},"content":{"rendered":"<p><a href=\"https:\/\/www.hoymercedes.com.ar\/principal\/wp-content\/uploads\/2012\/11\/JoseCestari.jpg\"><img loading=\"lazy\" decoding=\"async\" data-attachment-id=\"17862\" data-permalink=\"https:\/\/www.hoymercedes.com.ar\/principal\/2012\/11\/15\/mic-con-jose-cestari-dan-a-conocer-proyectos-presentados\/josecestari\/#main\" data-orig-file=\"https:\/\/www.hoymercedes.com.ar\/principal\/wp-content\/uploads\/2012\/11\/JoseCestari.jpg\" data-orig-size=\"618,412\" data-comments-opened=\"1\" data-image-meta=\"{&quot;aperture&quot;:&quot;4.5&quot;,&quot;credit&quot;:&quot;&quot;,&quot;camera&quot;:&quot;NIKON D90&quot;,&quot;caption&quot;:&quot;&quot;,&quot;created_timestamp&quot;:&quot;1289562676&quot;,&quot;copyright&quot;:&quot;Paula Soruco Fotograf\\u00eda&quot;,&quot;focal_length&quot;:&quot;35&quot;,&quot;iso&quot;:&quot;200&quot;,&quot;shutter_speed&quot;:&quot;0.033333333333333&quot;,&quot;title&quot;:&quot;&quot;}\" data-image-title=\"JoseCestari\" data-image-description=\"\" data-image-caption=\"\" data-large-file=\"https:\/\/www.hoymercedes.com.ar\/principal\/wp-content\/uploads\/2012\/11\/JoseCestari.jpg\" class=\"aligncenter size-full wp-image-17862\" title=\"JoseCestari\" src=\"https:\/\/www.hoymercedes.com.ar\/principal\/wp-content\/uploads\/2012\/11\/JoseCestari.jpg\" alt=\"\" width=\"618\" height=\"412\" \/><\/a><\/p>\n<p>El lunes 12 de noviembre se realiz\u00f3 una nueva Sesi\u00f3n Ordinaria en el HCD de Mercedes. El Bloque MIC Mercedes present\u00f3 proyectos relacionados con el mejoramiento del tr\u00e1nsito. Dos tienen que ver con la necesidad del arreglo de baches y grietas existentes en pavimento, una es en la intersecci\u00f3n de esquina de calles 6 y 11 (Aprobado por unanimidad) y la otra en avenida 29 entre Avenida 40 y v\u00edas del ex ferrocarril Belgrano, en sentido hacia el norte aleda\u00f1o al cantero, un lugar que presenta inconvenientes frecuentemente, ahora el ensanchamiento de los baches y grietas pone en riesgo la circulaci\u00f3n de veh\u00edculos ya que cuando estos atraviesan el sector mencionado se genera una oscilaci\u00f3n del pavimento (fue emparchado por lo tanto se archivo)<\/p>\n<p>El tercero, luego de establecer por Ordenanza el estacionamiento en 45\u00b0 sobre mano derecha en calle 22 entre 35 y 33 y al dejar pintado el estacionamiento para motos, sobre mano izquierda frente al Centro de Empleados de Comercio, genera confusi\u00f3n a la hora de estacionar provocando un cuello de botella que obstaculiza el tr\u00e1nsito vehicular. Por eso se solicita que se borre totalmente la demarcaci\u00f3n para estacionar motos sobre mano izquierda (Aprobado por unanimidad)<\/p>\n<p>El \u00faltimo, considerando que la calle 11 es de doble mano entre 8 y 12 y que estacionar sobre ambas aceras genera un caos en la circulaci\u00f3n vehicular, se propone que se proh\u00edba estacionar en el sector este para agilizar el tr\u00e1nsito en dicha arteria, que es la \u00fanica alternativa de comunicaci\u00f3n entre el norte y el sur de la ciudad entre las Avenidas 1 y 17 (Comisi\u00f3n de tr\u00e1nsito)<\/p>\n<p>DESPACHOS DE LA COMISI\u00d3N DE PLANEAMIENTO: (Todos aprobados por unanimidad)<\/p>\n<p>Fueron despachados por unanimidad varios proyectos presentados por alumnos de escuelas presentados en la Sesi\u00f3n Especial realizada el martes 30 de octubre en el marco del Decreto \u201cCuidemos el ambiente mercedino\u201d<\/p>\n<p>Resoluci\u00f3n (Escuela Laboral N\u00b0 1)<\/p>\n<p>Art 1. El HCD resuelve dirigirse al DE para que a trav\u00e9s del \u00e1rea correspondiente proceda a intimar al propietario del inmueble C II Sec. B Chacra 142 Manzana 142 C Parc. 1K., localizado en calle 32 entre 49 y 51 (sector sur) a tapialar el mismo seg\u00fan lo que corresponde por Ordenanza 6814\/2010 sobre Cercas y Veredas.<\/p>\n<p>Art. De forma.<\/p>\n<p>Resoluci\u00f3n (Escuela Laboral N\u00b0 1)<\/p>\n<p>Art. 1\u00b0. El HCD resuelve dirigirse al DE a fin de que autorice a los alumnos y personal docente del Centro de Formaci\u00f3n Laboral N\u00b0 1 de Mercedes a pintar murales, en lugares a determinar, para generar conciencia en los ciudadanos sobre el riesgo en la salud que ocasionan los basurales.<\/p>\n<p>Art. 2\u00b0.De forma.<\/p>\n<p>Resoluci\u00f3n (Instituto San Benito de Nursia)<\/p>\n<p>Art. 1\u00b0 EL HCD resuelve dirigirse al DE a fin de elevar el trabajo presentado por los alumnos del Instituto San Benito de Nursia en referencia al proyecto Cuidemos el Ambiente Mercedino.<\/p>\n<p>Art. 2 \u00b0 De forma<\/p>\n<p>Resoluci\u00f3n (EES N\u00b0 8)<\/p>\n<p>Art. 1\u00b0 EL HCD resuelve dirigirse al DE a fin de elevar el trabajo presentado por los alumnos de la EES N\u00b0 8 en referencia al proyecto Cuidemos el Ambiente Mercedino.<\/p>\n<p>Art. 2 \u00b0 De forma.<\/p>\n<p>Resoluci\u00f3n (EET N\u00b0 2 de Gowland)<\/p>\n<p>Art 1\u00b0. El HCD se resuelve dirigirse al DE a fin de que eval\u00fae la viabilidad de realizar los siguientes trabajos en el Arroyo Balta:<\/p>\n<p>a) Colocar un cerco perimetral en la Reserva Natural y Paleontol\u00f3gica del Arroyo Balta.<\/p>\n<p>b) Construir una entrada con una casilla para custodio de la Reserva Natural y Paleontol\u00f3gica del Arroyo Balta.<\/p>\n<p>Art. 2.De forma.<\/p>\n<p>Resoluci\u00f3n (EET N\u00b0 2 Gowland)<\/p>\n<p>Art. 1\u00b0El HCD resuelve dirigirse al DE para solicitar que se informe sobre la viabilidad de realizar las siguientes tareas:<\/p>\n<p>a) Construir un cartel identificatorio de la Reserva Natural y Paleontol\u00f3gica del Arroyo Balta, para que sea visualizado desde la Ruta Nacional N\u00b0 5.<\/p>\n<p>b) Construir carteles identificatorios de las especies existentes en el circuito de recorrido interno de la Reserva Natural y Paleontol\u00f3gica del Arroyo Balta.<\/p>\n<p>c) Asimismo eval\u00fae la constituci\u00f3n de una Comisi\u00f3n conformada por integrantes del DE, el HCD, SOS H\u00e1bitat, Museo de Ciencias Naturales \u201cCarlos Ameghino\u201d y la EET N\u00b0 2 de Gowland, para hacer un listado de las especies vegetales y animales existentes en la Reserva Natural y Paleontol\u00f3gica del Arroyo Balta.<\/p>\n<p>Art. 2\u00b0. De forma.<\/p>\n<p>Ordenanza (EET N\u00b0 2 Gowland)<\/p>\n<p>Art 1\u00b0. Crease un certamen a nivel escolar secundario para dise\u00f1ar un logo que identifique a la Reserva Natural y Paleontol\u00f3gica del Arroyo Balta.<\/p>\n<p>&nbsp;<\/p>\n<p>Art. 2\u00b0. Crease un certamen fotogr\u00e1fico secundario de registro visual de la avifauna del ecosistema existente en la Reserva Natural y Paleontol\u00f3gica del Arroyo Balta.<\/p>\n<p>&nbsp;<\/p>\n<p>Art. 3\u00b0. La reglamentaci\u00f3n y cronograma de los art\u00edculos 1\u00b0 y 2\u00b0 ser\u00e1 propuesto por el DE, a trav\u00e9s del \u00e1rea que corresponda.<\/p>\n<p>&nbsp;<\/p>\n<p>Art. 4\u00b0. De forma.<\/p>\n<p>&nbsp;<\/p>\n","protected":false},"excerpt":{"rendered":"<p>El lunes 12 de noviembre se realiz\u00f3 una nueva Sesi\u00f3n Ordinaria en el HCD de Mercedes. El Bloque MIC Mercedes &#8230; <a title=\"MIC, con Jos\u00e9 Cestari, dan a conocer proyectos presentados\" class=\"read-more\" href=\"https:\/\/www.hoymercedes.com.ar\/principal\/2012\/11\/15\/mic-con-jose-cestari-dan-a-conocer-proyectos-presentados\/\" aria-label=\"Leer m\u00e1s sobre MIC, con Jos\u00e9 Cestari, dan a conocer proyectos presentados\">Leer m\u00e1s<\/a><\/p>\n","protected":false},"author":1,"featured_media":0,"comment_status":"open","ping_status":"open","sticky":false,"template":"","format":"standard","meta":{"_monsterinsights_skip_tracking":false,"_monsterinsights_sitenote_active":false,"_monsterinsights_sitenote_note":"","_monsterinsights_sitenote_category":0,"jetpack_post_was_ever_published":false,"_jetpack_newsletter_access":"","_jetpack_dont_email_post_to_subs":false,"_jetpack_newsletter_tier_id":0,"_jetpack_memberships_contains_paywalled_content":false,"_jetpack_memberships_contains_paid_content":false,"footnotes":"","jetpack_publicize_message":"","jetpack_publicize_feature_enabled":true,"jetpack_social_post_already_shared":false,"jetpack_social_options":{"image_generator_settings":{"template":"highway","default_image_id":0,"font":"","enabled":false},"version":2},"_wpas_customize_per_network":false},"categories":[5],"tags":[321,1956],"class_list":["post-17860","post","type-post","status-publish","format-standard","hentry","category-politica","tag-jose-cestari","tag-mic-mercedes","generate-columns","tablet-grid-50","mobile-grid-100","grid-parent","grid-50"],"jetpack_publicize_connections":[],"jetpack_featured_media_url":"","wps_subtitle":"","jetpack_sharing_enabled":true,"_links":{"self":[{"href":"https:\/\/www.hoymercedes.com.ar\/principal\/wp-json\/wp\/v2\/posts\/17860","targetHints":{"allow":["GET"]}}],"collection":[{"href":"https:\/\/www.hoymercedes.com.ar\/principal\/wp-json\/wp\/v2\/posts"}],"about":[{"href":"https:\/\/www.hoymercedes.com.ar\/principal\/wp-json\/wp\/v2\/types\/post"}],"author":[{"embeddable":true,"href":"https:\/\/www.hoymercedes.com.ar\/principal\/wp-json\/wp\/v2\/users\/1"}],"replies":[{"embeddable":true,"href":"https:\/\/www.hoymercedes.com.ar\/principal\/wp-json\/wp\/v2\/comments?post=17860"}],"version-history":[{"count":0,"href":"https:\/\/www.hoymercedes.com.ar\/principal\/wp-json\/wp\/v2\/posts\/17860\/revisions"}],"wp:attachment":[{"href":"https:\/\/www.hoymercedes.com.ar\/principal\/wp-json\/wp\/v2\/media?parent=17860"}],"wp:term":[{"taxonomy":"category","embeddable":true,"href":"https:\/\/www.hoymercedes.com.ar\/principal\/wp-json\/wp\/v2\/categories?post=17860"},{"taxonomy":"post_tag","embeddable":true,"href":"https:\/\/www.hoymercedes.com.ar\/principal\/wp-json\/wp\/v2\/tags?post=17860"}],"curies":[{"name":"wp","href":"https:\/\/api.w.org\/{rel}","templated":true}]}}