{"id":178609,"date":"2024-09-08T13:18:35","date_gmt":"2024-09-08T16:18:35","guid":{"rendered":"https:\/\/www.hoymercedes.com.ar\/principal\/?p=178609"},"modified":"2024-09-08T13:18:35","modified_gmt":"2024-09-08T16:18:35","slug":"mercedes-tiene-el-sandwich-de-salame-mas-grande-del-pais","status":"publish","type":"post","link":"https:\/\/www.hoymercedes.com.ar\/principal\/2024\/09\/08\/mercedes-tiene-el-sandwich-de-salame-mas-grande-del-pais\/","title":{"rendered":"Mercedes tiene el s\u00e1ndwich de salame m\u00e1s grande del pa\u00eds"},"content":{"rendered":"\n<figure class=\"wp-block-image size-large\"><img loading=\"lazy\" decoding=\"async\" width=\"1024\" height=\"682\" data-attachment-id=\"178610\" data-permalink=\"https:\/\/www.hoymercedes.com.ar\/principal\/2024\/09\/08\/mercedes-tiene-el-sandwich-de-salame-mas-grande-del-pais\/dsc03207\/#main\" data-orig-file=\"https:\/\/www.hoymercedes.com.ar\/principal\/wp-content\/uploads\/2024\/09\/DSC03207.jpg\" data-orig-size=\"1319,879\" data-comments-opened=\"0\" data-image-meta=\"{&quot;aperture&quot;:&quot;0&quot;,&quot;credit&quot;:&quot;&quot;,&quot;camera&quot;:&quot;&quot;,&quot;caption&quot;:&quot;&quot;,&quot;created_timestamp&quot;:&quot;0&quot;,&quot;copyright&quot;:&quot;&quot;,&quot;focal_length&quot;:&quot;0&quot;,&quot;iso&quot;:&quot;0&quot;,&quot;shutter_speed&quot;:&quot;0&quot;,&quot;title&quot;:&quot;&quot;,&quot;orientation&quot;:&quot;0&quot;}\" data-image-title=\"Mercedes tiene el s\u00e1ndwich de salame m\u00e1s grande del pa\u00eds\" data-image-description=\"&lt;p&gt;Mercedes tiene el s\u00e1ndwich de salame m\u00e1s grande del pa\u00eds&lt;\/p&gt;\n\" data-image-caption=\"&lt;p&gt;Mercedes tiene el s\u00e1ndwich de salame m\u00e1s grande del pa\u00eds&lt;\/p&gt;\n\" data-large-file=\"https:\/\/www.hoymercedes.com.ar\/principal\/wp-content\/uploads\/2024\/09\/DSC03207-1024x682.jpg\" src=\"https:\/\/www.hoymercedes.com.ar\/principal\/wp-content\/uploads\/2024\/09\/DSC03207-1024x682.jpg\" alt=\"Mercedes tiene el s\u00e1ndwich de salame m\u00e1s grande del pa\u00eds\" class=\"wp-image-178610\" srcset=\"https:\/\/www.hoymercedes.com.ar\/principal\/wp-content\/uploads\/2024\/09\/DSC03207-1024x682.jpg 1024w, https:\/\/www.hoymercedes.com.ar\/principal\/wp-content\/uploads\/2024\/09\/DSC03207-630x420.jpg 630w, https:\/\/www.hoymercedes.com.ar\/principal\/wp-content\/uploads\/2024\/09\/DSC03207-150x100.jpg 150w, https:\/\/www.hoymercedes.com.ar\/principal\/wp-content\/uploads\/2024\/09\/DSC03207-700x465.jpg 700w, https:\/\/www.hoymercedes.com.ar\/principal\/wp-content\/uploads\/2024\/09\/DSC03207.jpg 1319w\" sizes=\"auto, (max-width: 1024px) 100vw, 1024px\" \/><\/figure>\n\n\n\n<p>Cada vez hay m\u00e1s atractivos en las fiestas populares de Mercedes. Ahora lleg\u00f3 el turno de realizar el <strong>s\u00e1ndwich m\u00e1s grande del pa\u00eds<\/strong>. Pero no cualquiera, sino uno <strong>elaborado con el mejor salame quintero del mundo.<\/strong><\/p>\n\n\n\n<p>Con un pan de <strong>m\u00e1s de 2 metros<\/strong> de largo que se produjo en los hornos de la panader\u00eda \u201cLa Dulce Anita\u201d, \u00faltima ganadora de la fiesta de la Galleta de Campo.<\/p>\n\n\n\n<p>Se prepar\u00f3, el atractivo, en el espacio de la direcci\u00f3n de turismo.<\/p>\n\n\n\n<figure class=\"wp-block-image size-large\"><img loading=\"lazy\" decoding=\"async\" width=\"1024\" height=\"682\" data-attachment-id=\"178611\" data-permalink=\"https:\/\/www.hoymercedes.com.ar\/principal\/2024\/09\/08\/mercedes-tiene-el-sandwich-de-salame-mas-grande-del-pais\/dsc03195\/#main\" data-orig-file=\"https:\/\/www.hoymercedes.com.ar\/principal\/wp-content\/uploads\/2024\/09\/DSC03195.jpg\" data-orig-size=\"1319,879\" data-comments-opened=\"0\" data-image-meta=\"{&quot;aperture&quot;:&quot;0&quot;,&quot;credit&quot;:&quot;&quot;,&quot;camera&quot;:&quot;&quot;,&quot;caption&quot;:&quot;&quot;,&quot;created_timestamp&quot;:&quot;0&quot;,&quot;copyright&quot;:&quot;&quot;,&quot;focal_length&quot;:&quot;0&quot;,&quot;iso&quot;:&quot;0&quot;,&quot;shutter_speed&quot;:&quot;0&quot;,&quot;title&quot;:&quot;&quot;,&quot;orientation&quot;:&quot;0&quot;}\" data-image-title=\"DSC03195\" data-image-description=\"\" data-image-caption=\"\" data-large-file=\"https:\/\/www.hoymercedes.com.ar\/principal\/wp-content\/uploads\/2024\/09\/DSC03195-1024x682.jpg\" src=\"https:\/\/www.hoymercedes.com.ar\/principal\/wp-content\/uploads\/2024\/09\/DSC03195-1024x682.jpg\" alt=\"Mercedes tiene el s\u00e1ndwich de salame m\u00e1s grande del pa\u00eds\" class=\"wp-image-178611\" srcset=\"https:\/\/www.hoymercedes.com.ar\/principal\/wp-content\/uploads\/2024\/09\/DSC03195-1024x682.jpg 1024w, https:\/\/www.hoymercedes.com.ar\/principal\/wp-content\/uploads\/2024\/09\/DSC03195-630x420.jpg 630w, https:\/\/www.hoymercedes.com.ar\/principal\/wp-content\/uploads\/2024\/09\/DSC03195-150x100.jpg 150w, https:\/\/www.hoymercedes.com.ar\/principal\/wp-content\/uploads\/2024\/09\/DSC03195-700x465.jpg 700w, https:\/\/www.hoymercedes.com.ar\/principal\/wp-content\/uploads\/2024\/09\/DSC03195.jpg 1319w\" sizes=\"auto, (max-width: 1024px) 100vw, 1024px\" \/><\/figure>\n\n\n\n<p>El pan, especialmente cocinado para la ocasi\u00f3n, fue rebanado y puesto a punto por Carmelo y Anjula, dos pintorescos personajes puestos en escena por los actores locales Florencia Seoane y Eugenio Rosito, que durante toda la jornada interactuaron con las y los turistas que se fotografiaban, simulando ser italianos emigrados conocedores de una receta \u00fanica.<\/p>\n\n\n\n<p>La primera preparaci\u00f3n fue el s\u00e1bado, repitiendo experiencia el domingo. Por supuesto, una vez finalizado, se reban\u00f3 en cuantas fracciones fue posible y se reparti\u00f3 entre el p\u00fablico que compart\u00eda el momento.<\/p>\n","protected":false},"excerpt":{"rendered":"<p>Cada vez hay m\u00e1s atractivos en las fiestas populares de Mercedes. Ahora lleg\u00f3 el turno de realizar el s\u00e1ndwich m\u00e1s &#8230; <a title=\"Mercedes tiene el s\u00e1ndwich de salame m\u00e1s grande del pa\u00eds\" class=\"read-more\" href=\"https:\/\/www.hoymercedes.com.ar\/principal\/2024\/09\/08\/mercedes-tiene-el-sandwich-de-salame-mas-grande-del-pais\/\" aria-label=\"Leer m\u00e1s sobre Mercedes tiene el s\u00e1ndwich de salame m\u00e1s grande del pa\u00eds\">Leer m\u00e1s<\/a><\/p>\n","protected":false},"author":1,"featured_media":178610,"comment_status":"closed","ping_status":"open","sticky":false,"template":"","format":"standard","meta":{"_monsterinsights_skip_tracking":false,"_monsterinsights_sitenote_active":false,"_monsterinsights_sitenote_note":"","_monsterinsights_sitenote_category":0,"jetpack_post_was_ever_published":false,"_jetpack_newsletter_access":"","_jetpack_dont_email_post_to_subs":false,"_jetpack_newsletter_tier_id":0,"_jetpack_memberships_contains_paywalled_content":false,"_jetpack_memberships_contains_paid_content":false,"footnotes":"","jetpack_publicize_message":"","jetpack_publicize_feature_enabled":true,"jetpack_social_post_already_shared":true,"jetpack_social_options":{"image_generator_settings":{"template":"highway","default_image_id":0,"font":"","enabled":false},"version":2},"_wpas_customize_per_network":false},"categories":[8],"tags":[],"class_list":["post-178609","post","type-post","status-publish","format-standard","has-post-thumbnail","hentry","category-sociedad","generate-columns","tablet-grid-50","mobile-grid-100","grid-parent","grid-50"],"jetpack_publicize_connections":[],"jetpack_featured_media_url":"https:\/\/www.hoymercedes.com.ar\/principal\/wp-content\/uploads\/2024\/09\/DSC03207.jpg","wps_subtitle":"Fiestas Populares","jetpack_sharing_enabled":true,"_links":{"self":[{"href":"https:\/\/www.hoymercedes.com.ar\/principal\/wp-json\/wp\/v2\/posts\/178609","targetHints":{"allow":["GET"]}}],"collection":[{"href":"https:\/\/www.hoymercedes.com.ar\/principal\/wp-json\/wp\/v2\/posts"}],"about":[{"href":"https:\/\/www.hoymercedes.com.ar\/principal\/wp-json\/wp\/v2\/types\/post"}],"author":[{"embeddable":true,"href":"https:\/\/www.hoymercedes.com.ar\/principal\/wp-json\/wp\/v2\/users\/1"}],"replies":[{"embeddable":true,"href":"https:\/\/www.hoymercedes.com.ar\/principal\/wp-json\/wp\/v2\/comments?post=178609"}],"version-history":[{"count":0,"href":"https:\/\/www.hoymercedes.com.ar\/principal\/wp-json\/wp\/v2\/posts\/178609\/revisions"}],"wp:featuredmedia":[{"embeddable":true,"href":"https:\/\/www.hoymercedes.com.ar\/principal\/wp-json\/wp\/v2\/media\/178610"}],"wp:attachment":[{"href":"https:\/\/www.hoymercedes.com.ar\/principal\/wp-json\/wp\/v2\/media?parent=178609"}],"wp:term":[{"taxonomy":"category","embeddable":true,"href":"https:\/\/www.hoymercedes.com.ar\/principal\/wp-json\/wp\/v2\/categories?post=178609"},{"taxonomy":"post_tag","embeddable":true,"href":"https:\/\/www.hoymercedes.com.ar\/principal\/wp-json\/wp\/v2\/tags?post=178609"}],"curies":[{"name":"wp","href":"https:\/\/api.w.org\/{rel}","templated":true}]}}