{"id":17866,"date":"2012-11-15T01:14:59","date_gmt":"2012-11-15T01:14:59","guid":{"rendered":"http:\/\/www.hoymercedes.com.ar\/principal\/?p=17866"},"modified":"2012-11-15T01:15:13","modified_gmt":"2012-11-15T01:15:13","slug":"110-mil-pesos-para-el-hospital-fito-agradecio-al-frente-mercedino","status":"publish","type":"post","link":"https:\/\/www.hoymercedes.com.ar\/principal\/2012\/11\/15\/110-mil-pesos-para-el-hospital-fito-agradecio-al-frente-mercedino\/","title":{"rendered":"110 mil pesos para el Hospital. Fito agradeci\u00f3 al Frente Mercedino"},"content":{"rendered":"<p><a href=\"https:\/\/www.hoymercedes.com.ar\/principal\/wp-content\/uploads\/2012\/11\/FitoPrincipi-DirectorHospitalMercedes.jpg\"><img loading=\"lazy\" decoding=\"async\" data-attachment-id=\"17868\" data-permalink=\"https:\/\/www.hoymercedes.com.ar\/principal\/2012\/11\/15\/110-mil-pesos-para-el-hospital-fito-agradecio-al-frente-mercedino\/fitoprincipi-directorhospitalmercedes\/#main\" data-orig-file=\"https:\/\/www.hoymercedes.com.ar\/principal\/wp-content\/uploads\/2012\/11\/FitoPrincipi-DirectorHospitalMercedes.jpg\" data-orig-size=\"612,357\" data-comments-opened=\"1\" data-image-meta=\"{&quot;aperture&quot;:&quot;3.1&quot;,&quot;credit&quot;:&quot;&quot;,&quot;camera&quot;:&quot;DSC-S2000&quot;,&quot;caption&quot;:&quot;&quot;,&quot;created_timestamp&quot;:&quot;1338900614&quot;,&quot;copyright&quot;:&quot;&quot;,&quot;focal_length&quot;:&quot;6.2&quot;,&quot;iso&quot;:&quot;800&quot;,&quot;shutter_speed&quot;:&quot;0.00125&quot;,&quot;title&quot;:&quot;&quot;}\" data-image-title=\"FitoPrincipi-DirectorHospitalMercedes\" data-image-description=\"\" data-image-caption=\"\" data-large-file=\"https:\/\/www.hoymercedes.com.ar\/principal\/wp-content\/uploads\/2012\/11\/FitoPrincipi-DirectorHospitalMercedes.jpg\" class=\"aligncenter size-full wp-image-17868\" title=\"FitoPrincipi-DirectorHospitalMercedes\" src=\"https:\/\/www.hoymercedes.com.ar\/principal\/wp-content\/uploads\/2012\/11\/FitoPrincipi-DirectorHospitalMercedes.jpg\" alt=\"Fito Pr\u00edncipi\" width=\"612\" height=\"357\" \/><\/a><\/p>\n<p>En conferencia de prensa realizada por la ma\u00f1ana de \u00e9ste mi\u00e9rcoles el director del Hospital local,Rodolgo Pr\u00edncipi dio detalles de la cena vivida el pasado viernes en la cual se recaudaron fondos para la realizaci\u00f3n de obras en el \u00e1rea de pediatr\u00eda. Inform\u00f3 que se recaudaron 110 mil pesos que cubren gran parte de lo planificado, aunque, falta un poco de dinero, cerca de 40 mil, que buscaran obtener por diversos medios, incluso pidi\u00e9ndole al municipio.<\/p>\n<p>Pr\u00edncipi sostuvo: <em>\u201cDeseamos agradecer al Frente Mercedino que ha trabajado denodadamente en una organizaci\u00f3n perfecta, a los que brindaron espect\u00e1culos, a un ni\u00f1o que don\u00f3 800 pesos de su comuni\u00f3n que me gustar\u00eda conocer que tuvo un gesto enorme, para repetir y respetar. Lo importante es que se ha llegado a los 110 mil pesos a trav\u00e9s de un subsidio del vice gobernador Mariotto gestionado por medio del Dr. Ustarroz, otros que se ir\u00e1n gestionando, y todos lo que han comprado la tarjeta y concurrieron porque verdaderamente fue una fiesta que colm\u00f3 las expectativas de nosotros y de todos los que no pudieron ir, pero, que esperaban esto saliera bien. De las mil personas que todos los d\u00edas vienen al hospital\u201d.<\/em><\/p>\n<p>Tambi\u00e9n\u00a0afirm\u00f3: <em>\u201cAgradezco al Dr. Ustarroz por tenernos presentes, al farmac\u00e9utico Rosendo Rubiero por estar atento a las necesidades. Este es un primer paso. El segundo va a ser la entrega de un listado que ya le hice al Dr. Ustarroz con necesidades b\u00e1sicas y despu\u00e9s sumar lo que tan importante es para nosotros que es el material humano. Esto es una relaci\u00f3n de trabajo que reci\u00e9n comienza. Es el primer y peque\u00f1o fruto y anhelamos que se puedan hacer m\u00e1s reuniones, pero, sobre todo quiero rescatar la muy buena predisposici\u00f3n de la gente del Frente Mercedino, de la Cooperadora y de todas aquellas personas que concurrieron o compraron la entrada. Much\u00edsimas gracias a toda esa gente y a los que no\u00a0pudieron\u00a0ir que no se preocupen porque va a haber una segunda cena para poder colaborar y dejar de lado los ego\u00edsmos en pos de un bien com\u00fan. Como dije en la reuni\u00f3n en esta noche somos todos de un mismo bando, del de la necesidad de la gente, en la necesidad de cambiar la historia de pediatr\u00eda\u201d.<\/em><\/p>\n<p>Sostuvo, a su vez, que: <em>\u201cSer\u00e1 destinado 100% destinado a pediatr\u00eda. Se buscar\u00e1n sean alba\u00f1iles de mercedes para poder tener el mejor presupuesto. Algunos corralones ya nos afirmaron nos dejar\u00e1n materiales a precio de costo\u201d<\/em><\/p>\n<p>&nbsp;<\/p>\n<p>&nbsp;<\/p>\n","protected":false},"excerpt":{"rendered":"<p>En conferencia de prensa realizada por la ma\u00f1ana de \u00e9ste mi\u00e9rcoles el director del Hospital local,Rodolgo Pr\u00edncipi dio detalles de &#8230; <a title=\"110 mil pesos para el Hospital. Fito agradeci\u00f3 al Frente Mercedino\" class=\"read-more\" href=\"https:\/\/www.hoymercedes.com.ar\/principal\/2012\/11\/15\/110-mil-pesos-para-el-hospital-fito-agradecio-al-frente-mercedino\/\" aria-label=\"Leer m\u00e1s sobre 110 mil pesos para el Hospital. Fito agradeci\u00f3 al Frente Mercedino\">Leer m\u00e1s<\/a><\/p>\n","protected":false},"author":1,"featured_media":0,"comment_status":"open","ping_status":"open","sticky":false,"template":"","format":"standard","meta":{"_monsterinsights_skip_tracking":false,"_monsterinsights_sitenote_active":false,"_monsterinsights_sitenote_note":"","_monsterinsights_sitenote_category":0,"jetpack_post_was_ever_published":false,"_jetpack_newsletter_access":"","_jetpack_dont_email_post_to_subs":false,"_jetpack_newsletter_tier_id":0,"_jetpack_memberships_contains_paywalled_content":false,"_jetpack_memberships_contains_paid_content":false,"footnotes":"","jetpack_publicize_message":"","jetpack_publicize_feature_enabled":true,"jetpack_social_post_already_shared":false,"jetpack_social_options":{"image_generator_settings":{"template":"highway","default_image_id":0,"font":"","enabled":false},"version":2},"_wpas_customize_per_network":false},"categories":[8],"tags":[532,2973,1143,69,585,540],"class_list":["post-17866","post","type-post","status-publish","format-standard","hentry","category-sociedad","tag-fito-principi","tag-frente-mercedina-para-la-victoria","tag-hospital-dubarru","tag-hospital-dubarry-mercedes","tag-juan-ustarroz","tag-juani-ustarroz","generate-columns","tablet-grid-50","mobile-grid-100","grid-parent","grid-50"],"jetpack_publicize_connections":[],"jetpack_featured_media_url":"","wps_subtitle":"","jetpack_sharing_enabled":true,"_links":{"self":[{"href":"https:\/\/www.hoymercedes.com.ar\/principal\/wp-json\/wp\/v2\/posts\/17866","targetHints":{"allow":["GET"]}}],"collection":[{"href":"https:\/\/www.hoymercedes.com.ar\/principal\/wp-json\/wp\/v2\/posts"}],"about":[{"href":"https:\/\/www.hoymercedes.com.ar\/principal\/wp-json\/wp\/v2\/types\/post"}],"author":[{"embeddable":true,"href":"https:\/\/www.hoymercedes.com.ar\/principal\/wp-json\/wp\/v2\/users\/1"}],"replies":[{"embeddable":true,"href":"https:\/\/www.hoymercedes.com.ar\/principal\/wp-json\/wp\/v2\/comments?post=17866"}],"version-history":[{"count":0,"href":"https:\/\/www.hoymercedes.com.ar\/principal\/wp-json\/wp\/v2\/posts\/17866\/revisions"}],"wp:attachment":[{"href":"https:\/\/www.hoymercedes.com.ar\/principal\/wp-json\/wp\/v2\/media?parent=17866"}],"wp:term":[{"taxonomy":"category","embeddable":true,"href":"https:\/\/www.hoymercedes.com.ar\/principal\/wp-json\/wp\/v2\/categories?post=17866"},{"taxonomy":"post_tag","embeddable":true,"href":"https:\/\/www.hoymercedes.com.ar\/principal\/wp-json\/wp\/v2\/tags?post=17866"}],"curies":[{"name":"wp","href":"https:\/\/api.w.org\/{rel}","templated":true}]}}