{"id":178668,"date":"2024-09-10T18:39:37","date_gmt":"2024-09-10T21:39:37","guid":{"rendered":"https:\/\/www.hoymercedes.com.ar\/principal\/?p=178668"},"modified":"2024-09-10T18:41:49","modified_gmt":"2024-09-10T21:41:49","slug":"choque-en-ruta-5-un-fallecido","status":"publish","type":"post","link":"https:\/\/www.hoymercedes.com.ar\/principal\/2024\/09\/10\/choque-en-ruta-5-un-fallecido\/","title":{"rendered":"Choque en ruta 5: un fallecido"},"content":{"rendered":"\n<p>En la noche del lunes, se produjo un nuevo siniestro vial sobre ruta 5 con el saldo fatal de una persona fallecida. El choque ocurri\u00f3 a la altura del kil\u00f3metro 145,500 , en cercan\u00edas de la localidad de Gorostiaga, jurisdicci\u00f3n del partido de Chivilcoy.<\/p>\n\n\n\n<figure class=\"wp-block-image size-full\"><img loading=\"lazy\" decoding=\"async\" width=\"800\" height=\"533\" data-attachment-id=\"178670\" data-permalink=\"https:\/\/www.hoymercedes.com.ar\/principal\/2024\/09\/10\/choque-en-ruta-5-un-fallecido\/facebook_1726004278818_7239386650663882025_copy_800x533\/#main\" data-orig-file=\"https:\/\/www.hoymercedes.com.ar\/principal\/wp-content\/uploads\/2024\/09\/facebook_1726004278818_7239386650663882025_copy_800x533.jpg\" data-orig-size=\"800,533\" data-comments-opened=\"0\" data-image-meta=\"{&quot;aperture&quot;:&quot;0&quot;,&quot;credit&quot;:&quot;&quot;,&quot;camera&quot;:&quot;&quot;,&quot;caption&quot;:&quot;&quot;,&quot;created_timestamp&quot;:&quot;0&quot;,&quot;copyright&quot;:&quot;&quot;,&quot;focal_length&quot;:&quot;0&quot;,&quot;iso&quot;:&quot;0&quot;,&quot;shutter_speed&quot;:&quot;0&quot;,&quot;title&quot;:&quot;&quot;,&quot;orientation&quot;:&quot;0&quot;}\" data-image-title=\"facebook_1726004278818_7239386650663882025_copy_800x533\" data-image-description=\"\" data-image-caption=\"\" data-large-file=\"https:\/\/www.hoymercedes.com.ar\/principal\/wp-content\/uploads\/2024\/09\/facebook_1726004278818_7239386650663882025_copy_800x533.jpg\" src=\"https:\/\/www.hoymercedes.com.ar\/principal\/wp-content\/uploads\/2024\/09\/facebook_1726004278818_7239386650663882025_copy_800x533.jpg\" alt=\"\" class=\"wp-image-178670\" srcset=\"https:\/\/www.hoymercedes.com.ar\/principal\/wp-content\/uploads\/2024\/09\/facebook_1726004278818_7239386650663882025_copy_800x533.jpg 800w, https:\/\/www.hoymercedes.com.ar\/principal\/wp-content\/uploads\/2024\/09\/facebook_1726004278818_7239386650663882025_copy_800x533-630x420.jpg 630w, https:\/\/www.hoymercedes.com.ar\/principal\/wp-content\/uploads\/2024\/09\/facebook_1726004278818_7239386650663882025_copy_800x533-150x100.jpg 150w, https:\/\/www.hoymercedes.com.ar\/principal\/wp-content\/uploads\/2024\/09\/facebook_1726004278818_7239386650663882025_copy_800x533-700x465.jpg 700w\" sizes=\"auto, (max-width: 800px) 100vw, 800px\" \/><\/figure>\n\n\n\n<p>Una pick up Volkswagen Amarok , color gris, dominio AB922RS ,que circulaba en sentido Chivilcoy-Suipacha, conducida por Pablo Martin Fescina , de 44 a\u00f1os , domiciliado en Bragado colision\u00f3 en forma frontal con en camion Iveco 440, color blanco , dominio AC422KO , con semirremolque jaula doble piso para transporte de animales vacunos en pie , que circulaba vac\u00edo, en sentido contrario.<\/p>\n\n\n\n<p>El siniestro se habr\u00eda producido cuando en aparente maniobra de adelantamiento, el conductor la pick up invade la mano contraria por donde circulaba el cami\u00f3n, que si bien su conductor intenta frenar no puede evitar la fuerte colisi\u00f3n en forma frontal.<\/p>\n\n\n\n<p>Desafortunadamente el conductor del la Volkswagen Amarok, conocido profesional de la salud, fallece en el acto quedando aprisionado dentro del habit\u00e1culo de donde fue rescatado, luego de ardua labor realizada por personal de Bomberos Voluntarios de Chivilcoy.<\/p>\n\n\n\n<figure class=\"wp-block-image size-full\"><img loading=\"lazy\" decoding=\"async\" width=\"800\" height=\"533\" data-attachment-id=\"178669\" data-permalink=\"https:\/\/www.hoymercedes.com.ar\/principal\/2024\/09\/10\/choque-en-ruta-5-un-fallecido\/facebook_1726004300177_7239386740251059580_copy_800x533\/#main\" data-orig-file=\"https:\/\/www.hoymercedes.com.ar\/principal\/wp-content\/uploads\/2024\/09\/facebook_1726004300177_7239386740251059580_copy_800x533.jpg\" data-orig-size=\"800,533\" data-comments-opened=\"0\" data-image-meta=\"{&quot;aperture&quot;:&quot;0&quot;,&quot;credit&quot;:&quot;&quot;,&quot;camera&quot;:&quot;&quot;,&quot;caption&quot;:&quot;&quot;,&quot;created_timestamp&quot;:&quot;0&quot;,&quot;copyright&quot;:&quot;&quot;,&quot;focal_length&quot;:&quot;0&quot;,&quot;iso&quot;:&quot;0&quot;,&quot;shutter_speed&quot;:&quot;0&quot;,&quot;title&quot;:&quot;&quot;,&quot;orientation&quot;:&quot;0&quot;}\" data-image-title=\"facebook_1726004300177_7239386740251059580_copy_800x533\" data-image-description=\"\" data-image-caption=\"\" data-large-file=\"https:\/\/www.hoymercedes.com.ar\/principal\/wp-content\/uploads\/2024\/09\/facebook_1726004300177_7239386740251059580_copy_800x533.jpg\" src=\"https:\/\/www.hoymercedes.com.ar\/principal\/wp-content\/uploads\/2024\/09\/facebook_1726004300177_7239386740251059580_copy_800x533.jpg\" alt=\"\" class=\"wp-image-178669\" srcset=\"https:\/\/www.hoymercedes.com.ar\/principal\/wp-content\/uploads\/2024\/09\/facebook_1726004300177_7239386740251059580_copy_800x533.jpg 800w, https:\/\/www.hoymercedes.com.ar\/principal\/wp-content\/uploads\/2024\/09\/facebook_1726004300177_7239386740251059580_copy_800x533-630x420.jpg 630w, https:\/\/www.hoymercedes.com.ar\/principal\/wp-content\/uploads\/2024\/09\/facebook_1726004300177_7239386740251059580_copy_800x533-150x100.jpg 150w, https:\/\/www.hoymercedes.com.ar\/principal\/wp-content\/uploads\/2024\/09\/facebook_1726004300177_7239386740251059580_copy_800x533-700x465.jpg 700w\" sizes=\"auto, (max-width: 800px) 100vw, 800px\" \/><\/figure>\n\n\n\n<p>El tr\u00e1nsito de la arteria nacional estuvo interrumpido hasta las 04:20 horas. Intervino Bomberos Voluntarios, ambulancias del Same, sub comisaria Dardo Garelli y Polic\u00eda Vial de Chivilcoy, personal del concesionario Corredores Viales y Polic\u00eda Cient\u00edfica Mercedes.<\/p>\n\n\n\n<p>Fuente Jorge Lasala de Suipacha <\/p>\n","protected":false},"excerpt":{"rendered":"<p>En la noche del lunes, se produjo un nuevo siniestro vial sobre ruta 5 con el saldo fatal de una &#8230; <a title=\"Choque en ruta 5: un fallecido\" class=\"read-more\" href=\"https:\/\/www.hoymercedes.com.ar\/principal\/2024\/09\/10\/choque-en-ruta-5-un-fallecido\/\" aria-label=\"Leer m\u00e1s sobre Choque en ruta 5: un fallecido\">Leer m\u00e1s<\/a><\/p>\n","protected":false},"author":1,"featured_media":178669,"comment_status":"closed","ping_status":"open","sticky":false,"template":"","format":"standard","meta":{"_monsterinsights_skip_tracking":false,"_monsterinsights_sitenote_active":false,"_monsterinsights_sitenote_note":"","_monsterinsights_sitenote_category":0,"jetpack_post_was_ever_published":false,"_jetpack_newsletter_access":"","_jetpack_dont_email_post_to_subs":false,"_jetpack_newsletter_tier_id":0,"_jetpack_memberships_contains_paywalled_content":false,"_jetpack_memberships_contains_paid_content":false,"footnotes":"","jetpack_publicize_message":"","jetpack_publicize_feature_enabled":true,"jetpack_social_post_already_shared":true,"jetpack_social_options":{"image_generator_settings":{"template":"highway","default_image_id":0,"font":"","enabled":false},"version":2},"_wpas_customize_per_network":false},"categories":[8],"tags":[],"class_list":["post-178668","post","type-post","status-publish","format-standard","has-post-thumbnail","hentry","category-sociedad","generate-columns","tablet-grid-50","mobile-grid-100","grid-parent","grid-50"],"jetpack_publicize_connections":[],"jetpack_featured_media_url":"https:\/\/www.hoymercedes.com.ar\/principal\/wp-content\/uploads\/2024\/09\/facebook_1726004300177_7239386740251059580_copy_800x533.jpg","wps_subtitle":"","jetpack_sharing_enabled":true,"_links":{"self":[{"href":"https:\/\/www.hoymercedes.com.ar\/principal\/wp-json\/wp\/v2\/posts\/178668","targetHints":{"allow":["GET"]}}],"collection":[{"href":"https:\/\/www.hoymercedes.com.ar\/principal\/wp-json\/wp\/v2\/posts"}],"about":[{"href":"https:\/\/www.hoymercedes.com.ar\/principal\/wp-json\/wp\/v2\/types\/post"}],"author":[{"embeddable":true,"href":"https:\/\/www.hoymercedes.com.ar\/principal\/wp-json\/wp\/v2\/users\/1"}],"replies":[{"embeddable":true,"href":"https:\/\/www.hoymercedes.com.ar\/principal\/wp-json\/wp\/v2\/comments?post=178668"}],"version-history":[{"count":0,"href":"https:\/\/www.hoymercedes.com.ar\/principal\/wp-json\/wp\/v2\/posts\/178668\/revisions"}],"wp:featuredmedia":[{"embeddable":true,"href":"https:\/\/www.hoymercedes.com.ar\/principal\/wp-json\/wp\/v2\/media\/178669"}],"wp:attachment":[{"href":"https:\/\/www.hoymercedes.com.ar\/principal\/wp-json\/wp\/v2\/media?parent=178668"}],"wp:term":[{"taxonomy":"category","embeddable":true,"href":"https:\/\/www.hoymercedes.com.ar\/principal\/wp-json\/wp\/v2\/categories?post=178668"},{"taxonomy":"post_tag","embeddable":true,"href":"https:\/\/www.hoymercedes.com.ar\/principal\/wp-json\/wp\/v2\/tags?post=178668"}],"curies":[{"name":"wp","href":"https:\/\/api.w.org\/{rel}","templated":true}]}}