{"id":178700,"date":"2024-09-11T16:14:59","date_gmt":"2024-09-11T19:14:59","guid":{"rendered":"https:\/\/www.hoymercedes.com.ar\/principal\/?p=178700"},"modified":"2024-09-11T16:15:01","modified_gmt":"2024-09-11T19:15:01","slug":"homenaje-a-empleados-del-colegio-de-abogados-por-sus-25-anos-de-servicio","status":"publish","type":"post","link":"https:\/\/www.hoymercedes.com.ar\/principal\/2024\/09\/11\/homenaje-a-empleados-del-colegio-de-abogados-por-sus-25-anos-de-servicio\/","title":{"rendered":"Homenaje a empleados del Colegio de Abogados por sus 25 a\u00f1os de servicio"},"content":{"rendered":"\n<p><em>Lucio Armando Mart\u00ednez, Manuel Oscar Mendoza y Mirian Rosana Moreno recibieron medallas en agradecimiento por su trayectoria.<\/em><\/p>\n\n\n\n<figure class=\"wp-block-image size-full\"><img loading=\"lazy\" decoding=\"async\" width=\"800\" height=\"472\" data-attachment-id=\"178701\" data-permalink=\"https:\/\/www.hoymercedes.com.ar\/principal\/2024\/09\/11\/homenaje-a-empleados-del-colegio-de-abogados-por-sus-25-anos-de-servicio\/img-20240911-wa0013_copy_800x472\/#main\" data-orig-file=\"https:\/\/www.hoymercedes.com.ar\/principal\/wp-content\/uploads\/2024\/09\/IMG-20240911-WA0013_copy_800x472.jpg\" data-orig-size=\"800,472\" data-comments-opened=\"0\" data-image-meta=\"{&quot;aperture&quot;:&quot;0&quot;,&quot;credit&quot;:&quot;&quot;,&quot;camera&quot;:&quot;&quot;,&quot;caption&quot;:&quot;&quot;,&quot;created_timestamp&quot;:&quot;0&quot;,&quot;copyright&quot;:&quot;&quot;,&quot;focal_length&quot;:&quot;0&quot;,&quot;iso&quot;:&quot;0&quot;,&quot;shutter_speed&quot;:&quot;0&quot;,&quot;title&quot;:&quot;&quot;,&quot;orientation&quot;:&quot;0&quot;}\" data-image-title=\"IMG-20240911-WA0013_copy_800x472\" data-image-description=\"\" data-image-caption=\"\" data-large-file=\"https:\/\/www.hoymercedes.com.ar\/principal\/wp-content\/uploads\/2024\/09\/IMG-20240911-WA0013_copy_800x472.jpg\" src=\"https:\/\/www.hoymercedes.com.ar\/principal\/wp-content\/uploads\/2024\/09\/IMG-20240911-WA0013_copy_800x472.jpg\" alt=\"\" class=\"wp-image-178701\" srcset=\"https:\/\/www.hoymercedes.com.ar\/principal\/wp-content\/uploads\/2024\/09\/IMG-20240911-WA0013_copy_800x472.jpg 800w, https:\/\/www.hoymercedes.com.ar\/principal\/wp-content\/uploads\/2024\/09\/IMG-20240911-WA0013_copy_800x472-630x372.jpg 630w, https:\/\/www.hoymercedes.com.ar\/principal\/wp-content\/uploads\/2024\/09\/IMG-20240911-WA0013_copy_800x472-150x89.jpg 150w\" sizes=\"auto, (max-width: 800px) 100vw, 800px\" \/><figcaption class=\"wp-element-caption\">De izquierda a derecha: Dr. Juli\u00e1n Oliva, Dr. Marcelo Mendiola, Sra. Mirian Moreno, Sr. Manuel Mendoza, Sr. Lucio Mart\u00ednez, Dr. Hern\u00e1n Salaverri, Dr. Horacio Vero.<\/figcaption><\/figure>\n\n\n\n<p>El martes 10 de septiembre a las 13 horas, se llev\u00f3 a cabo acto en honor a tres empleados del Colegio de Abogados que cumplieron 25 a\u00f1os de servicio en la instituci\u00f3n y a sus matriculados. Lucio Armando Mart\u00ednez, Manuel Oscar Mendoza y Mirian Rosana Moreno fueron los homenajeados en el Sal\u00f3n de Actos \u00abDr. Arturo Acu\u00f1a Anzorena\u00bb.<\/p>\n\n\n\n<p>El evento cont\u00f3 con la presencia de familiares, amigos, autoridades y ex autoridades del Colegio, as\u00ed como compa\u00f1eros y ex compa\u00f1eros de trabajo de los los tres agasajados.<\/p>\n\n\n\n<p>Durante la ceremonia, ofrecieron discursos el presidente del Colegio, Dr. Hern\u00e1n Alberto Salaverri, junto a los ex presidentes Dres. Horacio Alberto Vero y Juli\u00e1n Alberto Oliva, el ex consejero Dr. Pedro Mart\u00edn Aguirre, la ex empleada Vilma Bafundo y el gerente del Colegio, Dr. Marcelo Gabriel Mendiola. Adem\u00e1s, se ley\u00f3 una carta enviada por el ex presidente Dr. Mateo Laborde. Los oradores destacaron la dedicaci\u00f3n, el compromiso y la entrega de los homenajeados a lo largo de sus trayectorias, subrayando su sentido de pertenencia a la instituci\u00f3n.<\/p>\n\n\n\n<p>Despu\u00e9s de la entrega de presentes, los empleados reconocidos expresaron su agradecimiento. Manifestaron el orgullo de haber sido parte de la \u00abfamilia\u00bb del Colegio de Abogados durante tantos a\u00f1os y dedicaron c\u00e1lidas palabras a sus seres queridos por el apoyo recibido.<\/p>\n\n\n\n<p>El acto finaliz\u00f3 con un Vino de Honor y lunch en el foyer del Sal\u00f3n de Actos. <\/p>\n\n\n\n<p><\/p>\n","protected":false},"excerpt":{"rendered":"<p>Lucio Armando Mart\u00ednez, Manuel Oscar Mendoza y Mirian Rosana Moreno recibieron medallas en agradecimiento por su trayectoria. El martes 10 &#8230; <a title=\"Homenaje a empleados del Colegio de Abogados por sus 25 a\u00f1os de servicio\" class=\"read-more\" href=\"https:\/\/www.hoymercedes.com.ar\/principal\/2024\/09\/11\/homenaje-a-empleados-del-colegio-de-abogados-por-sus-25-anos-de-servicio\/\" aria-label=\"Leer m\u00e1s sobre Homenaje a empleados del Colegio de Abogados por sus 25 a\u00f1os de servicio\">Leer m\u00e1s<\/a><\/p>\n","protected":false},"author":1,"featured_media":178701,"comment_status":"closed","ping_status":"open","sticky":false,"template":"","format":"standard","meta":{"_monsterinsights_skip_tracking":false,"_monsterinsights_sitenote_active":false,"_monsterinsights_sitenote_note":"","_monsterinsights_sitenote_category":0,"jetpack_post_was_ever_published":false,"_jetpack_newsletter_access":"","_jetpack_dont_email_post_to_subs":false,"_jetpack_newsletter_tier_id":0,"_jetpack_memberships_contains_paywalled_content":false,"_jetpack_memberships_contains_paid_content":false,"footnotes":"","jetpack_publicize_message":"","jetpack_publicize_feature_enabled":true,"jetpack_social_post_already_shared":true,"jetpack_social_options":{"image_generator_settings":{"template":"highway","default_image_id":0,"font":"","enabled":false},"version":2},"_wpas_customize_per_network":false},"categories":[8],"tags":[],"class_list":["post-178700","post","type-post","status-publish","format-standard","has-post-thumbnail","hentry","category-sociedad","generate-columns","tablet-grid-50","mobile-grid-100","grid-parent","grid-50"],"jetpack_publicize_connections":[],"jetpack_featured_media_url":"https:\/\/www.hoymercedes.com.ar\/principal\/wp-content\/uploads\/2024\/09\/IMG-20240911-WA0013_copy_800x472.jpg","wps_subtitle":"","jetpack_sharing_enabled":true,"_links":{"self":[{"href":"https:\/\/www.hoymercedes.com.ar\/principal\/wp-json\/wp\/v2\/posts\/178700","targetHints":{"allow":["GET"]}}],"collection":[{"href":"https:\/\/www.hoymercedes.com.ar\/principal\/wp-json\/wp\/v2\/posts"}],"about":[{"href":"https:\/\/www.hoymercedes.com.ar\/principal\/wp-json\/wp\/v2\/types\/post"}],"author":[{"embeddable":true,"href":"https:\/\/www.hoymercedes.com.ar\/principal\/wp-json\/wp\/v2\/users\/1"}],"replies":[{"embeddable":true,"href":"https:\/\/www.hoymercedes.com.ar\/principal\/wp-json\/wp\/v2\/comments?post=178700"}],"version-history":[{"count":0,"href":"https:\/\/www.hoymercedes.com.ar\/principal\/wp-json\/wp\/v2\/posts\/178700\/revisions"}],"wp:featuredmedia":[{"embeddable":true,"href":"https:\/\/www.hoymercedes.com.ar\/principal\/wp-json\/wp\/v2\/media\/178701"}],"wp:attachment":[{"href":"https:\/\/www.hoymercedes.com.ar\/principal\/wp-json\/wp\/v2\/media?parent=178700"}],"wp:term":[{"taxonomy":"category","embeddable":true,"href":"https:\/\/www.hoymercedes.com.ar\/principal\/wp-json\/wp\/v2\/categories?post=178700"},{"taxonomy":"post_tag","embeddable":true,"href":"https:\/\/www.hoymercedes.com.ar\/principal\/wp-json\/wp\/v2\/tags?post=178700"}],"curies":[{"name":"wp","href":"https:\/\/api.w.org\/{rel}","templated":true}]}}