{"id":178749,"date":"2024-09-13T19:37:28","date_gmt":"2024-09-13T22:37:28","guid":{"rendered":"https:\/\/www.hoymercedes.com.ar\/principal\/?p=178749"},"modified":"2024-09-13T19:37:30","modified_gmt":"2024-09-13T22:37:30","slug":"realizan-abrazo-al-pami-para-pedir-dejen-de-recortar-medicamentos","status":"publish","type":"post","link":"https:\/\/www.hoymercedes.com.ar\/principal\/2024\/09\/13\/realizan-abrazo-al-pami-para-pedir-dejen-de-recortar-medicamentos\/","title":{"rendered":"Realizan abrazo al PAMI para pedir dejen de recortar medicamentos"},"content":{"rendered":"\n<figure class=\"wp-block-image size-full\"><img loading=\"lazy\" decoding=\"async\" width=\"969\" height=\"500\" data-attachment-id=\"178750\" data-permalink=\"https:\/\/www.hoymercedes.com.ar\/principal\/2024\/09\/13\/realizan-abrazo-al-pami-para-pedir-dejen-de-recortar-medicamentos\/abrazo-pami-2\/#main\" data-orig-file=\"https:\/\/www.hoymercedes.com.ar\/principal\/wp-content\/uploads\/2024\/09\/Abrazo-PAMI.2.jpg\" data-orig-size=\"969,500\" data-comments-opened=\"0\" data-image-meta=\"{&quot;aperture&quot;:&quot;0&quot;,&quot;credit&quot;:&quot;&quot;,&quot;camera&quot;:&quot;&quot;,&quot;caption&quot;:&quot;&quot;,&quot;created_timestamp&quot;:&quot;0&quot;,&quot;copyright&quot;:&quot;&quot;,&quot;focal_length&quot;:&quot;0&quot;,&quot;iso&quot;:&quot;0&quot;,&quot;shutter_speed&quot;:&quot;0&quot;,&quot;title&quot;:&quot;&quot;,&quot;orientation&quot;:&quot;0&quot;}\" data-image-title=\"Abrazo-PAMI.2\" data-image-description=\"&lt;p&gt;Realizan abrazo al PAMI para pedir dejen de recortar medicamentos&lt;\/p&gt;\n\" data-image-caption=\"&lt;p&gt;Realizan abrazo al PAMI para pedir dejen de recortar medicamentos&lt;\/p&gt;\n\" data-large-file=\"https:\/\/www.hoymercedes.com.ar\/principal\/wp-content\/uploads\/2024\/09\/Abrazo-PAMI.2.jpg\" src=\"https:\/\/www.hoymercedes.com.ar\/principal\/wp-content\/uploads\/2024\/09\/Abrazo-PAMI.2.jpg\" alt=\"\" class=\"wp-image-178750\" srcset=\"https:\/\/www.hoymercedes.com.ar\/principal\/wp-content\/uploads\/2024\/09\/Abrazo-PAMI.2.jpg 969w, https:\/\/www.hoymercedes.com.ar\/principal\/wp-content\/uploads\/2024\/09\/Abrazo-PAMI.2-630x325.jpg 630w, https:\/\/www.hoymercedes.com.ar\/principal\/wp-content\/uploads\/2024\/09\/Abrazo-PAMI.2-150x77.jpg 150w\" sizes=\"auto, (max-width: 969px) 100vw, 969px\" \/><\/figure>\n\n\n\n<p>Un grupo de jubilados y pensionados de distintos Centros y Agrupaciones se reunieron representativamente frente a la Sede del PAMI Mercedes con el objetivo de visibilizar la terrible situaci\u00f3n que est\u00e1n viviendo con la constante quita de prestaciones m\u00e9dicas y cobertudas de medicamentos.<\/p>\n\n\n\n<p><strong>Ajuste<\/strong><\/p>\n\n\n\n<p>Como es sabido y en todos los medios de comunicaci\u00f3n se enuncia los jubilados son los que m\u00e1s est\u00e1n afectados por el ajuste de Milei y Juntos, que se sabe con un mismo bloque de gobierno, y como se puede ver en Mercedes donde comparten actividades e incluso fotos unidos en las redes sociales.<\/p>\n\n\n\n<p><strong>Abrazo<\/strong><\/p>\n\n\n\n<p>Se realiz\u00f3 un abrazo simb\u00f3lico con pancartas en la sede PAMI de calle 25 y 16, que es dirigida por quien tiene doble cargo: Concejal y Directora del PAMI, Silvia Di Leo.<\/p>\n\n\n\n<p>El pedido era sencillo y sumamente humano: que frene la brutal decisi\u00f3n del gobierno de Juntos y Milei y de sacar cada vez m\u00e1s coberturas que son, b\u00e1sicamente, medicamentos para poder vivir.<\/p>\n\n\n\n<figure class=\"wp-block-image size-large\"><img loading=\"lazy\" decoding=\"async\" width=\"1024\" height=\"576\" data-attachment-id=\"178751\" data-permalink=\"https:\/\/www.hoymercedes.com.ar\/principal\/2024\/09\/13\/realizan-abrazo-al-pami-para-pedir-dejen-de-recortar-medicamentos\/abrazo-pami\/#main\" data-orig-file=\"https:\/\/www.hoymercedes.com.ar\/principal\/wp-content\/uploads\/2024\/09\/Abrazo-PAMI.jpg\" data-orig-size=\"1600,900\" data-comments-opened=\"0\" data-image-meta=\"{&quot;aperture&quot;:&quot;0&quot;,&quot;credit&quot;:&quot;&quot;,&quot;camera&quot;:&quot;&quot;,&quot;caption&quot;:&quot;&quot;,&quot;created_timestamp&quot;:&quot;0&quot;,&quot;copyright&quot;:&quot;&quot;,&quot;focal_length&quot;:&quot;0&quot;,&quot;iso&quot;:&quot;0&quot;,&quot;shutter_speed&quot;:&quot;0&quot;,&quot;title&quot;:&quot;&quot;,&quot;orientation&quot;:&quot;0&quot;}\" data-image-title=\"Abrazo-PAMI\" data-image-description=\"&lt;p&gt;Realizan abrazo al PAMI para pedir dejen de recortar medicamentos&lt;\/p&gt;\n\" data-image-caption=\"&lt;p&gt;Realizan abrazo al PAMI para pedir dejen de recortar medicamentos&lt;\/p&gt;\n\" data-large-file=\"https:\/\/www.hoymercedes.com.ar\/principal\/wp-content\/uploads\/2024\/09\/Abrazo-PAMI-1024x576.jpg\" src=\"https:\/\/www.hoymercedes.com.ar\/principal\/wp-content\/uploads\/2024\/09\/Abrazo-PAMI-1024x576.jpg\" alt=\"\" class=\"wp-image-178751\" srcset=\"https:\/\/www.hoymercedes.com.ar\/principal\/wp-content\/uploads\/2024\/09\/Abrazo-PAMI-1024x576.jpg 1024w, https:\/\/www.hoymercedes.com.ar\/principal\/wp-content\/uploads\/2024\/09\/Abrazo-PAMI-630x354.jpg 630w, https:\/\/www.hoymercedes.com.ar\/principal\/wp-content\/uploads\/2024\/09\/Abrazo-PAMI-150x84.jpg 150w, https:\/\/www.hoymercedes.com.ar\/principal\/wp-content\/uploads\/2024\/09\/Abrazo-PAMI-1536x864.jpg 1536w, https:\/\/www.hoymercedes.com.ar\/principal\/wp-content\/uploads\/2024\/09\/Abrazo-PAMI.jpg 1600w\" sizes=\"auto, (max-width: 1024px) 100vw, 1024px\" \/><\/figure>\n","protected":false},"excerpt":{"rendered":"<p>Un grupo de jubilados y pensionados de distintos Centros y Agrupaciones se reunieron representativamente frente a la Sede del PAMI &#8230; <a title=\"Realizan abrazo al PAMI para pedir dejen de recortar medicamentos\" class=\"read-more\" href=\"https:\/\/www.hoymercedes.com.ar\/principal\/2024\/09\/13\/realizan-abrazo-al-pami-para-pedir-dejen-de-recortar-medicamentos\/\" aria-label=\"Leer m\u00e1s sobre Realizan abrazo al PAMI para pedir dejen de recortar medicamentos\">Leer m\u00e1s<\/a><\/p>\n","protected":false},"author":1,"featured_media":178751,"comment_status":"closed","ping_status":"open","sticky":false,"template":"","format":"standard","meta":{"_monsterinsights_skip_tracking":false,"_monsterinsights_sitenote_active":false,"_monsterinsights_sitenote_note":"","_monsterinsights_sitenote_category":0,"jetpack_post_was_ever_published":false,"_jetpack_newsletter_access":"","_jetpack_dont_email_post_to_subs":false,"_jetpack_newsletter_tier_id":0,"_jetpack_memberships_contains_paywalled_content":false,"_jetpack_memberships_contains_paid_content":false,"footnotes":"","jetpack_publicize_message":"","jetpack_publicize_feature_enabled":true,"jetpack_social_post_already_shared":true,"jetpack_social_options":{"image_generator_settings":{"template":"highway","default_image_id":0,"font":"","enabled":false},"version":2},"_wpas_customize_per_network":false},"categories":[8],"tags":[],"class_list":["post-178749","post","type-post","status-publish","format-standard","has-post-thumbnail","hentry","category-sociedad","generate-columns","tablet-grid-50","mobile-grid-100","grid-parent","grid-50"],"jetpack_publicize_connections":[],"jetpack_featured_media_url":"https:\/\/www.hoymercedes.com.ar\/principal\/wp-content\/uploads\/2024\/09\/Abrazo-PAMI.jpg","wps_subtitle":"Ajuste brutal","jetpack_sharing_enabled":true,"_links":{"self":[{"href":"https:\/\/www.hoymercedes.com.ar\/principal\/wp-json\/wp\/v2\/posts\/178749","targetHints":{"allow":["GET"]}}],"collection":[{"href":"https:\/\/www.hoymercedes.com.ar\/principal\/wp-json\/wp\/v2\/posts"}],"about":[{"href":"https:\/\/www.hoymercedes.com.ar\/principal\/wp-json\/wp\/v2\/types\/post"}],"author":[{"embeddable":true,"href":"https:\/\/www.hoymercedes.com.ar\/principal\/wp-json\/wp\/v2\/users\/1"}],"replies":[{"embeddable":true,"href":"https:\/\/www.hoymercedes.com.ar\/principal\/wp-json\/wp\/v2\/comments?post=178749"}],"version-history":[{"count":0,"href":"https:\/\/www.hoymercedes.com.ar\/principal\/wp-json\/wp\/v2\/posts\/178749\/revisions"}],"wp:featuredmedia":[{"embeddable":true,"href":"https:\/\/www.hoymercedes.com.ar\/principal\/wp-json\/wp\/v2\/media\/178751"}],"wp:attachment":[{"href":"https:\/\/www.hoymercedes.com.ar\/principal\/wp-json\/wp\/v2\/media?parent=178749"}],"wp:term":[{"taxonomy":"category","embeddable":true,"href":"https:\/\/www.hoymercedes.com.ar\/principal\/wp-json\/wp\/v2\/categories?post=178749"},{"taxonomy":"post_tag","embeddable":true,"href":"https:\/\/www.hoymercedes.com.ar\/principal\/wp-json\/wp\/v2\/tags?post=178749"}],"curies":[{"name":"wp","href":"https:\/\/api.w.org\/{rel}","templated":true}]}}