{"id":178757,"date":"2024-09-13T21:41:49","date_gmt":"2024-09-14T00:41:49","guid":{"rendered":"https:\/\/www.hoymercedes.com.ar\/principal\/?p=178757"},"modified":"2024-09-13T21:41:50","modified_gmt":"2024-09-14T00:41:50","slug":"removieron-los-restos-del-puente-caido-en-olivera","status":"publish","type":"post","link":"https:\/\/www.hoymercedes.com.ar\/principal\/2024\/09\/13\/removieron-los-restos-del-puente-caido-en-olivera\/","title":{"rendered":"Removieron los restos del puente ca\u00eddo en Olivera"},"content":{"rendered":"\n<figure class=\"wp-block-image size-large\"><img loading=\"lazy\" decoding=\"async\" width=\"1024\" height=\"577\" data-attachment-id=\"178758\" data-permalink=\"https:\/\/www.hoymercedes.com.ar\/principal\/2024\/09\/13\/removieron-los-restos-del-puente-caido-en-olivera\/puente-olivera\/#main\" data-orig-file=\"https:\/\/www.hoymercedes.com.ar\/principal\/wp-content\/uploads\/2024\/09\/Puente-Olivera.jpg\" data-orig-size=\"1280,721\" data-comments-opened=\"0\" data-image-meta=\"{&quot;aperture&quot;:&quot;0&quot;,&quot;credit&quot;:&quot;&quot;,&quot;camera&quot;:&quot;&quot;,&quot;caption&quot;:&quot;&quot;,&quot;created_timestamp&quot;:&quot;0&quot;,&quot;copyright&quot;:&quot;&quot;,&quot;focal_length&quot;:&quot;0&quot;,&quot;iso&quot;:&quot;0&quot;,&quot;shutter_speed&quot;:&quot;0&quot;,&quot;title&quot;:&quot;&quot;,&quot;orientation&quot;:&quot;0&quot;}\" data-image-title=\"Puente-Olivera\" data-image-description=\"&lt;p&gt;Removieron los restos del puente ca\u00eddo en Olivera&lt;\/p&gt;\n\" data-image-caption=\"&lt;p&gt;Removieron los restos del puente ca\u00eddo en Olivera&lt;\/p&gt;\n\" data-large-file=\"https:\/\/www.hoymercedes.com.ar\/principal\/wp-content\/uploads\/2024\/09\/Puente-Olivera-1024x577.jpg\" src=\"https:\/\/www.hoymercedes.com.ar\/principal\/wp-content\/uploads\/2024\/09\/Puente-Olivera-1024x577.jpg\" alt=\"\" class=\"wp-image-178758\" srcset=\"https:\/\/www.hoymercedes.com.ar\/principal\/wp-content\/uploads\/2024\/09\/Puente-Olivera-1024x577.jpg 1024w, https:\/\/www.hoymercedes.com.ar\/principal\/wp-content\/uploads\/2024\/09\/Puente-Olivera-630x355.jpg 630w, https:\/\/www.hoymercedes.com.ar\/principal\/wp-content\/uploads\/2024\/09\/Puente-Olivera-150x84.jpg 150w, https:\/\/www.hoymercedes.com.ar\/principal\/wp-content\/uploads\/2024\/09\/Puente-Olivera.jpg 1280w\" sizes=\"auto, (max-width: 1024px) 100vw, 1024px\" \/><\/figure>\n\n\n\n<p>Tras haber sido destruido por un cami\u00f3n que <a href=\"https:\/\/www.hoymercedes.com.ar\/principal\/2024\/09\/12\/olivera-camion-arroyo-puente-peatonal-sobre-autovia-n5-video\/\">transportaba una retroexcavadora <\/a>durante la jornada de este viernes con gr\u00faas y personal t\u00e9cnico se removieron las estructuras del puente peatonal en la colectora de Olivera destruido. Recordemos que eso oblig\u00f3 a desviar el tr\u00e1nsito son sentido a Luj\u00e1n. Ahora est\u00e1 normalizado, aunque sin el mencionado paso peatonal.<\/p>\n\n\n\n<figure class=\"wp-block-image size-large\"><img loading=\"lazy\" decoding=\"async\" width=\"1024\" height=\"577\" data-attachment-id=\"178759\" data-permalink=\"https:\/\/www.hoymercedes.com.ar\/principal\/2024\/09\/13\/removieron-los-restos-del-puente-caido-en-olivera\/puente-olivera-2\/#main\" data-orig-file=\"https:\/\/www.hoymercedes.com.ar\/principal\/wp-content\/uploads\/2024\/09\/Puente-Olivera-2.jpg\" data-orig-size=\"1280,721\" data-comments-opened=\"0\" data-image-meta=\"{&quot;aperture&quot;:&quot;0&quot;,&quot;credit&quot;:&quot;&quot;,&quot;camera&quot;:&quot;&quot;,&quot;caption&quot;:&quot;&quot;,&quot;created_timestamp&quot;:&quot;0&quot;,&quot;copyright&quot;:&quot;&quot;,&quot;focal_length&quot;:&quot;0&quot;,&quot;iso&quot;:&quot;0&quot;,&quot;shutter_speed&quot;:&quot;0&quot;,&quot;title&quot;:&quot;&quot;,&quot;orientation&quot;:&quot;0&quot;}\" data-image-title=\"Puente-Olivera-2\" data-image-description=\"\" data-image-caption=\"\" data-large-file=\"https:\/\/www.hoymercedes.com.ar\/principal\/wp-content\/uploads\/2024\/09\/Puente-Olivera-2-1024x577.jpg\" src=\"https:\/\/www.hoymercedes.com.ar\/principal\/wp-content\/uploads\/2024\/09\/Puente-Olivera-2-1024x577.jpg\" alt=\"\" class=\"wp-image-178759\" srcset=\"https:\/\/www.hoymercedes.com.ar\/principal\/wp-content\/uploads\/2024\/09\/Puente-Olivera-2-1024x577.jpg 1024w, https:\/\/www.hoymercedes.com.ar\/principal\/wp-content\/uploads\/2024\/09\/Puente-Olivera-2-630x355.jpg 630w, https:\/\/www.hoymercedes.com.ar\/principal\/wp-content\/uploads\/2024\/09\/Puente-Olivera-2-150x84.jpg 150w, https:\/\/www.hoymercedes.com.ar\/principal\/wp-content\/uploads\/2024\/09\/Puente-Olivera-2.jpg 1280w\" sizes=\"auto, (max-width: 1024px) 100vw, 1024px\" \/><\/figure>\n\n\n\n<p><strong>Rotura<\/strong><\/p>\n\n\n\n<p>El pasado jueves un cami\u00f3n de gran porte pas\u00f3 por la colectora viniendo desde Luj\u00e1n con sentido a Mercedes pas\u00f3, pero su altura era demasiado y lo arrastr\u00f3, destruyendo una buena parte del mismo.<\/p>\n\n\n\n<p><strong>Remoci\u00f3n<\/strong><\/p>\n\n\n\n<p>Fue tras el siniestro que a primera hora de este viernes gr\u00faas lograron remover las grandes estructuras ca\u00eddas. Con ello se recuper\u00f3 el paso de la colectora y restituy\u00f3 el tr\u00e1nsito normal en sentido Mercedes \u2013 Luj\u00e1n, que era desviado para evitar peligros.<\/p>\n\n\n\n<figure class=\"wp-block-embed aligncenter is-type-wp-embed is-provider-hoymercedes-noticias-amp-servicios wp-block-embed-hoymercedes-noticias-amp-servicios\"><div class=\"wp-block-embed__wrapper\">\n<blockquote class=\"wp-embedded-content\" data-secret=\"1sqjWvqqFE\"><a href=\"https:\/\/www.hoymercedes.com.ar\/principal\/2024\/09\/12\/olivera-camion-arroyo-puente-peatonal-sobre-autovia-n5-video\/\">Olivera: Cami\u00f3n arroy\u00f3 puente peatonal sobre Autov\u00eda N\u00b05 (Video)<\/a><\/blockquote><iframe loading=\"lazy\" class=\"wp-embedded-content\" sandbox=\"allow-scripts\" security=\"restricted\" style=\"position: absolute; visibility: hidden;\" title=\"\u00abOlivera: Cami\u00f3n arroy\u00f3 puente peatonal sobre Autov\u00eda N\u00b05 (Video)\u00bb \u2014 HoyMercedes \/ Noticias &amp; Servicios \" src=\"https:\/\/www.hoymercedes.com.ar\/principal\/2024\/09\/12\/olivera-camion-arroyo-puente-peatonal-sobre-autovia-n5-video\/embed\/#?secret=x0FUqETffR#?secret=1sqjWvqqFE\" data-secret=\"1sqjWvqqFE\" width=\"600\" height=\"338\" frameborder=\"0\" marginwidth=\"0\" marginheight=\"0\" scrolling=\"no\"><\/iframe>\n<\/div><\/figure>\n","protected":false},"excerpt":{"rendered":"<p>Tras haber sido destruido por un cami\u00f3n que transportaba una retroexcavadora durante la jornada de este viernes con gr\u00faas y &#8230; <a title=\"Removieron los restos del puente ca\u00eddo en Olivera\" class=\"read-more\" href=\"https:\/\/www.hoymercedes.com.ar\/principal\/2024\/09\/13\/removieron-los-restos-del-puente-caido-en-olivera\/\" aria-label=\"Leer m\u00e1s sobre Removieron los restos del puente ca\u00eddo en Olivera\">Leer m\u00e1s<\/a><\/p>\n","protected":false},"author":1,"featured_media":178758,"comment_status":"closed","ping_status":"open","sticky":false,"template":"","format":"standard","meta":{"_monsterinsights_skip_tracking":false,"_monsterinsights_sitenote_active":false,"_monsterinsights_sitenote_note":"","_monsterinsights_sitenote_category":0,"jetpack_post_was_ever_published":false,"_jetpack_newsletter_access":"","_jetpack_dont_email_post_to_subs":false,"_jetpack_newsletter_tier_id":0,"_jetpack_memberships_contains_paywalled_content":false,"_jetpack_memberships_contains_paid_content":false,"footnotes":"","jetpack_publicize_message":"","jetpack_publicize_feature_enabled":true,"jetpack_social_post_already_shared":true,"jetpack_social_options":{"image_generator_settings":{"template":"highway","default_image_id":0,"font":"","enabled":false},"version":2},"_wpas_customize_per_network":false},"categories":[8],"tags":[19771,19772],"class_list":["post-178757","post","type-post","status-publish","format-standard","has-post-thumbnail","hentry","category-sociedad","tag-puente-peatonal-olivera","tag-rotura-de-puente-mercedes","generate-columns","tablet-grid-50","mobile-grid-100","grid-parent","grid-50"],"jetpack_publicize_connections":[],"jetpack_featured_media_url":"https:\/\/www.hoymercedes.com.ar\/principal\/wp-content\/uploads\/2024\/09\/Puente-Olivera.jpg","wps_subtitle":"Siniestro vial","jetpack_sharing_enabled":true,"_links":{"self":[{"href":"https:\/\/www.hoymercedes.com.ar\/principal\/wp-json\/wp\/v2\/posts\/178757","targetHints":{"allow":["GET"]}}],"collection":[{"href":"https:\/\/www.hoymercedes.com.ar\/principal\/wp-json\/wp\/v2\/posts"}],"about":[{"href":"https:\/\/www.hoymercedes.com.ar\/principal\/wp-json\/wp\/v2\/types\/post"}],"author":[{"embeddable":true,"href":"https:\/\/www.hoymercedes.com.ar\/principal\/wp-json\/wp\/v2\/users\/1"}],"replies":[{"embeddable":true,"href":"https:\/\/www.hoymercedes.com.ar\/principal\/wp-json\/wp\/v2\/comments?post=178757"}],"version-history":[{"count":0,"href":"https:\/\/www.hoymercedes.com.ar\/principal\/wp-json\/wp\/v2\/posts\/178757\/revisions"}],"wp:featuredmedia":[{"embeddable":true,"href":"https:\/\/www.hoymercedes.com.ar\/principal\/wp-json\/wp\/v2\/media\/178758"}],"wp:attachment":[{"href":"https:\/\/www.hoymercedes.com.ar\/principal\/wp-json\/wp\/v2\/media?parent=178757"}],"wp:term":[{"taxonomy":"category","embeddable":true,"href":"https:\/\/www.hoymercedes.com.ar\/principal\/wp-json\/wp\/v2\/categories?post=178757"},{"taxonomy":"post_tag","embeddable":true,"href":"https:\/\/www.hoymercedes.com.ar\/principal\/wp-json\/wp\/v2\/tags?post=178757"}],"curies":[{"name":"wp","href":"https:\/\/api.w.org\/{rel}","templated":true}]}}