{"id":178784,"date":"2024-09-15T14:23:00","date_gmt":"2024-09-15T17:23:00","guid":{"rendered":"https:\/\/www.hoymercedes.com.ar\/principal\/?p=178784"},"modified":"2024-09-14T09:29:27","modified_gmt":"2024-09-14T12:29:27","slug":"anuncian-el-39-salon-de-pintura-del-colegio-de-abogados","status":"publish","type":"post","link":"https:\/\/www.hoymercedes.com.ar\/principal\/2024\/09\/15\/anuncian-el-39-salon-de-pintura-del-colegio-de-abogados\/","title":{"rendered":"Anuncian el 39\u00b0 Sal\u00f3n de Pintura del Colegio de Abogados"},"content":{"rendered":"\n<p>La Comisi\u00f3n de Extensi\u00f3n Socio-Cultural del Colegio de Abogados del Departamento Judicial de Mercedes anuncia el lanzamiento del 39\u00b0 Sal\u00f3n Anual de Pintura. Este evento, que se ha convertido en una tradici\u00f3n dentro del \u00e1mbito cultural de la regi\u00f3n, se llevar\u00e1 a cabo en la sede del Colegio de Abogados, ubicada en Calle 24 N\u00b0 705, 2\u00b0 Piso, Mercedes (B).<\/p>\n\n\n<div class=\"wp-block-image\">\n<figure class=\"aligncenter size-full\"><img loading=\"lazy\" decoding=\"async\" width=\"842\" height=\"595\" data-attachment-id=\"178785\" data-permalink=\"https:\/\/www.hoymercedes.com.ar\/principal\/2024\/09\/15\/anuncian-el-39-salon-de-pintura-del-colegio-de-abogados\/salon-de-pintura-2024-a4-baja\/#main\" data-orig-file=\"https:\/\/www.hoymercedes.com.ar\/principal\/wp-content\/uploads\/2024\/09\/SALON-DE-PINTURA-2024-A4-baja.jpg\" data-orig-size=\"842,595\" data-comments-opened=\"0\" data-image-meta=\"{&quot;aperture&quot;:&quot;0&quot;,&quot;credit&quot;:&quot;&quot;,&quot;camera&quot;:&quot;&quot;,&quot;caption&quot;:&quot;&quot;,&quot;created_timestamp&quot;:&quot;0&quot;,&quot;copyright&quot;:&quot;&quot;,&quot;focal_length&quot;:&quot;0&quot;,&quot;iso&quot;:&quot;0&quot;,&quot;shutter_speed&quot;:&quot;0&quot;,&quot;title&quot;:&quot;&quot;,&quot;orientation&quot;:&quot;0&quot;}\" data-image-title=\"SALON DE PINTURA 2024 A4 baja\" data-image-description=\"\" data-image-caption=\"\" data-large-file=\"https:\/\/www.hoymercedes.com.ar\/principal\/wp-content\/uploads\/2024\/09\/SALON-DE-PINTURA-2024-A4-baja.jpg\" src=\"https:\/\/www.hoymercedes.com.ar\/principal\/wp-content\/uploads\/2024\/09\/SALON-DE-PINTURA-2024-A4-baja.jpg\" alt=\"\" class=\"wp-image-178785\" srcset=\"https:\/\/www.hoymercedes.com.ar\/principal\/wp-content\/uploads\/2024\/09\/SALON-DE-PINTURA-2024-A4-baja.jpg 842w, https:\/\/www.hoymercedes.com.ar\/principal\/wp-content\/uploads\/2024\/09\/SALON-DE-PINTURA-2024-A4-baja-630x445.jpg 630w, https:\/\/www.hoymercedes.com.ar\/principal\/wp-content\/uploads\/2024\/09\/SALON-DE-PINTURA-2024-A4-baja-150x106.jpg 150w, https:\/\/www.hoymercedes.com.ar\/principal\/wp-content\/uploads\/2024\/09\/SALON-DE-PINTURA-2024-A4-baja-120x85.jpg 120w\" sizes=\"auto, (max-width: 842px) 100vw, 842px\" \/><\/figure>\n<\/div>\n\n\n<p>El certamen est\u00e1 dirigido a artistas pl\u00e1sticos mayores de edad que residan en la Provincia de Buenos Aires, quienes podr\u00e1n participar con obras originales de pintura que no hayan sido presentadas en otras muestras o salones. Este a\u00f1o, se han establecido importantes premios, destacando un\u00a0Primer Premio Adquisici\u00f3n de $500.000 (pesos quinientos mil), acompa\u00f1ado de una medalla y diploma.<\/p>\n\n\n\n<p><strong>Fechas clave del certamen:<\/strong><\/p>\n\n\n\n<ul class=\"wp-block-list\">\n<li><strong>Recepci\u00f3n de obras:<\/strong>\u00a0Del 21 al 25 de octubre de 2024, de 8:30 a 13:00 horas.<\/li>\n\n\n\n<li><strong>Actuaci\u00f3n del jurado:<\/strong>\u00a0S\u00e1bado 26 de octubre de 2024.<\/li>\n\n\n\n<li><strong>Acto de entrega de premios e inauguraci\u00f3n:<\/strong>\u00a0S\u00e1bado 2 de noviembre de 2024, a las 19:00 horas.<\/li>\n\n\n\n<li><strong>Exposici\u00f3n de las obras:<\/strong>\u00a0Del 4 al 8 de noviembre de 2024, de 8:30 a 13:30 horas.<\/li>\n<\/ul>\n\n\n\n<p>El jurado, compuesto por destacados artistas pl\u00e1sticos de reconocida trayectoria, tendr\u00e1 la tarea de seleccionar las obras que formar\u00e1n parte de la exposici\u00f3n y de otorgar los premios correspondientes. Adem\u00e1s del Primer Premio, se entregar\u00e1n medallas y diplomas para el Segundo, Tercer y Cuarto lugar. El jurado tambi\u00e9n podr\u00e1 otorgar menciones especiales a aquellas obras que consideren con m\u00e9ritos suficientes.<\/p>\n\n\n\n<p>Para acceder al reglamento completo y obtener m\u00e1s informaci\u00f3n, los interesados pueden visitar&nbsp;<a rel=\"noreferrer noopener\" target=\"_blank\" href=\"https:\/\/www.camercedes.org.ar\/se-realizara-el-39-salon-de-pintura\/\">la p\u00e1gina web del Colegio<\/a>&nbsp;o contactar a trav\u00e9s del tel\u00e9fono 02324-426700 int. 315 o del correo electr\u00f3nico&nbsp;<a rel=\"noreferrer noopener\" target=\"_blank\" href=\"mailto:mesaentrada2@camercedes.org.ar\">mesaentrada2@camercedes.org.ar<\/a><\/p>\n\n\n\n<p><\/p>\n\n\n\n<p><em>Fuente: Prensa CADJ Me<\/em>rcedes<\/p>\n\n\n\n<p><\/p>\n","protected":false},"excerpt":{"rendered":"<p>La Comisi\u00f3n de Extensi\u00f3n Socio-Cultural del Colegio de Abogados del Departamento Judicial de Mercedes anuncia el lanzamiento del 39\u00b0 Sal\u00f3n &#8230; <a title=\"Anuncian el 39\u00b0 Sal\u00f3n de Pintura del Colegio de Abogados\" class=\"read-more\" href=\"https:\/\/www.hoymercedes.com.ar\/principal\/2024\/09\/15\/anuncian-el-39-salon-de-pintura-del-colegio-de-abogados\/\" aria-label=\"Leer m\u00e1s sobre Anuncian el 39\u00b0 Sal\u00f3n de Pintura del Colegio de Abogados\">Leer m\u00e1s<\/a><\/p>\n","protected":false},"author":1,"featured_media":178785,"comment_status":"closed","ping_status":"open","sticky":false,"template":"","format":"standard","meta":{"_monsterinsights_skip_tracking":false,"_monsterinsights_sitenote_active":false,"_monsterinsights_sitenote_note":"","_monsterinsights_sitenote_category":0,"jetpack_post_was_ever_published":false,"_jetpack_newsletter_access":"","_jetpack_dont_email_post_to_subs":false,"_jetpack_newsletter_tier_id":0,"_jetpack_memberships_contains_paywalled_content":false,"_jetpack_memberships_contains_paid_content":false,"footnotes":"","jetpack_publicize_message":"","jetpack_publicize_feature_enabled":true,"jetpack_social_post_already_shared":true,"jetpack_social_options":{"image_generator_settings":{"template":"highway","default_image_id":0,"font":"","enabled":false},"version":2},"_wpas_customize_per_network":false},"categories":[8],"tags":[],"class_list":["post-178784","post","type-post","status-publish","format-standard","has-post-thumbnail","hentry","category-sociedad","generate-columns","tablet-grid-50","mobile-grid-100","grid-parent","grid-50"],"jetpack_publicize_connections":[],"jetpack_featured_media_url":"https:\/\/www.hoymercedes.com.ar\/principal\/wp-content\/uploads\/2024\/09\/SALON-DE-PINTURA-2024-A4-baja.jpg","wps_subtitle":"","jetpack_sharing_enabled":true,"_links":{"self":[{"href":"https:\/\/www.hoymercedes.com.ar\/principal\/wp-json\/wp\/v2\/posts\/178784","targetHints":{"allow":["GET"]}}],"collection":[{"href":"https:\/\/www.hoymercedes.com.ar\/principal\/wp-json\/wp\/v2\/posts"}],"about":[{"href":"https:\/\/www.hoymercedes.com.ar\/principal\/wp-json\/wp\/v2\/types\/post"}],"author":[{"embeddable":true,"href":"https:\/\/www.hoymercedes.com.ar\/principal\/wp-json\/wp\/v2\/users\/1"}],"replies":[{"embeddable":true,"href":"https:\/\/www.hoymercedes.com.ar\/principal\/wp-json\/wp\/v2\/comments?post=178784"}],"version-history":[{"count":0,"href":"https:\/\/www.hoymercedes.com.ar\/principal\/wp-json\/wp\/v2\/posts\/178784\/revisions"}],"wp:featuredmedia":[{"embeddable":true,"href":"https:\/\/www.hoymercedes.com.ar\/principal\/wp-json\/wp\/v2\/media\/178785"}],"wp:attachment":[{"href":"https:\/\/www.hoymercedes.com.ar\/principal\/wp-json\/wp\/v2\/media?parent=178784"}],"wp:term":[{"taxonomy":"category","embeddable":true,"href":"https:\/\/www.hoymercedes.com.ar\/principal\/wp-json\/wp\/v2\/categories?post=178784"},{"taxonomy":"post_tag","embeddable":true,"href":"https:\/\/www.hoymercedes.com.ar\/principal\/wp-json\/wp\/v2\/tags?post=178784"}],"curies":[{"name":"wp","href":"https:\/\/api.w.org\/{rel}","templated":true}]}}