{"id":178831,"date":"2024-09-16T18:04:16","date_gmt":"2024-09-16T21:04:16","guid":{"rendered":"https:\/\/www.hoymercedes.com.ar\/principal\/?p=178831"},"modified":"2024-09-16T18:04:18","modified_gmt":"2024-09-16T21:04:18","slug":"muestra-mundos-sutiles-con-vestigios-del-ser","status":"publish","type":"post","link":"https:\/\/www.hoymercedes.com.ar\/principal\/2024\/09\/16\/muestra-mundos-sutiles-con-vestigios-del-ser\/","title":{"rendered":"Muestra: Mundos sutiles con Vestigios del Ser"},"content":{"rendered":"\n<p>Unu nueva muestra se inaugura este viernes 20 de septiembre en el Colegio de Arquitectos &#8211; Distrito 5. A partir de las 20:30, abrir\u00e1 sus puertas la exposici\u00f3n de las artistas Laura Parras, con su muestra titulada \u201cMundos Sutiles\u201d (dibujo y pintura), y Laura Gianfrini, con su muestra titulada \u201cVestigios del Ser\u201d (grabado).<\/p>\n\n\n\n<figure class=\"wp-block-image size-full\"><img loading=\"lazy\" decoding=\"async\" width=\"927\" height=\"664\" data-attachment-id=\"178835\" data-permalink=\"https:\/\/www.hoymercedes.com.ar\/principal\/2024\/09\/16\/muestra-mundos-sutiles-con-vestigios-del-ser\/img-20240916-wa0008\/#main\" data-orig-file=\"https:\/\/www.hoymercedes.com.ar\/principal\/wp-content\/uploads\/2024\/09\/IMG-20240916-WA0008.jpg\" data-orig-size=\"927,664\" data-comments-opened=\"0\" data-image-meta=\"{&quot;aperture&quot;:&quot;0&quot;,&quot;credit&quot;:&quot;&quot;,&quot;camera&quot;:&quot;&quot;,&quot;caption&quot;:&quot;&quot;,&quot;created_timestamp&quot;:&quot;0&quot;,&quot;copyright&quot;:&quot;&quot;,&quot;focal_length&quot;:&quot;0&quot;,&quot;iso&quot;:&quot;0&quot;,&quot;shutter_speed&quot;:&quot;0&quot;,&quot;title&quot;:&quot;&quot;,&quot;orientation&quot;:&quot;0&quot;}\" data-image-title=\"IMG-20240916-WA0008\" data-image-description=\"\" data-image-caption=\"\" data-large-file=\"https:\/\/www.hoymercedes.com.ar\/principal\/wp-content\/uploads\/2024\/09\/IMG-20240916-WA0008.jpg\" src=\"https:\/\/www.hoymercedes.com.ar\/principal\/wp-content\/uploads\/2024\/09\/IMG-20240916-WA0008.jpg\" alt=\"\" class=\"wp-image-178835\" srcset=\"https:\/\/www.hoymercedes.com.ar\/principal\/wp-content\/uploads\/2024\/09\/IMG-20240916-WA0008.jpg 927w, https:\/\/www.hoymercedes.com.ar\/principal\/wp-content\/uploads\/2024\/09\/IMG-20240916-WA0008-630x451.jpg 630w, https:\/\/www.hoymercedes.com.ar\/principal\/wp-content\/uploads\/2024\/09\/IMG-20240916-WA0008-150x107.jpg 150w, https:\/\/www.hoymercedes.com.ar\/principal\/wp-content\/uploads\/2024\/09\/IMG-20240916-WA0008-120x85.jpg 120w\" sizes=\"auto, (max-width: 927px) 100vw, 927px\" \/><\/figure>\n\n\n\n<p>\u201cMundos Sutiles \u00bb Laura Parras.<br>La artista Laura Parras presenta una serie de obras realizadas a partir de dibujos y pintura. Un proceso continuo y constante que lleva a cabo mediante exploraciones de t\u00e9cnicas visuales que reflejan su mirada po\u00e9tica sensible sobre los espacios humano-ambiente que habita. La serie corresponde a un conjunto de animales concebidos desde su imaginaci\u00f3n y observaci\u00f3n como seres que aguardan a ser descubiertos en la soledad de sus presencias, desapariciones y transformaciones. Seres que nos transportan a un espacio sin tiempo y nos abren la puerta a la conexi\u00f3n con otros mundos y emociones posibles.<\/p>\n\n\n\n<p>\u201cVestigios del Ser\u201d Laura Gianfrini<br>Esta muestra invita a una profunda introspecci\u00f3n sobre las huellas que cada ser humano acumula a lo largo de su existencia. \u201cVestigios del Ser\u00bb es una invitaci\u00f3n a recordar que cada huella, por m\u00e1s profunda o ligera que sea, contribuye a la historia del ser. Las obras nos confrontan record\u00e1ndonos que somos el resultado de nuestras vivencias, y que estas nos transforman, nos definen en cada etapa de nuestra existencia, ofreciendo una ventana hacia la introspecci\u00f3n y el autoconocimiento.<\/p>\n\n\n\n<p>Como todos los a\u00f1os , el Coordinador de este Ciclo de Arte del CAPBA5 es el Arq. Sebasti\u00e1n Bocca.<\/p>\n\n\n\n<p>El acceso a la muestra es libre y gratuito y se podr\u00e1 visitar tambi\u00e9n de lunes a viernes de 8 a 13 y de 14 a 16 horas. La exposici\u00f3n podr\u00e1 visitarse hasta el 4 de octubre.<\/p>\n\n\n\n<figure class=\"wp-block-image size-large\"><img loading=\"lazy\" decoding=\"async\" width=\"732\" height=\"1024\" data-attachment-id=\"178836\" data-permalink=\"https:\/\/www.hoymercedes.com.ar\/principal\/2024\/09\/16\/muestra-mundos-sutiles-con-vestigios-del-ser\/img-20240916-wa0007\/#main\" data-orig-file=\"https:\/\/www.hoymercedes.com.ar\/principal\/wp-content\/uploads\/2024\/09\/IMG-20240916-WA0007.jpg\" data-orig-size=\"1133,1586\" data-comments-opened=\"0\" data-image-meta=\"{&quot;aperture&quot;:&quot;0&quot;,&quot;credit&quot;:&quot;&quot;,&quot;camera&quot;:&quot;&quot;,&quot;caption&quot;:&quot;&quot;,&quot;created_timestamp&quot;:&quot;0&quot;,&quot;copyright&quot;:&quot;&quot;,&quot;focal_length&quot;:&quot;0&quot;,&quot;iso&quot;:&quot;0&quot;,&quot;shutter_speed&quot;:&quot;0&quot;,&quot;title&quot;:&quot;&quot;,&quot;orientation&quot;:&quot;0&quot;}\" data-image-title=\"IMG-20240916-WA0007\" data-image-description=\"\" data-image-caption=\"\" data-large-file=\"https:\/\/www.hoymercedes.com.ar\/principal\/wp-content\/uploads\/2024\/09\/IMG-20240916-WA0007-732x1024.jpg\" src=\"https:\/\/www.hoymercedes.com.ar\/principal\/wp-content\/uploads\/2024\/09\/IMG-20240916-WA0007-732x1024.jpg\" alt=\"\" class=\"wp-image-178836\" srcset=\"https:\/\/www.hoymercedes.com.ar\/principal\/wp-content\/uploads\/2024\/09\/IMG-20240916-WA0007-732x1024.jpg 732w, https:\/\/www.hoymercedes.com.ar\/principal\/wp-content\/uploads\/2024\/09\/IMG-20240916-WA0007-443x620.jpg 443w, https:\/\/www.hoymercedes.com.ar\/principal\/wp-content\/uploads\/2024\/09\/IMG-20240916-WA0007-107x150.jpg 107w, https:\/\/www.hoymercedes.com.ar\/principal\/wp-content\/uploads\/2024\/09\/IMG-20240916-WA0007-1097x1536.jpg 1097w, https:\/\/www.hoymercedes.com.ar\/principal\/wp-content\/uploads\/2024\/09\/IMG-20240916-WA0007.jpg 1133w\" sizes=\"auto, (max-width: 732px) 100vw, 732px\" \/><\/figure>\n","protected":false},"excerpt":{"rendered":"<p>Unu nueva muestra se inaugura este viernes 20 de septiembre en el Colegio de Arquitectos &#8211; Distrito 5. A partir &#8230; <a title=\"Muestra: Mundos sutiles con Vestigios del Ser\" class=\"read-more\" href=\"https:\/\/www.hoymercedes.com.ar\/principal\/2024\/09\/16\/muestra-mundos-sutiles-con-vestigios-del-ser\/\" aria-label=\"Leer m\u00e1s sobre Muestra: Mundos sutiles con Vestigios del Ser\">Leer m\u00e1s<\/a><\/p>\n","protected":false},"author":1,"featured_media":178835,"comment_status":"closed","ping_status":"open","sticky":false,"template":"","format":"standard","meta":{"_monsterinsights_skip_tracking":false,"_monsterinsights_sitenote_active":false,"_monsterinsights_sitenote_note":"","_monsterinsights_sitenote_category":0,"jetpack_post_was_ever_published":false,"_jetpack_newsletter_access":"","_jetpack_dont_email_post_to_subs":false,"_jetpack_newsletter_tier_id":0,"_jetpack_memberships_contains_paywalled_content":false,"_jetpack_memberships_contains_paid_content":false,"footnotes":"","jetpack_publicize_message":"","jetpack_publicize_feature_enabled":true,"jetpack_social_post_already_shared":true,"jetpack_social_options":{"image_generator_settings":{"template":"highway","default_image_id":0,"font":"","enabled":false},"version":2},"_wpas_customize_per_network":false},"categories":[8],"tags":[],"class_list":["post-178831","post","type-post","status-publish","format-standard","has-post-thumbnail","hentry","category-sociedad","generate-columns","tablet-grid-50","mobile-grid-100","grid-parent","grid-50"],"jetpack_publicize_connections":[],"jetpack_featured_media_url":"https:\/\/www.hoymercedes.com.ar\/principal\/wp-content\/uploads\/2024\/09\/IMG-20240916-WA0008.jpg","wps_subtitle":"","jetpack_sharing_enabled":true,"_links":{"self":[{"href":"https:\/\/www.hoymercedes.com.ar\/principal\/wp-json\/wp\/v2\/posts\/178831","targetHints":{"allow":["GET"]}}],"collection":[{"href":"https:\/\/www.hoymercedes.com.ar\/principal\/wp-json\/wp\/v2\/posts"}],"about":[{"href":"https:\/\/www.hoymercedes.com.ar\/principal\/wp-json\/wp\/v2\/types\/post"}],"author":[{"embeddable":true,"href":"https:\/\/www.hoymercedes.com.ar\/principal\/wp-json\/wp\/v2\/users\/1"}],"replies":[{"embeddable":true,"href":"https:\/\/www.hoymercedes.com.ar\/principal\/wp-json\/wp\/v2\/comments?post=178831"}],"version-history":[{"count":0,"href":"https:\/\/www.hoymercedes.com.ar\/principal\/wp-json\/wp\/v2\/posts\/178831\/revisions"}],"wp:featuredmedia":[{"embeddable":true,"href":"https:\/\/www.hoymercedes.com.ar\/principal\/wp-json\/wp\/v2\/media\/178835"}],"wp:attachment":[{"href":"https:\/\/www.hoymercedes.com.ar\/principal\/wp-json\/wp\/v2\/media?parent=178831"}],"wp:term":[{"taxonomy":"category","embeddable":true,"href":"https:\/\/www.hoymercedes.com.ar\/principal\/wp-json\/wp\/v2\/categories?post=178831"},{"taxonomy":"post_tag","embeddable":true,"href":"https:\/\/www.hoymercedes.com.ar\/principal\/wp-json\/wp\/v2\/tags?post=178831"}],"curies":[{"name":"wp","href":"https:\/\/api.w.org\/{rel}","templated":true}]}}