{"id":178889,"date":"2024-09-19T18:44:08","date_gmt":"2024-09-19T21:44:08","guid":{"rendered":"https:\/\/www.hoymercedes.com.ar\/principal\/?p=178889"},"modified":"2024-09-19T18:44:10","modified_gmt":"2024-09-19T21:44:10","slug":"temporal-mucha-lluvia-y-granizo-en-poco-tiempo-tambien-en-mercedes","status":"publish","type":"post","link":"https:\/\/www.hoymercedes.com.ar\/principal\/2024\/09\/19\/temporal-mucha-lluvia-y-granizo-en-poco-tiempo-tambien-en-mercedes\/","title":{"rendered":"Temporal: mucha lluvia y granizo en poco tiempo tambi\u00e9n en Mercedes"},"content":{"rendered":"\n<p><\/p>\n\n\n\n<p>Los registros determinaron que cay\u00f3 una importante cantidad de agua en relativamente poco tiempo. Tambi\u00e9n se vivenci\u00f3 el fen\u00f3meno de ca\u00edda de piedras. En Mercedes result\u00f3 un poco menor, pero si se not\u00f3 en la regi\u00f3n.<\/p>\n\n\n\n<p>Seg\u00fan informe de Protecci\u00f3n Civil el registro clim\u00e1tico fue:<\/p>\n\n\n\n<p>11 mm de lluvia ca\u00edda en la zona rural<\/p>\n\n\n\n<p>25 mm de lluvia ca\u00edda en la zona c\u00e9ntrica<\/p>\n\n\n\n<p>En el lapso de tan solo 15m hubo una gran ca\u00edda de lluvia, lo que gener\u00f3 el acumulamiento en algunos sectores, luego con la merma se dren\u00f3 como corresponde.<\/p>\n\n\n\n<p>Hubo adem\u00e1s dos tandas de ca\u00edda de granizo chico.<\/p>\n\n\n\n<p><strong>Zona<\/strong><\/p>\n\n\n\n<p>En Luj\u00e1n, Suipacha, Chivilcol y, los registros fueron m\u00e1s grandes. En la primera de las localidades mencionadas el granizo fue realmente muy grande, generando abolladuras de autos y abnegaciones.<\/p>\n\n\n\n<p><strong>Alerta<\/strong><\/p>\n\n\n\n<p>Por el momento el alerta ya baj\u00f3 en su densidad y bravura para la zona.<\/p>\n","protected":false},"excerpt":{"rendered":"<p>Los registros determinaron que cay\u00f3 una importante cantidad de agua en relativamente poco tiempo. Tambi\u00e9n se vivenci\u00f3 el fen\u00f3meno de &#8230; <a title=\"Temporal: mucha lluvia y granizo en poco tiempo tambi\u00e9n en Mercedes\" class=\"read-more\" href=\"https:\/\/www.hoymercedes.com.ar\/principal\/2024\/09\/19\/temporal-mucha-lluvia-y-granizo-en-poco-tiempo-tambien-en-mercedes\/\" aria-label=\"Leer m\u00e1s sobre Temporal: mucha lluvia y granizo en poco tiempo tambi\u00e9n en Mercedes\">Leer m\u00e1s<\/a><\/p>\n","protected":false},"author":1,"featured_media":178890,"comment_status":"closed","ping_status":"open","sticky":false,"template":"","format":"standard","meta":{"_monsterinsights_skip_tracking":false,"_monsterinsights_sitenote_active":false,"_monsterinsights_sitenote_note":"","_monsterinsights_sitenote_category":0,"jetpack_post_was_ever_published":false,"_jetpack_newsletter_access":"","_jetpack_dont_email_post_to_subs":false,"_jetpack_newsletter_tier_id":0,"_jetpack_memberships_contains_paywalled_content":false,"_jetpack_memberships_contains_paid_content":false,"footnotes":"","jetpack_publicize_message":"","jetpack_publicize_feature_enabled":true,"jetpack_social_post_already_shared":true,"jetpack_social_options":{"image_generator_settings":{"template":"highway","default_image_id":0,"font":"","enabled":false},"version":2},"_wpas_customize_per_network":false},"categories":[8],"tags":[],"class_list":["post-178889","post","type-post","status-publish","format-standard","has-post-thumbnail","hentry","category-sociedad","generate-columns","tablet-grid-50","mobile-grid-100","grid-parent","grid-50"],"jetpack_publicize_connections":[],"jetpack_featured_media_url":"https:\/\/www.hoymercedes.com.ar\/principal\/wp-content\/uploads\/2024\/09\/lluvia.jpg","wps_subtitle":"Fen\u00f3nemo temporal ","jetpack_sharing_enabled":true,"_links":{"self":[{"href":"https:\/\/www.hoymercedes.com.ar\/principal\/wp-json\/wp\/v2\/posts\/178889","targetHints":{"allow":["GET"]}}],"collection":[{"href":"https:\/\/www.hoymercedes.com.ar\/principal\/wp-json\/wp\/v2\/posts"}],"about":[{"href":"https:\/\/www.hoymercedes.com.ar\/principal\/wp-json\/wp\/v2\/types\/post"}],"author":[{"embeddable":true,"href":"https:\/\/www.hoymercedes.com.ar\/principal\/wp-json\/wp\/v2\/users\/1"}],"replies":[{"embeddable":true,"href":"https:\/\/www.hoymercedes.com.ar\/principal\/wp-json\/wp\/v2\/comments?post=178889"}],"version-history":[{"count":0,"href":"https:\/\/www.hoymercedes.com.ar\/principal\/wp-json\/wp\/v2\/posts\/178889\/revisions"}],"wp:featuredmedia":[{"embeddable":true,"href":"https:\/\/www.hoymercedes.com.ar\/principal\/wp-json\/wp\/v2\/media\/178890"}],"wp:attachment":[{"href":"https:\/\/www.hoymercedes.com.ar\/principal\/wp-json\/wp\/v2\/media?parent=178889"}],"wp:term":[{"taxonomy":"category","embeddable":true,"href":"https:\/\/www.hoymercedes.com.ar\/principal\/wp-json\/wp\/v2\/categories?post=178889"},{"taxonomy":"post_tag","embeddable":true,"href":"https:\/\/www.hoymercedes.com.ar\/principal\/wp-json\/wp\/v2\/tags?post=178889"}],"curies":[{"name":"wp","href":"https:\/\/api.w.org\/{rel}","templated":true}]}}