{"id":178899,"date":"2024-09-20T07:05:00","date_gmt":"2024-09-20T10:05:00","guid":{"rendered":"https:\/\/www.hoymercedes.com.ar\/principal\/?p=178899"},"modified":"2024-09-20T00:07:10","modified_gmt":"2024-09-20T03:07:10","slug":"en-agosto-cayo-un-17-2-el-consumo-de-las-familias","status":"publish","type":"post","link":"https:\/\/www.hoymercedes.com.ar\/principal\/2024\/09\/20\/en-agosto-cayo-un-17-2-el-consumo-de-las-familias\/","title":{"rendered":"En agost\u00f3 cay\u00f3 un 17.2% el consumo de las familias"},"content":{"rendered":"\n<p>En mercedes y el Pa\u00eds por las medidas de Milei el consumo masivo en Argentina sufri\u00f3 una contracci\u00f3n del 17,2% en agosto, el peor registro de los \u00faltimos a\u00f1os. Esta alarmante cifra, revelada por diversos estudios de mercado, pone de manifiesto la dif\u00edcil situaci\u00f3n econ\u00f3mica que atraviesa el pa\u00eds y plantea interrogantes sobre las perspectivas futuras.<\/p>\n\n\n\n<p><strong>\u00bfQu\u00e9 factores desencadenaron esta ca\u00edda?<\/strong><\/p>\n\n\n\n<p>Son m\u00faltiples los factores que confluyeron para generar esta abrupta disminuci\u00f3n del consumo:<\/p>\n\n\n\n<ul class=\"wp-block-list\">\n<li>Inflaci\u00f3n galopante: La elevada inflaci\u00f3n, que erosiona el poder adquisitivo de los salarios, ha llevado a los consumidores a reducir sus gastos en bienes no esenciales.<\/li>\n\n\n\n<li>Aumento de las tasas de inter\u00e9s: El endurecimiento de la pol\u00edtica monetaria, con el consiguiente aumento de las tasas de inter\u00e9s, ha encarecido el cr\u00e9dito y desalentado el consumo.<\/li>\n\n\n\n<li>Incertidumbre econ\u00f3mica: La volatilidad del tipo de cambio, sumado a las expectativas de devaluaci\u00f3n, generan un clima de incertidumbre que lleva a las familias a postergar sus compras.<\/li>\n\n\n\n<li>P\u00e9rdida del empleo y ca\u00edda del salario real: La p\u00e9rdida de empleos y la ca\u00edda del salario real, ajustados por inflaci\u00f3n, han reducido el ingreso disponible de los hogares.<\/li>\n<\/ul>\n\n\n\n<p><strong>Mercedes<\/strong><\/p>\n\n\n\n<p>Nuestra ciudad no es la excepci\u00f3n. Son varios los comercios que han cerrado y mudado incluso a sus propios domicilios tratando de salvar la situaci\u00f3n con ventas en l\u00eda.<\/p>\n\n\n\n<p>En el radio c\u00e9ntrico algunos tiene tarifas de energ\u00eda el\u00e9ctrica de m\u00e1s de medio mill\u00f3n de pesos, haciendo imposible sostener el negocio.<\/p>\n\n\n\n<p>El gas tambi\u00e9n tuvo un incremento del 800% para restaurantes y espacios de comida, subiendo todos los costos de producci\u00f3n y traslado al cliente.<\/p>\n","protected":false},"excerpt":{"rendered":"<p>En mercedes y el Pa\u00eds por las medidas de Milei el consumo masivo en Argentina sufri\u00f3 una contracci\u00f3n del 17,2% &#8230; <a title=\"En agost\u00f3 cay\u00f3 un 17.2% el consumo de las familias\" class=\"read-more\" href=\"https:\/\/www.hoymercedes.com.ar\/principal\/2024\/09\/20\/en-agosto-cayo-un-17-2-el-consumo-de-las-familias\/\" aria-label=\"Leer m\u00e1s sobre En agost\u00f3 cay\u00f3 un 17.2% el consumo de las familias\">Leer m\u00e1s<\/a><\/p>\n","protected":false},"author":1,"featured_media":176815,"comment_status":"closed","ping_status":"open","sticky":false,"template":"","format":"standard","meta":{"_monsterinsights_skip_tracking":false,"_monsterinsights_sitenote_active":false,"_monsterinsights_sitenote_note":"","_monsterinsights_sitenote_category":0,"jetpack_post_was_ever_published":false,"_jetpack_newsletter_access":"","_jetpack_dont_email_post_to_subs":false,"_jetpack_newsletter_tier_id":0,"_jetpack_memberships_contains_paywalled_content":false,"_jetpack_memberships_contains_paid_content":false,"footnotes":"","jetpack_publicize_message":"","jetpack_publicize_feature_enabled":true,"jetpack_social_post_already_shared":true,"jetpack_social_options":{"image_generator_settings":{"template":"highway","default_image_id":0,"font":"","enabled":false},"version":2},"_wpas_customize_per_network":false},"categories":[8],"tags":[19242,19791,13216],"class_list":["post-178899","post","type-post","status-publish","format-standard","has-post-thumbnail","hentry","category-sociedad","tag-caida-del-consumo","tag-cierre-de-comercios","tag-crisis-economica","generate-columns","tablet-grid-50","mobile-grid-100","grid-parent","grid-50"],"jetpack_publicize_connections":[],"jetpack_featured_media_url":"https:\/\/www.hoymercedes.com.ar\/principal\/wp-content\/uploads\/2024\/06\/centro-comercios.jpg","wps_subtitle":"Golpes al bolsillo ","jetpack_sharing_enabled":true,"_links":{"self":[{"href":"https:\/\/www.hoymercedes.com.ar\/principal\/wp-json\/wp\/v2\/posts\/178899","targetHints":{"allow":["GET"]}}],"collection":[{"href":"https:\/\/www.hoymercedes.com.ar\/principal\/wp-json\/wp\/v2\/posts"}],"about":[{"href":"https:\/\/www.hoymercedes.com.ar\/principal\/wp-json\/wp\/v2\/types\/post"}],"author":[{"embeddable":true,"href":"https:\/\/www.hoymercedes.com.ar\/principal\/wp-json\/wp\/v2\/users\/1"}],"replies":[{"embeddable":true,"href":"https:\/\/www.hoymercedes.com.ar\/principal\/wp-json\/wp\/v2\/comments?post=178899"}],"version-history":[{"count":0,"href":"https:\/\/www.hoymercedes.com.ar\/principal\/wp-json\/wp\/v2\/posts\/178899\/revisions"}],"wp:featuredmedia":[{"embeddable":true,"href":"https:\/\/www.hoymercedes.com.ar\/principal\/wp-json\/wp\/v2\/media\/176815"}],"wp:attachment":[{"href":"https:\/\/www.hoymercedes.com.ar\/principal\/wp-json\/wp\/v2\/media?parent=178899"}],"wp:term":[{"taxonomy":"category","embeddable":true,"href":"https:\/\/www.hoymercedes.com.ar\/principal\/wp-json\/wp\/v2\/categories?post=178899"},{"taxonomy":"post_tag","embeddable":true,"href":"https:\/\/www.hoymercedes.com.ar\/principal\/wp-json\/wp\/v2\/tags?post=178899"}],"curies":[{"name":"wp","href":"https:\/\/api.w.org\/{rel}","templated":true}]}}