{"id":178938,"date":"2024-09-21T17:26:23","date_gmt":"2024-09-21T20:26:23","guid":{"rendered":"https:\/\/www.hoymercedes.com.ar\/principal\/?p=178938"},"modified":"2024-09-21T17:26:25","modified_gmt":"2024-09-21T20:26:25","slug":"decomiso-de-pirotecnia-y-objetos-indebidos","status":"publish","type":"post","link":"https:\/\/www.hoymercedes.com.ar\/principal\/2024\/09\/21\/decomiso-de-pirotecnia-y-objetos-indebidos\/","title":{"rendered":"Decomiso de pirotecnia y objetos indebidos"},"content":{"rendered":"\n<figure class=\"wp-block-image size-full\"><img loading=\"lazy\" decoding=\"async\" width=\"1000\" height=\"600\" data-attachment-id=\"178939\" data-permalink=\"https:\/\/www.hoymercedes.com.ar\/principal\/2024\/09\/21\/decomiso-de-pirotecnia-y-objetos-indebidos\/decomiso-1\/#main\" data-orig-file=\"https:\/\/www.hoymercedes.com.ar\/principal\/wp-content\/uploads\/2024\/09\/Decomiso-1.jpg\" data-orig-size=\"1000,600\" data-comments-opened=\"0\" data-image-meta=\"{&quot;aperture&quot;:&quot;0&quot;,&quot;credit&quot;:&quot;&quot;,&quot;camera&quot;:&quot;&quot;,&quot;caption&quot;:&quot;&quot;,&quot;created_timestamp&quot;:&quot;0&quot;,&quot;copyright&quot;:&quot;&quot;,&quot;focal_length&quot;:&quot;0&quot;,&quot;iso&quot;:&quot;0&quot;,&quot;shutter_speed&quot;:&quot;0&quot;,&quot;title&quot;:&quot;&quot;,&quot;orientation&quot;:&quot;0&quot;}\" data-image-title=\"Decomiso-1\" data-image-description=\"\" data-image-caption=\"\" data-large-file=\"https:\/\/www.hoymercedes.com.ar\/principal\/wp-content\/uploads\/2024\/09\/Decomiso-1.jpg\" src=\"https:\/\/www.hoymercedes.com.ar\/principal\/wp-content\/uploads\/2024\/09\/Decomiso-1.jpg\" alt=\"Decomiso de pirotecnia y objetos indebidos\" class=\"wp-image-178939\" srcset=\"https:\/\/www.hoymercedes.com.ar\/principal\/wp-content\/uploads\/2024\/09\/Decomiso-1.jpg 1000w, https:\/\/www.hoymercedes.com.ar\/principal\/wp-content\/uploads\/2024\/09\/Decomiso-1-630x378.jpg 630w, https:\/\/www.hoymercedes.com.ar\/principal\/wp-content\/uploads\/2024\/09\/Decomiso-1-150x90.jpg 150w\" sizes=\"auto, (max-width: 1000px) 100vw, 1000px\" \/><\/figure>\n\n\n\n<p>La Secretar\u00eda de Seguridad efectu\u00f3 actas y decomisos a distintos espacios estudiantiles de diversas instituciones educativas por el uso de pirotecnia sonora, algo que est\u00e1 prohibido por ordenanza del Concejo Deliberante.<\/p>\n\n\n\n<p>Adem\u00e1s de las actas, hubo decomiso de la pirotecnia explosiva a integrantes de Parroquial, San Patricio y San Antonio.<\/p>\n\n\n\n<p>Un dato no menor es que tambi\u00e9n se secuestr\u00f3 un mu\u00f1eco con vestimenta de una instituci\u00f3n educativa que diferente a la de los involucrados, entendido como una eventual provocaci\u00f3n.<\/p>\n\n\n\n<figure class=\"wp-block-image size-full\"><img loading=\"lazy\" decoding=\"async\" width=\"1000\" height=\"600\" data-attachment-id=\"178941\" data-permalink=\"https:\/\/www.hoymercedes.com.ar\/principal\/2024\/09\/21\/decomiso-de-pirotecnia-y-objetos-indebidos\/decomiso-2-2\/#main\" data-orig-file=\"https:\/\/www.hoymercedes.com.ar\/principal\/wp-content\/uploads\/2024\/09\/Decomiso-2-1.jpg\" data-orig-size=\"1000,600\" data-comments-opened=\"0\" data-image-meta=\"{&quot;aperture&quot;:&quot;0&quot;,&quot;credit&quot;:&quot;&quot;,&quot;camera&quot;:&quot;&quot;,&quot;caption&quot;:&quot;&quot;,&quot;created_timestamp&quot;:&quot;0&quot;,&quot;copyright&quot;:&quot;&quot;,&quot;focal_length&quot;:&quot;0&quot;,&quot;iso&quot;:&quot;0&quot;,&quot;shutter_speed&quot;:&quot;0&quot;,&quot;title&quot;:&quot;&quot;,&quot;orientation&quot;:&quot;0&quot;}\" data-image-title=\"Decomiso de pirotecnia y objetos indebidos\" data-image-description=\"&lt;p&gt;Decomiso de pirotecnia y objetos indebidos&lt;\/p&gt;\n\" data-image-caption=\"&lt;p&gt;Decomiso de pirotecnia y objetos indebidos&lt;\/p&gt;\n\" data-large-file=\"https:\/\/www.hoymercedes.com.ar\/principal\/wp-content\/uploads\/2024\/09\/Decomiso-2-1.jpg\" src=\"https:\/\/www.hoymercedes.com.ar\/principal\/wp-content\/uploads\/2024\/09\/Decomiso-2-1.jpg\" alt=\"Decomiso de pirotecnia y objetos indebidos\" class=\"wp-image-178941\" srcset=\"https:\/\/www.hoymercedes.com.ar\/principal\/wp-content\/uploads\/2024\/09\/Decomiso-2-1.jpg 1000w, https:\/\/www.hoymercedes.com.ar\/principal\/wp-content\/uploads\/2024\/09\/Decomiso-2-1-630x378.jpg 630w, https:\/\/www.hoymercedes.com.ar\/principal\/wp-content\/uploads\/2024\/09\/Decomiso-2-1-150x90.jpg 150w\" sizes=\"auto, (max-width: 1000px) 100vw, 1000px\" \/><figcaption class=\"wp-element-caption\">Decomiso de pirotecnia y objetos indebidos<\/figcaption><\/figure>\n\n\n\n<p>Una situaci\u00f3n que se debi\u00f3 manejar con mucha sensibilidad fue el hecho de que hubo estudiantes de una reconocida instituci\u00f3n que se tornaron hostiles e incluso escupiendo al personal de control, protecci\u00f3n y cuidado.<\/p>\n\n\n\n<p>Los operativos, a la hora del presente informe contin\u00faan, siendo 7 ya las actas efectuadas a los integrantes de las instituciones mencionadas. Los padres responsables deber\u00e1n responder por las multas que se generen.<\/p>\n","protected":false},"excerpt":{"rendered":"<p>La Secretar\u00eda de Seguridad efectu\u00f3 actas y decomisos a distintos espacios estudiantiles de diversas instituciones educativas por el uso de &#8230; <a title=\"Decomiso de pirotecnia y objetos indebidos\" class=\"read-more\" href=\"https:\/\/www.hoymercedes.com.ar\/principal\/2024\/09\/21\/decomiso-de-pirotecnia-y-objetos-indebidos\/\" aria-label=\"Leer m\u00e1s sobre Decomiso de pirotecnia y objetos indebidos\">Leer m\u00e1s<\/a><\/p>\n","protected":false},"author":1,"featured_media":178941,"comment_status":"closed","ping_status":"open","sticky":false,"template":"","format":"standard","meta":{"_monsterinsights_skip_tracking":false,"_monsterinsights_sitenote_active":false,"_monsterinsights_sitenote_note":"","_monsterinsights_sitenote_category":0,"jetpack_post_was_ever_published":false,"_jetpack_newsletter_access":"","_jetpack_dont_email_post_to_subs":false,"_jetpack_newsletter_tier_id":0,"_jetpack_memberships_contains_paywalled_content":false,"_jetpack_memberships_contains_paid_content":false,"footnotes":"","jetpack_publicize_message":"","jetpack_publicize_feature_enabled":true,"jetpack_social_post_already_shared":true,"jetpack_social_options":{"image_generator_settings":{"template":"highway","default_image_id":0,"font":"","enabled":false},"version":2},"_wpas_customize_per_network":false},"categories":[8],"tags":[19793,12468],"class_list":["post-178938","post","type-post","status-publish","format-standard","has-post-thumbnail","hentry","category-sociedad","tag-decomiso-de-pirotecnia","tag-pirotecnia-sonora","generate-columns","tablet-grid-50","mobile-grid-100","grid-parent","grid-50"],"jetpack_publicize_connections":[],"jetpack_featured_media_url":"https:\/\/www.hoymercedes.com.ar\/principal\/wp-content\/uploads\/2024\/09\/Decomiso-2-1.jpg","wps_subtitle":"Control y prevenci\u00f3n ","jetpack_sharing_enabled":true,"_links":{"self":[{"href":"https:\/\/www.hoymercedes.com.ar\/principal\/wp-json\/wp\/v2\/posts\/178938","targetHints":{"allow":["GET"]}}],"collection":[{"href":"https:\/\/www.hoymercedes.com.ar\/principal\/wp-json\/wp\/v2\/posts"}],"about":[{"href":"https:\/\/www.hoymercedes.com.ar\/principal\/wp-json\/wp\/v2\/types\/post"}],"author":[{"embeddable":true,"href":"https:\/\/www.hoymercedes.com.ar\/principal\/wp-json\/wp\/v2\/users\/1"}],"replies":[{"embeddable":true,"href":"https:\/\/www.hoymercedes.com.ar\/principal\/wp-json\/wp\/v2\/comments?post=178938"}],"version-history":[{"count":0,"href":"https:\/\/www.hoymercedes.com.ar\/principal\/wp-json\/wp\/v2\/posts\/178938\/revisions"}],"wp:featuredmedia":[{"embeddable":true,"href":"https:\/\/www.hoymercedes.com.ar\/principal\/wp-json\/wp\/v2\/media\/178941"}],"wp:attachment":[{"href":"https:\/\/www.hoymercedes.com.ar\/principal\/wp-json\/wp\/v2\/media?parent=178938"}],"wp:term":[{"taxonomy":"category","embeddable":true,"href":"https:\/\/www.hoymercedes.com.ar\/principal\/wp-json\/wp\/v2\/categories?post=178938"},{"taxonomy":"post_tag","embeddable":true,"href":"https:\/\/www.hoymercedes.com.ar\/principal\/wp-json\/wp\/v2\/tags?post=178938"}],"curies":[{"name":"wp","href":"https:\/\/api.w.org\/{rel}","templated":true}]}}