{"id":178950,"date":"2024-09-21T18:22:44","date_gmt":"2024-09-21T21:22:44","guid":{"rendered":"https:\/\/www.hoymercedes.com.ar\/principal\/?p=178950"},"modified":"2024-09-21T18:22:45","modified_gmt":"2024-09-21T21:22:45","slug":"pirotecnia-padres-que-parecen-no-ensenan-bien-en-casa","status":"publish","type":"post","link":"https:\/\/www.hoymercedes.com.ar\/principal\/2024\/09\/21\/pirotecnia-padres-que-parecen-no-ensenan-bien-en-casa\/","title":{"rendered":"Pirotecnia: padres que parecen no ense\u00f1an bien en casa"},"content":{"rendered":"\n<p>La pirotecnia sonora en el d\u00eda de la primavera es una responsabilidad enorme de las familias e instituciones educativas. Cada padre y madre que da dinero directa o indirectamente deber\u00eda saber cu\u00e1l es el destino. Los j\u00f3venes es entendible no quieran respetar las normas, pero ah\u00ed es que el rol de los adultos se hace fundamental.<\/p>\n\n\n\n<p>Instituciones educativas tradicionales tampoco aportan lo que deber\u00edan.<\/p>\n\n\n\n<p>Con sus \u00ednfulas infunden que son m\u00e1s que otras, una competencia subterr\u00e1nea que no calma \u00e1nimos, ni da motivos para ser m\u00e1s solidarios con los dem\u00e1s y no usar pirotecnia, tirar papeles discriminatorios o hacer pintadas provocadoras.<\/p>\n\n\n\n<p>Es un combo donde siempre se acusa al Estado, a la Polic\u00eda o a alguna otra instituci\u00f3n, pero la realidad indica que quienes tienen el mayor peso a la hora de educar no lo est\u00e1n haciendo como la sociedad reclama, y no es de ahora, es de hace mucho.<\/p>\n\n\n\n<p>La mayor cantidad de horas de un joven, por d\u00eda, se dividen entre la casa, la escuela y eventualmente el club.<\/p>\n\n\n\n<p>Como sociedad podemos legislar, controlar, pedir, pero si quienes tiene un valor agregado para educar no lo hacen entonces es muy dif\u00edcil el resultado no sea el que se ve.<\/p>\n","protected":false},"excerpt":{"rendered":"<p>La pirotecnia sonora en el d\u00eda de la primavera es una responsabilidad enorme de las familias e instituciones educativas. Cada &#8230; <a title=\"Pirotecnia: padres que parecen no ense\u00f1an bien en casa\" class=\"read-more\" href=\"https:\/\/www.hoymercedes.com.ar\/principal\/2024\/09\/21\/pirotecnia-padres-que-parecen-no-ensenan-bien-en-casa\/\" aria-label=\"Leer m\u00e1s sobre Pirotecnia: padres que parecen no ense\u00f1an bien en casa\">Leer m\u00e1s<\/a><\/p>\n","protected":false},"author":1,"featured_media":178951,"comment_status":"closed","ping_status":"open","sticky":false,"template":"","format":"standard","meta":{"_monsterinsights_skip_tracking":false,"_monsterinsights_sitenote_active":false,"_monsterinsights_sitenote_note":"","_monsterinsights_sitenote_category":0,"jetpack_post_was_ever_published":false,"_jetpack_newsletter_access":"","_jetpack_dont_email_post_to_subs":false,"_jetpack_newsletter_tier_id":0,"_jetpack_memberships_contains_paywalled_content":false,"_jetpack_memberships_contains_paid_content":false,"footnotes":"","jetpack_publicize_message":"","jetpack_publicize_feature_enabled":true,"jetpack_social_post_already_shared":true,"jetpack_social_options":{"image_generator_settings":{"template":"highway","default_image_id":0,"font":"","enabled":false},"version":2},"_wpas_customize_per_network":false},"categories":[8],"tags":[],"class_list":["post-178950","post","type-post","status-publish","format-standard","has-post-thumbnail","hentry","category-sociedad","generate-columns","tablet-grid-50","mobile-grid-100","grid-parent","grid-50"],"jetpack_publicize_connections":[],"jetpack_featured_media_url":"https:\/\/www.hoymercedes.com.ar\/principal\/wp-content\/uploads\/2024\/09\/2.jpg","wps_subtitle":"Instituciones y Familias","jetpack_sharing_enabled":true,"_links":{"self":[{"href":"https:\/\/www.hoymercedes.com.ar\/principal\/wp-json\/wp\/v2\/posts\/178950","targetHints":{"allow":["GET"]}}],"collection":[{"href":"https:\/\/www.hoymercedes.com.ar\/principal\/wp-json\/wp\/v2\/posts"}],"about":[{"href":"https:\/\/www.hoymercedes.com.ar\/principal\/wp-json\/wp\/v2\/types\/post"}],"author":[{"embeddable":true,"href":"https:\/\/www.hoymercedes.com.ar\/principal\/wp-json\/wp\/v2\/users\/1"}],"replies":[{"embeddable":true,"href":"https:\/\/www.hoymercedes.com.ar\/principal\/wp-json\/wp\/v2\/comments?post=178950"}],"version-history":[{"count":0,"href":"https:\/\/www.hoymercedes.com.ar\/principal\/wp-json\/wp\/v2\/posts\/178950\/revisions"}],"wp:featuredmedia":[{"embeddable":true,"href":"https:\/\/www.hoymercedes.com.ar\/principal\/wp-json\/wp\/v2\/media\/178951"}],"wp:attachment":[{"href":"https:\/\/www.hoymercedes.com.ar\/principal\/wp-json\/wp\/v2\/media?parent=178950"}],"wp:term":[{"taxonomy":"category","embeddable":true,"href":"https:\/\/www.hoymercedes.com.ar\/principal\/wp-json\/wp\/v2\/categories?post=178950"},{"taxonomy":"post_tag","embeddable":true,"href":"https:\/\/www.hoymercedes.com.ar\/principal\/wp-json\/wp\/v2\/tags?post=178950"}],"curies":[{"name":"wp","href":"https:\/\/api.w.org\/{rel}","templated":true}]}}