{"id":178995,"date":"2024-09-23T14:15:16","date_gmt":"2024-09-23T17:15:16","guid":{"rendered":"https:\/\/www.hoymercedes.com.ar\/principal\/?p=178995"},"modified":"2024-09-23T14:15:17","modified_gmt":"2024-09-23T17:15:17","slug":"cristina-diez-gano-elecciones-en-el-almafuerte","status":"publish","type":"post","link":"https:\/\/www.hoymercedes.com.ar\/principal\/2024\/09\/23\/cristina-diez-gano-elecciones-en-el-almafuerte\/","title":{"rendered":"Cristina Diez gan\u00f3 elecciones en el Almafuerte"},"content":{"rendered":"\n<figure class=\"wp-block-image size-large\"><img loading=\"lazy\" decoding=\"async\" width=\"1024\" height=\"768\" data-attachment-id=\"178997\" data-permalink=\"https:\/\/www.hoymercedes.com.ar\/principal\/2024\/09\/23\/cristina-diez-gano-elecciones-en-el-almafuerte\/sociedaddefomento-almafuerte-mercedes-2\/#main\" data-orig-file=\"https:\/\/www.hoymercedes.com.ar\/principal\/wp-content\/uploads\/2024\/09\/SociedadDeFomento-Almafuerte-Mercedes-1.jpg\" data-orig-size=\"1280,960\" data-comments-opened=\"0\" data-image-meta=\"{&quot;aperture&quot;:&quot;0&quot;,&quot;credit&quot;:&quot;&quot;,&quot;camera&quot;:&quot;&quot;,&quot;caption&quot;:&quot;&quot;,&quot;created_timestamp&quot;:&quot;0&quot;,&quot;copyright&quot;:&quot;&quot;,&quot;focal_length&quot;:&quot;0&quot;,&quot;iso&quot;:&quot;0&quot;,&quot;shutter_speed&quot;:&quot;0&quot;,&quot;title&quot;:&quot;&quot;,&quot;orientation&quot;:&quot;0&quot;}\" data-image-title=\"SociedadDeFomento-Almafuerte-Mercedes\" data-image-description=\"\" data-image-caption=\"\" data-large-file=\"https:\/\/www.hoymercedes.com.ar\/principal\/wp-content\/uploads\/2024\/09\/SociedadDeFomento-Almafuerte-Mercedes-1-1024x768.jpg\" src=\"https:\/\/www.hoymercedes.com.ar\/principal\/wp-content\/uploads\/2024\/09\/SociedadDeFomento-Almafuerte-Mercedes-1-1024x768.jpg\" alt=\"Con 63.2% Cristina se convirti\u00f3 en presidenta del Almafuerte\n\" class=\"wp-image-178997\" srcset=\"https:\/\/www.hoymercedes.com.ar\/principal\/wp-content\/uploads\/2024\/09\/SociedadDeFomento-Almafuerte-Mercedes-1-1024x768.jpg 1024w, https:\/\/www.hoymercedes.com.ar\/principal\/wp-content\/uploads\/2024\/09\/SociedadDeFomento-Almafuerte-Mercedes-1-630x473.jpg 630w, https:\/\/www.hoymercedes.com.ar\/principal\/wp-content\/uploads\/2024\/09\/SociedadDeFomento-Almafuerte-Mercedes-1-150x113.jpg 150w, https:\/\/www.hoymercedes.com.ar\/principal\/wp-content\/uploads\/2024\/09\/SociedadDeFomento-Almafuerte-Mercedes-1.jpg 1280w\" sizes=\"auto, (max-width: 1024px) 100vw, 1024px\" \/><\/figure>\n\n\n\n<p>Cristina Diez se convirti\u00f3 en la flamante presidenta del barrio Almafuerte al obtener m\u00e1s de cien votos junto a la lista que la acompa\u00f1aba en la elecci\u00f3n barrial vivida este domingo. La f\u00f3rmula contrincante estuvo encabezada por Ana Amelia Parodi y obtuvo el 36.8% de los sufragios.<\/p>\n\n\n\n<p>En una jornada tranquila, pero con mucha alegr\u00eda, se celebr\u00f3 un nuevo y valioso acto electoral en el Almafuerte.<\/p>\n\n\n\n<p>En esta ocasi\u00f3n dos listas se disputaban la conducci\u00f3n del nuevo mandato de la Sociedad de Fomento.<\/p>\n\n\n\n<p>Fueron 158 vecinos representando a las familias a votar, quedando 63.2% contra 36.8%.<\/p>\n\n\n\n<p>La lista ganadora estaba conformada por Mar\u00eda Cristina Diez como candidata a presidenta, acompa\u00f1ada de:<\/p>\n\n\n\n<p>Secretaria General: Wimbay, Silvia Fernanda<\/p>\n\n\n\n<ul class=\"wp-block-list\">\n<li>Secretaria de Actas: Ag\u00fcero, Mar\u00eda Mercedes<\/li>\n\n\n\n<li>Tesorero: L\u00f3pez, Marcelo Daniel<\/li>\n\n\n\n<li>Vocal Titular 1: Albornoz, Flavia Daniela<\/li>\n\n\n\n<li>Vocal Titular 2: Mansilla, J\u00e9sica Daniela<\/li>\n\n\n\n<li>Vocal Titular 3: S\u00e1nchez, Claudio Gast\u00f3n<\/li>\n\n\n\n<li>Vocal Suplente 1: Gonz\u00e1lez, Andrea Paola<\/li>\n\n\n\n<li>Vocal Suplente 2: Medina, Jos\u00e9 Santos<\/li>\n\n\n\n<li>Vocal Suplente 3: Manfiras, Florencia Estefan\u00eda<\/li>\n\n\n\n<li>Revisora de Cuentas Titular 1: Ullua, Marilina Beatriz<\/li>\n\n\n\n<li>Revisor de Cuentas Titular 2: Chaves, Hugo Horacio<\/li>\n\n\n\n<li>Revisor de Cuentas Suplente 1: P\u00e9rez, Marcelo Dar\u00edo Ram\u00f3n<\/li>\n\n\n\n<li>Revisor de Cuentas Suplente 2: Muhlberger, Roberto Adolfo<\/li>\n<\/ul>\n\n\n\n<p>Por su parte, la lista de Parodi estaba acompa\u00f1ada de:<\/p>\n\n\n\n<p>Secretaria General: Su\u00e1rez, Luis<\/p>\n\n\n\n<ul class=\"wp-block-list\">\n<li>Secretaria de Actas: Rojas Soledad<\/li>\n\n\n\n<li>Tesorero: Ponce Roberto<\/li>\n\n\n\n<li>Vocal Titular 1: Silva Guillermo<\/li>\n\n\n\n<li>Vocal Titular 2: Rojas Andres<\/li>\n\n\n\n<li>Vocal Titular 3: Tagua Juan<\/li>\n\n\n\n<li>Vocal Suplente 1: L\u00e9rtora Cristina<\/li>\n\n\n\n<li>Vocal Suplente 2: Maridana Carlos<\/li>\n\n\n\n<li>Vocal Suplente 3: Su\u00e1rez Silvia<\/li>\n\n\n\n<li>Revisora de Cuentas Titular 1: P\u00e9rez Miguel<\/li>\n\n\n\n<li>Revisor de Cuentas Titular 2: Ayala C\u00e9sar<\/li>\n\n\n\n<li>Revisor de Cuentas Suplente 1: Real Fabiana<\/li>\n\n\n\n<li>Revisor de Cuentas Suplente 2: Garcia Gisela<\/li>\n<\/ul>\n","protected":false},"excerpt":{"rendered":"<p>Cristina Diez se convirti\u00f3 en la flamante presidenta del barrio Almafuerte al obtener m\u00e1s de cien votos junto a la &#8230; <a title=\"Cristina Diez gan\u00f3 elecciones en el Almafuerte\" class=\"read-more\" href=\"https:\/\/www.hoymercedes.com.ar\/principal\/2024\/09\/23\/cristina-diez-gano-elecciones-en-el-almafuerte\/\" aria-label=\"Leer m\u00e1s sobre Cristina Diez gan\u00f3 elecciones en el Almafuerte\">Leer m\u00e1s<\/a><\/p>\n","protected":false},"author":1,"featured_media":178996,"comment_status":"closed","ping_status":"open","sticky":false,"template":"","format":"standard","meta":{"_monsterinsights_skip_tracking":false,"_monsterinsights_sitenote_active":false,"_monsterinsights_sitenote_note":"","_monsterinsights_sitenote_category":0,"jetpack_post_was_ever_published":false,"_jetpack_newsletter_access":"","_jetpack_dont_email_post_to_subs":false,"_jetpack_newsletter_tier_id":0,"_jetpack_memberships_contains_paywalled_content":false,"_jetpack_memberships_contains_paid_content":false,"footnotes":"","jetpack_publicize_message":"","jetpack_publicize_feature_enabled":true,"jetpack_social_post_already_shared":true,"jetpack_social_options":{"image_generator_settings":{"template":"highway","default_image_id":0,"font":"","enabled":false},"version":2},"_wpas_customize_per_network":false},"categories":[8],"tags":[],"class_list":["post-178995","post","type-post","status-publish","format-standard","has-post-thumbnail","hentry","category-sociedad","generate-columns","tablet-grid-50","mobile-grid-100","grid-parent","grid-50"],"jetpack_publicize_connections":[],"jetpack_featured_media_url":"https:\/\/www.hoymercedes.com.ar\/principal\/wp-content\/uploads\/2024\/09\/SociedadDeFomento-Almafuerte-Mercedes.jpg","wps_subtitle":"Elecciones barriales","jetpack_sharing_enabled":true,"_links":{"self":[{"href":"https:\/\/www.hoymercedes.com.ar\/principal\/wp-json\/wp\/v2\/posts\/178995","targetHints":{"allow":["GET"]}}],"collection":[{"href":"https:\/\/www.hoymercedes.com.ar\/principal\/wp-json\/wp\/v2\/posts"}],"about":[{"href":"https:\/\/www.hoymercedes.com.ar\/principal\/wp-json\/wp\/v2\/types\/post"}],"author":[{"embeddable":true,"href":"https:\/\/www.hoymercedes.com.ar\/principal\/wp-json\/wp\/v2\/users\/1"}],"replies":[{"embeddable":true,"href":"https:\/\/www.hoymercedes.com.ar\/principal\/wp-json\/wp\/v2\/comments?post=178995"}],"version-history":[{"count":0,"href":"https:\/\/www.hoymercedes.com.ar\/principal\/wp-json\/wp\/v2\/posts\/178995\/revisions"}],"wp:featuredmedia":[{"embeddable":true,"href":"https:\/\/www.hoymercedes.com.ar\/principal\/wp-json\/wp\/v2\/media\/178996"}],"wp:attachment":[{"href":"https:\/\/www.hoymercedes.com.ar\/principal\/wp-json\/wp\/v2\/media?parent=178995"}],"wp:term":[{"taxonomy":"category","embeddable":true,"href":"https:\/\/www.hoymercedes.com.ar\/principal\/wp-json\/wp\/v2\/categories?post=178995"},{"taxonomy":"post_tag","embeddable":true,"href":"https:\/\/www.hoymercedes.com.ar\/principal\/wp-json\/wp\/v2\/tags?post=178995"}],"curies":[{"name":"wp","href":"https:\/\/api.w.org\/{rel}","templated":true}]}}