{"id":179026,"date":"2024-09-24T14:16:14","date_gmt":"2024-09-24T17:16:14","guid":{"rendered":"https:\/\/www.hoymercedes.com.ar\/principal\/?p=179026"},"modified":"2024-09-24T14:16:14","modified_gmt":"2024-09-24T17:16:14","slug":"elecciones-en-barrio-obrero-con-lista-de-unidad","status":"publish","type":"post","link":"https:\/\/www.hoymercedes.com.ar\/principal\/2024\/09\/24\/elecciones-en-barrio-obrero-con-lista-de-unidad\/","title":{"rendered":"Elecciones en barrio Obrero con lista de unidad"},"content":{"rendered":"\n<figure class=\"wp-block-image size-large\"><img loading=\"lazy\" decoding=\"async\" width=\"1024\" height=\"576\" data-attachment-id=\"179027\" data-permalink=\"https:\/\/www.hoymercedes.com.ar\/principal\/2024\/09\/24\/elecciones-en-barrio-obrero-con-lista-de-unidad\/barrioobrero\/#main\" data-orig-file=\"https:\/\/www.hoymercedes.com.ar\/principal\/wp-content\/uploads\/2024\/09\/BarrioObrero.jpg\" data-orig-size=\"1600,900\" data-comments-opened=\"0\" data-image-meta=\"{&quot;aperture&quot;:&quot;0&quot;,&quot;credit&quot;:&quot;&quot;,&quot;camera&quot;:&quot;&quot;,&quot;caption&quot;:&quot;&quot;,&quot;created_timestamp&quot;:&quot;0&quot;,&quot;copyright&quot;:&quot;&quot;,&quot;focal_length&quot;:&quot;0&quot;,&quot;iso&quot;:&quot;0&quot;,&quot;shutter_speed&quot;:&quot;0&quot;,&quot;title&quot;:&quot;&quot;,&quot;orientation&quot;:&quot;0&quot;}\" data-image-title=\"BarrioObrero\" data-image-description=\"&lt;p&gt;Elecciones en barrio Obrero con lista de unidad&lt;\/p&gt;\n\" data-image-caption=\"&lt;p&gt;Elecciones en barrio Obrero con lista de unidad&lt;\/p&gt;\n\" data-large-file=\"https:\/\/www.hoymercedes.com.ar\/principal\/wp-content\/uploads\/2024\/09\/BarrioObrero-1024x576.jpg\" src=\"https:\/\/www.hoymercedes.com.ar\/principal\/wp-content\/uploads\/2024\/09\/BarrioObrero-1024x576.jpg\" alt=\"\" class=\"wp-image-179027\" srcset=\"https:\/\/www.hoymercedes.com.ar\/principal\/wp-content\/uploads\/2024\/09\/BarrioObrero-1024x576.jpg 1024w, https:\/\/www.hoymercedes.com.ar\/principal\/wp-content\/uploads\/2024\/09\/BarrioObrero-630x354.jpg 630w, https:\/\/www.hoymercedes.com.ar\/principal\/wp-content\/uploads\/2024\/09\/BarrioObrero-150x84.jpg 150w, https:\/\/www.hoymercedes.com.ar\/principal\/wp-content\/uploads\/2024\/09\/BarrioObrero-1536x864.jpg 1536w, https:\/\/www.hoymercedes.com.ar\/principal\/wp-content\/uploads\/2024\/09\/BarrioObrero.jpg 1600w\" sizes=\"auto, (max-width: 1024px) 100vw, 1024px\" \/><\/figure>\n\n\n\n<p>Este s\u00e1bado se llev\u00f3 adelante un nuevo acto electoral barrial para la elecci\u00f3n de la representaci\u00f3n vecinal que conducir\u00e1 la Sociedad de Fomento con miras a un nuevo mandato. Es destacable que hubo lista de unidad, algo muy valioso para exponer la vocaci\u00f3n de trabajo y gesti\u00f3n de las y los vecinos.<\/p>\n\n\n\n<p>En esta ocasi\u00f3n, con una importante participaci\u00f3n, se gener\u00f3 la nueva conformaci\u00f3n que ser\u00e1 la siguiente.<\/p>\n\n\n\n<p>\u00abEstamos muy felices por esta nueva oportunidad, vamos a trabajar mucho por los vecinos, por el barrio\u00bb contaron desde la flamante conducci\u00f3n de unidad.<\/p>\n\n\n\n<p>Presidente: M\u00f3nica B. Livares<br>Secretario: Eduardo J. Milla<br>Secretario Actas: Silvia A. Ju\u00e1rez<br>Tesorero: Micaela Mosca<br>1\u00b0 Vocal Titular: Miguel A. Milla<br>2\u00b0 Vocal Titular: Emiliano Ortiz<br>3\u00b0 Vocal Titular: Rosa Valoria<br>1\u00b0 Vocal Suplente: Norberto R. Camargo<br>2\u00b0 Vocal Suplente: Miriam Talavera<br>3\u00b0 Vocal Suplente: Mariana A. Maldonado<br>1\u00b0 Revisor Cuentas Titular: Fern\u00e1ndez, Ram\u00f3n<br>2\u00b0 Revisor Cuentas Titular: Mar\u00eda Rosa, Falabella<br>1\u00b0 Revisor Cuentas Sup.: Mar\u00eda de los \u00c1ngeles<br>2\u00b0 Revisor Cuentas Sup.: Enzo Arlt Enrique<\/p>\n","protected":false},"excerpt":{"rendered":"<p>Este s\u00e1bado se llev\u00f3 adelante un nuevo acto electoral barrial para la elecci\u00f3n de la representaci\u00f3n vecinal que conducir\u00e1 la &#8230; <a title=\"Elecciones en barrio Obrero con lista de unidad\" class=\"read-more\" href=\"https:\/\/www.hoymercedes.com.ar\/principal\/2024\/09\/24\/elecciones-en-barrio-obrero-con-lista-de-unidad\/\" aria-label=\"Leer m\u00e1s sobre Elecciones en barrio Obrero con lista de unidad\">Leer m\u00e1s<\/a><\/p>\n","protected":false},"author":1,"featured_media":179027,"comment_status":"closed","ping_status":"open","sticky":false,"template":"","format":"standard","meta":{"_monsterinsights_skip_tracking":false,"_monsterinsights_sitenote_active":false,"_monsterinsights_sitenote_note":"","_monsterinsights_sitenote_category":0,"jetpack_post_was_ever_published":false,"_jetpack_newsletter_access":"","_jetpack_dont_email_post_to_subs":false,"_jetpack_newsletter_tier_id":0,"_jetpack_memberships_contains_paywalled_content":false,"_jetpack_memberships_contains_paid_content":false,"footnotes":"","jetpack_publicize_message":"","jetpack_publicize_feature_enabled":true,"jetpack_social_post_already_shared":true,"jetpack_social_options":{"image_generator_settings":{"template":"highway","default_image_id":0,"font":"","enabled":false},"version":2},"_wpas_customize_per_network":false},"categories":[8],"tags":[],"class_list":["post-179026","post","type-post","status-publish","format-standard","has-post-thumbnail","hentry","category-sociedad","generate-columns","tablet-grid-50","mobile-grid-100","grid-parent","grid-50"],"jetpack_publicize_connections":[],"jetpack_featured_media_url":"https:\/\/www.hoymercedes.com.ar\/principal\/wp-content\/uploads\/2024\/09\/BarrioObrero.jpg","wps_subtitle":"","jetpack_sharing_enabled":true,"_links":{"self":[{"href":"https:\/\/www.hoymercedes.com.ar\/principal\/wp-json\/wp\/v2\/posts\/179026","targetHints":{"allow":["GET"]}}],"collection":[{"href":"https:\/\/www.hoymercedes.com.ar\/principal\/wp-json\/wp\/v2\/posts"}],"about":[{"href":"https:\/\/www.hoymercedes.com.ar\/principal\/wp-json\/wp\/v2\/types\/post"}],"author":[{"embeddable":true,"href":"https:\/\/www.hoymercedes.com.ar\/principal\/wp-json\/wp\/v2\/users\/1"}],"replies":[{"embeddable":true,"href":"https:\/\/www.hoymercedes.com.ar\/principal\/wp-json\/wp\/v2\/comments?post=179026"}],"version-history":[{"count":0,"href":"https:\/\/www.hoymercedes.com.ar\/principal\/wp-json\/wp\/v2\/posts\/179026\/revisions"}],"wp:featuredmedia":[{"embeddable":true,"href":"https:\/\/www.hoymercedes.com.ar\/principal\/wp-json\/wp\/v2\/media\/179027"}],"wp:attachment":[{"href":"https:\/\/www.hoymercedes.com.ar\/principal\/wp-json\/wp\/v2\/media?parent=179026"}],"wp:term":[{"taxonomy":"category","embeddable":true,"href":"https:\/\/www.hoymercedes.com.ar\/principal\/wp-json\/wp\/v2\/categories?post=179026"},{"taxonomy":"post_tag","embeddable":true,"href":"https:\/\/www.hoymercedes.com.ar\/principal\/wp-json\/wp\/v2\/tags?post=179026"}],"curies":[{"name":"wp","href":"https:\/\/api.w.org\/{rel}","templated":true}]}}