{"id":179041,"date":"2024-09-24T22:00:29","date_gmt":"2024-09-25T01:00:29","guid":{"rendered":"https:\/\/www.hoymercedes.com.ar\/principal\/?p=179041"},"modified":"2024-09-24T22:00:30","modified_gmt":"2024-09-25T01:00:30","slug":"jubilados-expusieron-su-critica-situacion-en-plaza-san-luis","status":"publish","type":"post","link":"https:\/\/www.hoymercedes.com.ar\/principal\/2024\/09\/24\/jubilados-expusieron-su-critica-situacion-en-plaza-san-luis\/","title":{"rendered":"Jubilados expusieron su cr\u00edtica situaci\u00f3n en Plaza San Lu\u00eds"},"content":{"rendered":"\n<figure class=\"wp-block-image size-large\"><img loading=\"lazy\" decoding=\"async\" width=\"1024\" height=\"576\" data-attachment-id=\"179042\" data-permalink=\"https:\/\/www.hoymercedes.com.ar\/principal\/2024\/09\/24\/jubilados-expusieron-su-critica-situacion-en-plaza-san-luis\/jubilados-plazasanluis\/#main\" data-orig-file=\"https:\/\/www.hoymercedes.com.ar\/principal\/wp-content\/uploads\/2024\/09\/Jubilados-PlazaSanLuis.jpg\" data-orig-size=\"1280,720\" data-comments-opened=\"0\" data-image-meta=\"{&quot;aperture&quot;:&quot;0&quot;,&quot;credit&quot;:&quot;&quot;,&quot;camera&quot;:&quot;&quot;,&quot;caption&quot;:&quot;&quot;,&quot;created_timestamp&quot;:&quot;0&quot;,&quot;copyright&quot;:&quot;&quot;,&quot;focal_length&quot;:&quot;0&quot;,&quot;iso&quot;:&quot;0&quot;,&quot;shutter_speed&quot;:&quot;0&quot;,&quot;title&quot;:&quot;&quot;,&quot;orientation&quot;:&quot;0&quot;}\" data-image-title=\"Jubilados-PlazaSanLuis\" data-image-description=\"&lt;p&gt;Jubilados expusieron su cr\u00edtica situaci\u00f3n en Plaza San Lu\u00eds&lt;\/p&gt;\n\" data-image-caption=\"&lt;p&gt;Jubilados expusieron su cr\u00edtica situaci\u00f3n en Plaza San Lu\u00eds&lt;\/p&gt;\n\" data-large-file=\"https:\/\/www.hoymercedes.com.ar\/principal\/wp-content\/uploads\/2024\/09\/Jubilados-PlazaSanLuis-1024x576.jpg\" src=\"https:\/\/www.hoymercedes.com.ar\/principal\/wp-content\/uploads\/2024\/09\/Jubilados-PlazaSanLuis-1024x576.jpg\" alt=\"Jubilados expusieron su cr\u00edtica situaci\u00f3n en Plaza San Lu\u00eds\" class=\"wp-image-179042\" srcset=\"https:\/\/www.hoymercedes.com.ar\/principal\/wp-content\/uploads\/2024\/09\/Jubilados-PlazaSanLuis-1024x576.jpg 1024w, https:\/\/www.hoymercedes.com.ar\/principal\/wp-content\/uploads\/2024\/09\/Jubilados-PlazaSanLuis-630x354.jpg 630w, https:\/\/www.hoymercedes.com.ar\/principal\/wp-content\/uploads\/2024\/09\/Jubilados-PlazaSanLuis-150x84.jpg 150w, https:\/\/www.hoymercedes.com.ar\/principal\/wp-content\/uploads\/2024\/09\/Jubilados-PlazaSanLuis.jpg 1280w\" sizes=\"auto, (max-width: 1024px) 100vw, 1024px\" \/><\/figure>\n\n\n\n<p>Jubilados y Pensionados de Mercedes retomaron su acciones para poner en conocimiento de toda la poblaci\u00f3n del dif\u00edcil situaci\u00f3n que viven desde el arribo del gobierno de Milei, qui\u00e9n ha vetado el aumento, sacado medicamento y<a href=\"https:\/\/www.hoymercedes.com.ar\/principal\/2024\/09\/13\/realizan-abrazo-al-pami-para-pedir-dejen-de-recortar-medicamentos\/\"><strong> prestaciones desde PAMI.<\/strong><\/a><\/p>\n\n\n\n<p>Ya han tenido acciones de visibilizaci\u00f3n en Plaza San Mart\u00edn, en Concejo Deliberante y ahora lleg\u00f3 el turno de Plaza San Lu\u00eds.<\/p>\n\n\n\n<p>Los centros de jubilados y pensionados recolectan firmas y adhesiones en su lucha porque el veto les ha afectado el pobre aumento que iban a recibir, adem\u00e1s de ser el sector que m\u00e1s ha sufrido el ajuste.<\/p>\n\n\n\n<p>Este martes, como viene siendo \u00faltimamente el d\u00eda elegido, se encontraron en Plaza San Lu\u00eds.<\/p>\n","protected":false},"excerpt":{"rendered":"<p>Jubilados y Pensionados de Mercedes retomaron su acciones para poner en conocimiento de toda la poblaci\u00f3n del dif\u00edcil situaci\u00f3n que &#8230; <a title=\"Jubilados expusieron su cr\u00edtica situaci\u00f3n en Plaza San Lu\u00eds\" class=\"read-more\" href=\"https:\/\/www.hoymercedes.com.ar\/principal\/2024\/09\/24\/jubilados-expusieron-su-critica-situacion-en-plaza-san-luis\/\" aria-label=\"Leer m\u00e1s sobre Jubilados expusieron su cr\u00edtica situaci\u00f3n en Plaza San Lu\u00eds\">Leer m\u00e1s<\/a><\/p>\n","protected":false},"author":1,"featured_media":179042,"comment_status":"closed","ping_status":"open","sticky":false,"template":"","format":"standard","meta":{"_monsterinsights_skip_tracking":false,"_monsterinsights_sitenote_active":false,"_monsterinsights_sitenote_note":"","_monsterinsights_sitenote_category":0,"jetpack_post_was_ever_published":false,"_jetpack_newsletter_access":"","_jetpack_dont_email_post_to_subs":false,"_jetpack_newsletter_tier_id":0,"_jetpack_memberships_contains_paywalled_content":false,"_jetpack_memberships_contains_paid_content":false,"footnotes":"","jetpack_publicize_message":"","jetpack_publicize_feature_enabled":true,"jetpack_social_post_already_shared":true,"jetpack_social_options":{"image_generator_settings":{"template":"highway","default_image_id":0,"font":"","enabled":false},"version":2},"_wpas_customize_per_network":false},"categories":[8],"tags":[],"class_list":["post-179041","post","type-post","status-publish","format-standard","has-post-thumbnail","hentry","category-sociedad","generate-columns","tablet-grid-50","mobile-grid-100","grid-parent","grid-50"],"jetpack_publicize_connections":[],"jetpack_featured_media_url":"https:\/\/www.hoymercedes.com.ar\/principal\/wp-content\/uploads\/2024\/09\/Jubilados-PlazaSanLuis.jpg","wps_subtitle":"Ajuste a los m\u00e1s d\u00e9biles ","jetpack_sharing_enabled":true,"_links":{"self":[{"href":"https:\/\/www.hoymercedes.com.ar\/principal\/wp-json\/wp\/v2\/posts\/179041","targetHints":{"allow":["GET"]}}],"collection":[{"href":"https:\/\/www.hoymercedes.com.ar\/principal\/wp-json\/wp\/v2\/posts"}],"about":[{"href":"https:\/\/www.hoymercedes.com.ar\/principal\/wp-json\/wp\/v2\/types\/post"}],"author":[{"embeddable":true,"href":"https:\/\/www.hoymercedes.com.ar\/principal\/wp-json\/wp\/v2\/users\/1"}],"replies":[{"embeddable":true,"href":"https:\/\/www.hoymercedes.com.ar\/principal\/wp-json\/wp\/v2\/comments?post=179041"}],"version-history":[{"count":0,"href":"https:\/\/www.hoymercedes.com.ar\/principal\/wp-json\/wp\/v2\/posts\/179041\/revisions"}],"wp:featuredmedia":[{"embeddable":true,"href":"https:\/\/www.hoymercedes.com.ar\/principal\/wp-json\/wp\/v2\/media\/179042"}],"wp:attachment":[{"href":"https:\/\/www.hoymercedes.com.ar\/principal\/wp-json\/wp\/v2\/media?parent=179041"}],"wp:term":[{"taxonomy":"category","embeddable":true,"href":"https:\/\/www.hoymercedes.com.ar\/principal\/wp-json\/wp\/v2\/categories?post=179041"},{"taxonomy":"post_tag","embeddable":true,"href":"https:\/\/www.hoymercedes.com.ar\/principal\/wp-json\/wp\/v2\/tags?post=179041"}],"curies":[{"name":"wp","href":"https:\/\/api.w.org\/{rel}","templated":true}]}}