{"id":179071,"date":"2024-09-26T08:53:04","date_gmt":"2024-09-26T11:53:04","guid":{"rendered":"https:\/\/www.hoymercedes.com.ar\/principal\/?p=179071"},"modified":"2024-09-26T08:54:40","modified_gmt":"2024-09-26T11:54:40","slug":"nuevos-matriculados-juraron-en-abogados","status":"publish","type":"post","link":"https:\/\/www.hoymercedes.com.ar\/principal\/2024\/09\/26\/nuevos-matriculados-juraron-en-abogados\/","title":{"rendered":"Nuevos matriculados juraron en Abogados"},"content":{"rendered":"\n<p>D\u00edas atr\u00e1s, el Colegio de Abogados del Depto. Judicial Mercedes tom\u00f3 juramento a nuevos matriculados en la instituci\u00f3n. El acto fue encabezado por el Dr. Hern\u00e1n Alberto Salaverri, presidente del Colegio y el Dr. Franco Rosello, Prosecretario.<\/p>\n\n\n<div class=\"wp-block-image\">\n<figure class=\"aligncenter size-full\"><img loading=\"lazy\" decoding=\"async\" width=\"800\" height=\"413\" data-attachment-id=\"179072\" data-permalink=\"https:\/\/www.hoymercedes.com.ar\/principal\/2024\/09\/26\/nuevos-matriculados-juraron-en-abogados\/matriculados-2024-09-25\/#main\" data-orig-file=\"https:\/\/www.hoymercedes.com.ar\/principal\/wp-content\/uploads\/2024\/09\/MATRICULADOS-2024-09-25.jpg\" data-orig-size=\"800,413\" data-comments-opened=\"0\" data-image-meta=\"{&quot;aperture&quot;:&quot;0&quot;,&quot;credit&quot;:&quot;&quot;,&quot;camera&quot;:&quot;&quot;,&quot;caption&quot;:&quot;&quot;,&quot;created_timestamp&quot;:&quot;1727271760&quot;,&quot;copyright&quot;:&quot;&quot;,&quot;focal_length&quot;:&quot;0&quot;,&quot;iso&quot;:&quot;0&quot;,&quot;shutter_speed&quot;:&quot;0&quot;,&quot;title&quot;:&quot;&quot;,&quot;orientation&quot;:&quot;0&quot;}\" data-image-title=\"MATRICULADOS 2024 09 25\" data-image-description=\"\" data-image-caption=\"\" data-large-file=\"https:\/\/www.hoymercedes.com.ar\/principal\/wp-content\/uploads\/2024\/09\/MATRICULADOS-2024-09-25.jpg\" src=\"https:\/\/www.hoymercedes.com.ar\/principal\/wp-content\/uploads\/2024\/09\/MATRICULADOS-2024-09-25.jpg\" alt=\"\" class=\"wp-image-179072\" srcset=\"https:\/\/www.hoymercedes.com.ar\/principal\/wp-content\/uploads\/2024\/09\/MATRICULADOS-2024-09-25.jpg 800w, https:\/\/www.hoymercedes.com.ar\/principal\/wp-content\/uploads\/2024\/09\/MATRICULADOS-2024-09-25-630x325.jpg 630w, https:\/\/www.hoymercedes.com.ar\/principal\/wp-content\/uploads\/2024\/09\/MATRICULADOS-2024-09-25-150x77.jpg 150w\" sizes=\"auto, (max-width: 800px) 100vw, 800px\" \/><\/figure>\n<\/div>\n\n\n<p>En un concurrido evento celebrado en el Sal\u00f3n de Actos \u00abDr. Arturo Acu\u00f1a Anzorena\u00bb del Colegio de Abogados del Departamento Judicial de Mercedes, se llev\u00f3 a cabo la ceremonia de jura de los nuevos colegiados. <\/p>\n\n\n\n<p>Prestaron juramento los doctores Mat\u00edas Leandro Chiappuzzo, Marcelo Daniel Fern\u00e1ndez, Ernesto El\u00edas Montesano, Alejandro Fernando Pacheco, Bautista Sartori, Gustavo Mart\u00edn Alonso, Wendy Paula Capostrini, Sabrina Soledad Mosca, Roc\u00edo Laura Redondo, Walter Alexis Zapico, Martina Soledad Garc\u00eda, Marcos Iv\u00e1n Maximiliano Marveggio y Cristian Alfredo Meli. <\/p>\n\n\n\n<p>Cada uno de ellos se aproxim\u00f3 al escenario del sal\u00f3n de actos del Colegio departamental para formalizar la firma y recibir sus respectivos diplomas.<\/p>\n\n\n\n<p>El Dr. Salaverri brind\u00f3 unas reflexivas palabras de bienvenida, agradeciendo hacia los reci\u00e9n matriculados por haber elegido inscribirse en nuestra jurisdicci\u00f3n.<\/p>\n\n\n\n<p>Fuente: Prensa CADJMercedes<\/p>\n","protected":false},"excerpt":{"rendered":"<p>D\u00edas atr\u00e1s, el Colegio de Abogados del Depto. Judicial Mercedes tom\u00f3 juramento a nuevos matriculados en la instituci\u00f3n. El acto &#8230; <a title=\"Nuevos matriculados juraron en Abogados\" class=\"read-more\" href=\"https:\/\/www.hoymercedes.com.ar\/principal\/2024\/09\/26\/nuevos-matriculados-juraron-en-abogados\/\" aria-label=\"Leer m\u00e1s sobre Nuevos matriculados juraron en Abogados\">Leer m\u00e1s<\/a><\/p>\n","protected":false},"author":1,"featured_media":179072,"comment_status":"closed","ping_status":"open","sticky":false,"template":"","format":"standard","meta":{"_monsterinsights_skip_tracking":false,"_monsterinsights_sitenote_active":false,"_monsterinsights_sitenote_note":"","_monsterinsights_sitenote_category":0,"jetpack_post_was_ever_published":false,"_jetpack_newsletter_access":"","_jetpack_dont_email_post_to_subs":false,"_jetpack_newsletter_tier_id":0,"_jetpack_memberships_contains_paywalled_content":false,"_jetpack_memberships_contains_paid_content":false,"footnotes":"","jetpack_publicize_message":"","jetpack_publicize_feature_enabled":true,"jetpack_social_post_already_shared":true,"jetpack_social_options":{"image_generator_settings":{"template":"highway","default_image_id":0,"font":"","enabled":false},"version":2},"_wpas_customize_per_network":false},"categories":[8],"tags":[],"class_list":["post-179071","post","type-post","status-publish","format-standard","has-post-thumbnail","hentry","category-sociedad","generate-columns","tablet-grid-50","mobile-grid-100","grid-parent","grid-50"],"jetpack_publicize_connections":[],"jetpack_featured_media_url":"https:\/\/www.hoymercedes.com.ar\/principal\/wp-content\/uploads\/2024\/09\/MATRICULADOS-2024-09-25.jpg","wps_subtitle":"","jetpack_sharing_enabled":true,"_links":{"self":[{"href":"https:\/\/www.hoymercedes.com.ar\/principal\/wp-json\/wp\/v2\/posts\/179071","targetHints":{"allow":["GET"]}}],"collection":[{"href":"https:\/\/www.hoymercedes.com.ar\/principal\/wp-json\/wp\/v2\/posts"}],"about":[{"href":"https:\/\/www.hoymercedes.com.ar\/principal\/wp-json\/wp\/v2\/types\/post"}],"author":[{"embeddable":true,"href":"https:\/\/www.hoymercedes.com.ar\/principal\/wp-json\/wp\/v2\/users\/1"}],"replies":[{"embeddable":true,"href":"https:\/\/www.hoymercedes.com.ar\/principal\/wp-json\/wp\/v2\/comments?post=179071"}],"version-history":[{"count":0,"href":"https:\/\/www.hoymercedes.com.ar\/principal\/wp-json\/wp\/v2\/posts\/179071\/revisions"}],"wp:featuredmedia":[{"embeddable":true,"href":"https:\/\/www.hoymercedes.com.ar\/principal\/wp-json\/wp\/v2\/media\/179072"}],"wp:attachment":[{"href":"https:\/\/www.hoymercedes.com.ar\/principal\/wp-json\/wp\/v2\/media?parent=179071"}],"wp:term":[{"taxonomy":"category","embeddable":true,"href":"https:\/\/www.hoymercedes.com.ar\/principal\/wp-json\/wp\/v2\/categories?post=179071"},{"taxonomy":"post_tag","embeddable":true,"href":"https:\/\/www.hoymercedes.com.ar\/principal\/wp-json\/wp\/v2\/tags?post=179071"}],"curies":[{"name":"wp","href":"https:\/\/api.w.org\/{rel}","templated":true}]}}