{"id":179081,"date":"2024-09-26T18:27:03","date_gmt":"2024-09-26T21:27:03","guid":{"rendered":"https:\/\/www.hoymercedes.com.ar\/principal\/?p=179081"},"modified":"2024-09-26T18:27:05","modified_gmt":"2024-09-26T21:27:05","slug":"mas-de-500-estudiantes-pasaron-por-expo-orientacion-educativa","status":"publish","type":"post","link":"https:\/\/www.hoymercedes.com.ar\/principal\/2024\/09\/26\/mas-de-500-estudiantes-pasaron-por-expo-orientacion-educativa\/","title":{"rendered":"M\u00e1s de 500 estudiantes pasaron por Expo Orientaci\u00f3n Educativa"},"content":{"rendered":"\n<figure class=\"wp-block-image size-large\"><img loading=\"lazy\" decoding=\"async\" width=\"1024\" height=\"682\" data-attachment-id=\"179082\" data-permalink=\"https:\/\/www.hoymercedes.com.ar\/principal\/2024\/09\/26\/mas-de-500-estudiantes-pasaron-por-expo-orientacion-educativa\/expoorientativa-municipalidad-3\/#main\" data-orig-file=\"https:\/\/www.hoymercedes.com.ar\/principal\/wp-content\/uploads\/2024\/09\/ExpoOrientativa-Municipalidad.3.jpg\" data-orig-size=\"1319,879\" data-comments-opened=\"0\" data-image-meta=\"{&quot;aperture&quot;:&quot;0&quot;,&quot;credit&quot;:&quot;&quot;,&quot;camera&quot;:&quot;&quot;,&quot;caption&quot;:&quot;&quot;,&quot;created_timestamp&quot;:&quot;0&quot;,&quot;copyright&quot;:&quot;&quot;,&quot;focal_length&quot;:&quot;0&quot;,&quot;iso&quot;:&quot;0&quot;,&quot;shutter_speed&quot;:&quot;0&quot;,&quot;title&quot;:&quot;&quot;,&quot;orientation&quot;:&quot;0&quot;}\" data-image-title=\"ExpoOrientativa-Municipalidad.3\" data-image-description=\"&lt;p&gt;M\u00e1s de 500 estudiantes pasaron por Expo Orientaci\u00f3n Educativa&lt;\/p&gt;\n\" data-image-caption=\"&lt;p&gt;M\u00e1s de 500 estudiantes pasaron por Expo Orientaci\u00f3n Educativa&lt;\/p&gt;\n\" data-large-file=\"https:\/\/www.hoymercedes.com.ar\/principal\/wp-content\/uploads\/2024\/09\/ExpoOrientativa-Municipalidad.3-1024x682.jpg\" src=\"https:\/\/www.hoymercedes.com.ar\/principal\/wp-content\/uploads\/2024\/09\/ExpoOrientativa-Municipalidad.3-1024x682.jpg\" alt=\"\" class=\"wp-image-179082\" srcset=\"https:\/\/www.hoymercedes.com.ar\/principal\/wp-content\/uploads\/2024\/09\/ExpoOrientativa-Municipalidad.3-1024x682.jpg 1024w, https:\/\/www.hoymercedes.com.ar\/principal\/wp-content\/uploads\/2024\/09\/ExpoOrientativa-Municipalidad.3-630x420.jpg 630w, https:\/\/www.hoymercedes.com.ar\/principal\/wp-content\/uploads\/2024\/09\/ExpoOrientativa-Municipalidad.3-150x100.jpg 150w, https:\/\/www.hoymercedes.com.ar\/principal\/wp-content\/uploads\/2024\/09\/ExpoOrientativa-Municipalidad.3-700x465.jpg 700w, https:\/\/www.hoymercedes.com.ar\/principal\/wp-content\/uploads\/2024\/09\/ExpoOrientativa-Municipalidad.3.jpg 1319w\" sizes=\"auto, (max-width: 1024px) 100vw, 1024px\" \/><\/figure>\n\n\n\n<p>Cerca de 500 estudiantes de Mercedes participaron de la \u201cExpo Orientar Educativa\u201d. Hubo charlas, debate y exposici\u00f3n de universidades y terciarios de la regi\u00f3n. \u201cEstamos muy agradecidos a quienes han participado, tanto desde el lado de la oferta como desde el gran inter\u00e9s expresado por las y los estudiantes\u201d dijo Ustarroz. Fue en el Teatro Argentino.<\/p>\n\n\n\n<p><strong>Bienvenida<\/strong><\/p>\n\n\n\n<p>Leandro Dallas, de Orientar Educativa, fue el encargado de dar la bienvenida a las y los presentes. Fue en la sala A del teatro con un lleno total.<\/p>\n\n\n\n<p>Tambi\u00e9n tomaron la palabra desde el \u00e1rea de Empleo de la Municipalidad, la Secretar\u00eda de Educaci\u00f3n con su responsable Jos\u00e9 Lu\u00eds Pisano y desde Juventudes, con Francisco Deluca.<\/p>\n\n\n\n<figure class=\"wp-block-image size-large\"><img loading=\"lazy\" decoding=\"async\" width=\"1024\" height=\"682\" data-attachment-id=\"179083\" data-permalink=\"https:\/\/www.hoymercedes.com.ar\/principal\/2024\/09\/26\/mas-de-500-estudiantes-pasaron-por-expo-orientacion-educativa\/expoorientativa-municipalidad-2\/#main\" data-orig-file=\"https:\/\/www.hoymercedes.com.ar\/principal\/wp-content\/uploads\/2024\/09\/ExpoOrientativa-Municipalidad.2.jpg\" data-orig-size=\"1319,879\" data-comments-opened=\"0\" data-image-meta=\"{&quot;aperture&quot;:&quot;0&quot;,&quot;credit&quot;:&quot;&quot;,&quot;camera&quot;:&quot;&quot;,&quot;caption&quot;:&quot;&quot;,&quot;created_timestamp&quot;:&quot;0&quot;,&quot;copyright&quot;:&quot;&quot;,&quot;focal_length&quot;:&quot;0&quot;,&quot;iso&quot;:&quot;0&quot;,&quot;shutter_speed&quot;:&quot;0&quot;,&quot;title&quot;:&quot;&quot;,&quot;orientation&quot;:&quot;0&quot;}\" data-image-title=\"ExpoOrientativa-Municipalidad.2\" data-image-description=\"\" data-image-caption=\"\" data-large-file=\"https:\/\/www.hoymercedes.com.ar\/principal\/wp-content\/uploads\/2024\/09\/ExpoOrientativa-Municipalidad.2-1024x682.jpg\" src=\"https:\/\/www.hoymercedes.com.ar\/principal\/wp-content\/uploads\/2024\/09\/ExpoOrientativa-Municipalidad.2-1024x682.jpg\" alt=\"\" class=\"wp-image-179083\" srcset=\"https:\/\/www.hoymercedes.com.ar\/principal\/wp-content\/uploads\/2024\/09\/ExpoOrientativa-Municipalidad.2-1024x682.jpg 1024w, https:\/\/www.hoymercedes.com.ar\/principal\/wp-content\/uploads\/2024\/09\/ExpoOrientativa-Municipalidad.2-630x420.jpg 630w, https:\/\/www.hoymercedes.com.ar\/principal\/wp-content\/uploads\/2024\/09\/ExpoOrientativa-Municipalidad.2-150x100.jpg 150w, https:\/\/www.hoymercedes.com.ar\/principal\/wp-content\/uploads\/2024\/09\/ExpoOrientativa-Municipalidad.2-700x465.jpg 700w, https:\/\/www.hoymercedes.com.ar\/principal\/wp-content\/uploads\/2024\/09\/ExpoOrientativa-Municipalidad.2.jpg 1319w\" sizes=\"auto, (max-width: 1024px) 100vw, 1024px\" \/><\/figure>\n\n\n\n<p>Por su parte, el intendente Ustarroz agradeci\u00f3 y remarc\u00f3 \u201cla importancia de conocer, de informarse, de tener presente la amplia gama de oferta educativa terciaria y universitaria, de Mercedes y la regi\u00f3n, para que quienes terminan la secundaria puedan elegir aquello que m\u00e1s le guste e inter\u00e9s despierte\u201d y destac\u00f3 \u201cestas acciones, estas intervenciones inter institucionales permiten seguir construyendo una ciudad educadora\u201d manifest\u00f3 entre otros conceptos.<\/p>\n\n\n\n<p><strong>Expo<\/strong><\/p>\n\n\n\n<p>La participaci\u00f3n de instituciones educativas fue amplia. Entre ellas estuvieron Centro Universitario Mercedes, ISFT 189-Lujan, UTN- ISFTGSM, ITBA, UADE, UCA, Universidad de Mor\u00f3n, Universidad SXXI, Universidad de Luj\u00e1n, Universidad de San Antonio de Areco, Universidad Online, CFL 401, CFL 402, CFL 403, Escuela de Arte N\u00b02, Conservatorio N\u00b01, IFD 7, IFD 137, Oficina de empleo y de orientaci\u00f3n vocacional Municipal, Instituto Superior Ciudad de Mercedes, IFSDYT N\u00b07, IFSD N\u00b0137, Instituto Santo Cura de ARS.<\/p>\n\n\n\n<p><strong>Acciones<\/strong><\/p>\n\n\n\n<p>Desde el \u00e1rea de Juventudes, a cargo de Francisco Deluca, destacaron que \u201ces parte de las acciones que se viene y continuar\u00e1n desarrollando, desde test vocacionales a charlas y distribuci\u00f3n de informaci\u00f3n para que cada joven conozca toda la amplia oferta disponible para, si lo desea, seguir estudiando\u201d<\/p>\n\n\n\n<p><\/p>\n","protected":false},"excerpt":{"rendered":"<p>Cerca de 500 estudiantes de Mercedes participaron de la \u201cExpo Orientar Educativa\u201d. Hubo charlas, debate y exposici\u00f3n de universidades y &#8230; <a title=\"M\u00e1s de 500 estudiantes pasaron por Expo Orientaci\u00f3n Educativa\" class=\"read-more\" href=\"https:\/\/www.hoymercedes.com.ar\/principal\/2024\/09\/26\/mas-de-500-estudiantes-pasaron-por-expo-orientacion-educativa\/\" aria-label=\"Leer m\u00e1s sobre M\u00e1s de 500 estudiantes pasaron por Expo Orientaci\u00f3n Educativa\">Leer m\u00e1s<\/a><\/p>\n","protected":false},"author":1,"featured_media":179082,"comment_status":"closed","ping_status":"open","sticky":false,"template":"","format":"standard","meta":{"_monsterinsights_skip_tracking":false,"_monsterinsights_sitenote_active":false,"_monsterinsights_sitenote_note":"","_monsterinsights_sitenote_category":0,"jetpack_post_was_ever_published":false,"_jetpack_newsletter_access":"","_jetpack_dont_email_post_to_subs":false,"_jetpack_newsletter_tier_id":0,"_jetpack_memberships_contains_paywalled_content":false,"_jetpack_memberships_contains_paid_content":false,"footnotes":"","jetpack_publicize_message":"","jetpack_publicize_feature_enabled":true,"jetpack_social_post_already_shared":true,"jetpack_social_options":{"image_generator_settings":{"template":"highway","default_image_id":0,"font":"","enabled":false},"version":2},"_wpas_customize_per_network":false},"categories":[8],"tags":[],"class_list":["post-179081","post","type-post","status-publish","format-standard","has-post-thumbnail","hentry","category-sociedad","generate-columns","tablet-grid-50","mobile-grid-100","grid-parent","grid-50"],"jetpack_publicize_connections":[],"jetpack_featured_media_url":"https:\/\/www.hoymercedes.com.ar\/principal\/wp-content\/uploads\/2024\/09\/ExpoOrientativa-Municipalidad.3.jpg","wps_subtitle":"","jetpack_sharing_enabled":true,"_links":{"self":[{"href":"https:\/\/www.hoymercedes.com.ar\/principal\/wp-json\/wp\/v2\/posts\/179081","targetHints":{"allow":["GET"]}}],"collection":[{"href":"https:\/\/www.hoymercedes.com.ar\/principal\/wp-json\/wp\/v2\/posts"}],"about":[{"href":"https:\/\/www.hoymercedes.com.ar\/principal\/wp-json\/wp\/v2\/types\/post"}],"author":[{"embeddable":true,"href":"https:\/\/www.hoymercedes.com.ar\/principal\/wp-json\/wp\/v2\/users\/1"}],"replies":[{"embeddable":true,"href":"https:\/\/www.hoymercedes.com.ar\/principal\/wp-json\/wp\/v2\/comments?post=179081"}],"version-history":[{"count":0,"href":"https:\/\/www.hoymercedes.com.ar\/principal\/wp-json\/wp\/v2\/posts\/179081\/revisions"}],"wp:featuredmedia":[{"embeddable":true,"href":"https:\/\/www.hoymercedes.com.ar\/principal\/wp-json\/wp\/v2\/media\/179082"}],"wp:attachment":[{"href":"https:\/\/www.hoymercedes.com.ar\/principal\/wp-json\/wp\/v2\/media?parent=179081"}],"wp:term":[{"taxonomy":"category","embeddable":true,"href":"https:\/\/www.hoymercedes.com.ar\/principal\/wp-json\/wp\/v2\/categories?post=179081"},{"taxonomy":"post_tag","embeddable":true,"href":"https:\/\/www.hoymercedes.com.ar\/principal\/wp-json\/wp\/v2\/tags?post=179081"}],"curies":[{"name":"wp","href":"https:\/\/api.w.org\/{rel}","templated":true}]}}